{"id":51533,"date":"2025-10-28T03:15:15","date_gmt":"2025-10-28T06:15:15","guid":{"rendered":"https:\/\/mussicom.com\/eduardo-bolsonaro-tarifa-moraes-segue-em-vigor\/"},"modified":"2025-10-28T03:15:15","modified_gmt":"2025-10-28T06:15:15","slug":"eduardo-bolsonaro-tarifa-moraes-segue-em-vigor","status":"publish","type":"post","link":"https:\/\/mussicom.com\/noticias\/eduardo-bolsonaro-tarifa-moraes-segue-em-vigor\/","title":{"rendered":"Eduardo Bolsonaro: &#8220;Tarifa-Moraes&#8221; segue em vigor"},"content":{"rendered":"<p> <br \/>\n<\/p>\n<div>\n<p class=\"postParagraph_post-paragraph-innerHtml__Q5vwc\"><strong>&#8220;Nem tarifa tiraram&#8221;<\/strong>, pontuou o deputado federal Eduardo Bolsonaro (PL-SP) ao comentar a reuni\u00e3o entre o presidente do Brasil, Luiz In\u00e1cio Lula da Silva (PT) e o presidente dos Estados Unidos, Donald Trump. O coment\u00e1rio foi publicado no X, em postagem desta segunda-feira (27).<\/p>\n<p class=\"postParagraph_post-paragraph-innerHtml__Q5vwc\">Eduardo tamb\u00e9m lembrou dos vistos cancelados de autoridades brasileiras e das san\u00e7\u00f5es por meio da Lei Magnitsky, duas medidas que ainda est\u00e3o em vigor, apesar do encontro entre os presidentes. O deputado alega que nunca pediu tarifas contra o Brasil, mas que elas <strong>&#8220;vieram devido ao comportamento autorit\u00e1rio das institui\u00e7\u00f5es brasileiras&#8221;,<\/strong> e atribuiu a isso o fato de terem apelidado a al\u00edquota de &#8220;Tarifa-Moraes&#8221;.<\/p>\n<div class=\"postViewMore_post-view-more-container___5wai\" data-mrf-recirculation=\"Post - Veja tamb\u00e9m\">\n<p class=\"gp-styles-module-size-small-afeYRa gp-styles-module-font-family2-afeYRa gp-styles-module-color-secondary-afeYRa gp-styles-module-weight-bold-afeYRa\">VEJA TAMB\u00c9M:<\/p>\n<ul class=\"postViewMore_post-view-more-list__CU_CE\">\n<li class=\"postViewMore_post-view-more-item__2MzRb\"><span class=\"postViewMore_post-view-more-link-icon___stPC\"><svg xmlns=\"http:\/\/www.w3.org\/2000\/svg\" width=\"16\" height=\"16\" viewbox=\"0 0 16 16\"><rect width=\"16\" height=\"16\" fill=\"none\"\/><g transform=\"translate(3 3)\"><path d=\"M22.5,15l3.4,3.4-3.4,3.4\" transform=\"translate(-15.896 -11.793)\" fill=\"none\" stroke=\"#717171\" stroke-linecap=\"round\" stroke-width=\"1.4\"\/><path d=\"M6,6v4.2a2.452,2.452,0,0,0,2.5,2.4H16\" transform=\"translate(-6 -6)\" fill=\"none\" stroke=\"#717171\" stroke-linecap=\"round\" stroke-width=\"1.4\"\/><\/g><\/svg><\/span><span class=\"postViewMore_post-view-more-link-text__hO_kM\">Alckmin ataca Tarc\u00edsio e Eduardo e diz que apoiaram tarifa\u00e7o de Trump<\/span><\/li>\n<li class=\"postViewMore_post-view-more-item__2MzRb\"><span class=\"postViewMore_post-view-more-link-icon___stPC\"><svg xmlns=\"http:\/\/www.w3.org\/2000\/svg\" width=\"16\" height=\"16\" viewbox=\"0 0 16 16\"><rect width=\"16\" height=\"16\" fill=\"none\"\/><g transform=\"translate(3 3)\"><path d=\"M22.5,15l3.4,3.4-3.4,3.4\" transform=\"translate(-15.896 -11.793)\" fill=\"none\" stroke=\"#717171\" stroke-linecap=\"round\" stroke-width=\"1.4\"\/><path d=\"M6,6v4.2a2.452,2.452,0,0,0,2.5,2.4H16\" transform=\"translate(-6 -6)\" fill=\"none\" stroke=\"#717171\" stroke-linecap=\"round\" stroke-width=\"1.4\"\/><\/g><\/svg><\/span><span class=\"postViewMore_post-view-more-link-text__hO_kM\">Oposi\u00e7\u00e3o critica governo e imprensa ap\u00f3s encontro entre Lula e Trump<\/span><\/li>\n<\/ul>\n<\/div>\n<h2 class=\"postParagraph_post-paragraph__juWZN postParagraph_type-tag-h2__TtFkT\">&#8220;Anistia j\u00e1&#8221;, pede Eduardo Bolsonaro<\/h2>\n<p class=\"postParagraph_post-paragraph-innerHtml__Q5vwc\">Exilado nos Estados Unidos, o parlamentar terminou seu post pedindo &#8220;anistia j\u00e1&#8221;. De acordo com sua an\u00e1lise, n\u00e3o h\u00e1 o que comemorar, uma vez que Lula <strong>&#8220;s\u00f3 ajuda Moraes ao legitimar seu discurso, botar a AGU [Advocacia-Geral da Uni\u00e3o] para gastar o dinheiro do pagador de impostos contratando escrit\u00f3rios americanos e mandando seus tent\u00e1culos na m\u00eddia vender vit\u00f3ria quando na verdade n\u00e3o h\u00e1 o que comemorar (sic.)&#8221;<\/strong><\/p>\n<p class=\"postParagraph_post-paragraph__juWZN\">Eduardo Bolsonaro enfrenta uma a\u00e7\u00e3o no Supremo Tribunal Federal. Ele \u00e9 acusado de coa\u00e7\u00e3o no curso do processo, por supostamente articular puni\u00e7\u00f5es contra autoridades brasileiras, a fim de obter resultados favor\u00e1veis na justi\u00e7a a si e a seus aliados, sobretudo o ex-presidente Jair Bolsonaro (PL).<\/p>\n<p class=\"postParagraph_post-paragraph__juWZN\">Enquanto o processo avan\u00e7a, o governo brasileiro tenta reverter as tarifas de 50% aplicadas por Donald Trump contra o Brasil. O encontro entre Lula e Trump gerou elogios da esquerda e cr\u00edticas da direita. Essa \u00faltima, na esteira do que afirma Eduardo Bolsonaro, defende que, apesar do tom amistoso, n\u00e3o houve avan\u00e7os concretos.<\/p>\n<div class=\"postHtml_post-html__FVUuX\">\n<blockquote class=\"twitter-tweet\">\n<p lang=\"pt\" dir=\"ltr\">Deixe as narrativas de lado. De fato temos:<\/p>\n<p>-Vistos seguem cancelados<br \/>-San\u00e7\u00f5es Magnitsky mantidas<br \/>-Nem tarifa tiraram<\/p>\n<p>Apesar de nunca termos pedido tarifas, elas vieram devido ao comportamento autorit\u00e1rio das institui\u00e7\u00f5es brasileiras, por isso chamamos de &#8220;Tarifa-Moraes&#8221;.<\/p>\n<p>Na\u2026<\/p>\n<p>\u2014 Eduardo Bolsonaro???????? (@BolsonaroSP) <a href=\"https:\/\/twitter.com\/BolsonaroSP\/status\/1982868232416702977?ref_src=twsrc%5Etfw\">October 27, 2025<\/a><\/p><\/blockquote><\/div>\n<\/div>\n<p><script async src=\"\/\/platform.twitter.com\/widgets.js\" charset=\"utf-8\"><\/script><br \/>\n<br \/><br \/>\n<br \/>Fonte: <a href=\"https:\/\/www.gazetadopovo.com.br\/republica\/eduardo-bolsonaro-apesar-de-narrativas-tarifa-moraes-segue-em-vigor\/\">Revista Oeste<\/a><\/p>\n","protected":false},"excerpt":{"rendered":"<p>&#8220;Nem tarifa tiraram&#8221;, pontuou o deputado federal Eduardo Bolsonaro (PL-SP) ao comentar a reuni\u00e3o entre o presidente do Brasil, Luiz In\u00e1cio Lula da Silva (PT) e o presidente dos Estados Unidos, Donald Trump. O coment\u00e1rio foi publicado no X, em postagem desta segunda-feira (27). Eduardo tamb\u00e9m lembrou dos vistos cancelados de autoridades brasileiras e das [&hellip;]<\/p>\n","protected":false},"author":5,"featured_media":51534,"comment_status":"open","ping_status":"open","sticky":false,"template":"","format":"standard","meta":{"_seopress_robots_primary_cat":"","_seopress_titles_title":"","_seopress_titles_desc":"","_seopress_robots_index":"","footnotes":""},"categories":[1],"tags":[],"class_list":["post-51533","post","type-post","status-publish","format-standard","has-post-thumbnail","hentry","category-ultimas-noticias"],"_links":{"self":[{"href":"https:\/\/mussicom.com\/noticias\/wp-json\/wp\/v2\/posts\/51533","targetHints":{"allow":["GET"]}}],"collection":[{"href":"https:\/\/mussicom.com\/noticias\/wp-json\/wp\/v2\/posts"}],"about":[{"href":"https:\/\/mussicom.com\/noticias\/wp-json\/wp\/v2\/types\/post"}],"author":[{"embeddable":true,"href":"https:\/\/mussicom.com\/noticias\/wp-json\/wp\/v2\/users\/5"}],"replies":[{"embeddable":true,"href":"https:\/\/mussicom.com\/noticias\/wp-json\/wp\/v2\/comments?post=51533"}],"version-history":[{"count":0,"href":"https:\/\/mussicom.com\/noticias\/wp-json\/wp\/v2\/posts\/51533\/revisions"}],"wp:featuredmedia":[{"embeddable":true,"href":"https:\/\/mussicom.com\/noticias\/wp-json\/wp\/v2\/media\/51534"}],"wp:attachment":[{"href":"https:\/\/mussicom.com\/noticias\/wp-json\/wp\/v2\/media?parent=51533"}],"wp:term":[{"taxonomy":"category","embeddable":true,"href":"https:\/\/mussicom.com\/noticias\/wp-json\/wp\/v2\/categories?post=51533"},{"taxonomy":"post_tag","embeddable":true,"href":"https:\/\/mussicom.com\/noticias\/wp-json\/wp\/v2\/tags?post=51533"}],"curies":[{"name":"wp","href":"https:\/\/api.w.org\/{rel}","templated":true}]}}