{"id":51436,"date":"2025-10-27T12:58:15","date_gmt":"2025-10-27T15:58:15","guid":{"rendered":"https:\/\/mussicom.com\/milei-vence-por-defender-a-liberdade-avalia-direita-brasileira\/"},"modified":"2025-10-27T12:58:15","modified_gmt":"2025-10-27T15:58:15","slug":"milei-vence-por-defender-a-liberdade-avalia-direita-brasileira","status":"publish","type":"post","link":"https:\/\/mussicom.com\/noticias\/milei-vence-por-defender-a-liberdade-avalia-direita-brasileira\/","title":{"rendered":"Milei vence por defender a liberdade, avalia direita brasileira"},"content":{"rendered":"<p> <br \/>\n<\/p>\n<div>\n<p class=\"postParagraph_post-paragraph-innerHtml__Q5vwc\"><strong>&#8220;Voc\u00ea confia nas pesquisas?&#8221;<\/strong> Esta foi a provoca\u00e7\u00e3o do deputado federal Paulo Bilynskyj (PL-SP) ao comentar a vit\u00f3ria do presidente da Argentina, Javier Milei, nesse domingo (26), ao obter maioria no Parlamento. O deputado continua: para ele, a diferen\u00e7a entre a vit\u00f3ria e os levantamentos eleitorais<strong> &#8220;apenas refor\u00e7a o vi\u00e9s esquerdista de institutos de pesquisas&#8221;<\/strong>. Para o parlamentar, os institutos de pesquisa <strong>&#8220;tentam minar a viabilidade de candidatos de direita&#8221;<\/strong>.<\/p>\n<p class=\"postParagraph_post-paragraph-innerHtml__Q5vwc\">Outros pol\u00edticos da direita brasileira tamb\u00e9m repercutiram a vit\u00f3ria de Milei. O senador Fl\u00e1vio Bolsonaro (PL-RJ), por exemplo, publicou em espanhol e portugu\u00eas, parabenizando o povo argentino. Com a vit\u00f3ria, de acordo com Fl\u00e1vio, a popula\u00e7\u00e3o arguentina escolheu <strong>&#8220;o caminho da liberdade<\/strong>&#8220;.<\/p>\n<div class=\"postHtml_post-html__FVUuX\">\n<blockquote class=\"twitter-tweet\">\n<p lang=\"es\" dir=\"ltr\">???????? Felicitaciones a los argentinos que eligieron el camino de la libertad, para que el pa\u00eds siga avanzando con la reducci\u00f3n de la pobreza, el aumento del empleo, la ca\u00edda de la inflaci\u00f3n y la disminuci\u00f3n de la criminalidad.<br \/>\u00a1Felicitaciones, Presidente <a href=\"https:\/\/twitter.com\/JMilei?ref_src=twsrc%5Etfw\">@JMilei<\/a>!<\/p>\n<p>???????? Parab\u00e9ns aos\u2026 <a href=\"https:\/\/t.co\/O9jgimGsl0\">pic.twitter.com\/O9jgimGsl0<\/a><\/p>\n<p>\u2014 Flavio Bolsonaro (@FlavioBolsonaro) <a href=\"https:\/\/twitter.com\/FlavioBolsonaro\/status\/1982640166297645236?ref_src=twsrc%5Etfw\">October 27, 2025<\/a><\/p><\/blockquote><\/div>\n<div class=\"postViewMore_post-view-more-container___5wai\" data-mrf-recirculation=\"Post - Veja tamb\u00e9m\">\n<p class=\"gp-styles-module-size-small-afeYRa gp-styles-module-font-family2-afeYRa gp-styles-module-color-secondary-afeYRa gp-styles-module-weight-bold-afeYRa\">VEJA TAMB\u00c9M:<\/p>\n<ul class=\"postViewMore_post-view-more-list__CU_CE\">\n<li class=\"postViewMore_post-view-more-item__2MzRb\"><span class=\"postViewMore_post-view-more-link-icon___stPC\"><svg xmlns=\"http:\/\/www.w3.org\/2000\/svg\" width=\"16\" height=\"16\" viewbox=\"0 0 16 16\"><rect width=\"16\" height=\"16\" fill=\"none\"\/><g transform=\"translate(3 3)\"><path d=\"M22.5,15l3.4,3.4-3.4,3.4\" transform=\"translate(-15.896 -11.793)\" fill=\"none\" stroke=\"#717171\" stroke-linecap=\"round\" stroke-width=\"1.4\"\/><path d=\"M6,6v4.2a2.452,2.452,0,0,0,2.5,2.4H16\" transform=\"translate(-6 -6)\" fill=\"none\" stroke=\"#717171\" stroke-linecap=\"round\" stroke-width=\"1.4\"\/><\/g><\/svg><\/span><span class=\"postViewMore_post-view-more-link-text__hO_kM\">\u201cRevolu\u00e7\u00e3o do livre mercado\u201d: imprensa internacional repercute vit\u00f3ria eleitoral de Milei<\/span><\/li>\n<li class=\"postViewMore_post-view-more-item__2MzRb\"><span class=\"postViewMore_post-view-more-link-icon___stPC\"><svg xmlns=\"http:\/\/www.w3.org\/2000\/svg\" width=\"16\" height=\"16\" viewbox=\"0 0 16 16\"><rect width=\"16\" height=\"16\" fill=\"none\"\/><g transform=\"translate(3 3)\"><path d=\"M22.5,15l3.4,3.4-3.4,3.4\" transform=\"translate(-15.896 -11.793)\" fill=\"none\" stroke=\"#717171\" stroke-linecap=\"round\" stroke-width=\"1.4\"\/><path d=\"M6,6v4.2a2.452,2.452,0,0,0,2.5,2.4H16\" transform=\"translate(-6 -6)\" fill=\"none\" stroke=\"#717171\" stroke-linecap=\"round\" stroke-width=\"1.4\"\/><\/g><\/svg><\/span><span class=\"postViewMore_post-view-more-link-text__hO_kM\">Ap\u00f3s triunfo eleitoral, Milei agradece apoio de Trump e promete avan\u00e7ar com reformas<\/span><\/li>\n<\/ul>\n<\/div>\n<p class=\"postParagraph_post-paragraph__juWZN\">O otimismo da economia foi destaque na mensagem do deputado federal Maur\u00edcio Marcon (Podemos-RS). O parlamentar postou um print de a\u00e7\u00f5es da bolsa argentina em alta ap\u00f3s o resultado favor\u00e1vel ao atual presidente.<\/p>\n<p class=\"postParagraph_post-paragraph-innerHtml__Q5vwc\">J\u00e1 o ex-deputado estadual Douglas Garcia tratou do aspecto simb\u00f3lico da vit\u00f3ria na Am\u00e9rica do Sul. Para ele, o resultado das urnas <strong>&#8220;mostra que o continente ainda tem f\u00f4lego para lutar contra o Foro de S\u00e3o Paulo, mesmo diante da hegemonia da esquerda na regi\u00e3o&#8221;. <\/strong>Mas Douglas tamb\u00e9m contempla a economia em sua an\u00e1lise. De acordo com ele, <strong>&#8220;o povo argentino, depois de d\u00e9cadas de kirchnerismo e infla\u00e7\u00e3o cr\u00f4nica, decidiu apostar em algu\u00e9m que rompe com o sistema e defende menos Estado, mais liberdade e responsabilidade individual.&#8221;<\/strong><\/p>\n<p class=\"postParagraph_post-paragraph-innerHtml__Q5vwc\">O deputado federal Eduardo Pazuello (PL-RJ) disse que <strong>&#8220;a onda de liberdade est\u00e1 varrendo a Am\u00e9rica do Sul&#8221;. <\/strong>Para Pazuello, o resultado mostra que<strong> &#8220;o povo argentino n\u00e3o aceita mais o caos e a mentira da esquerda.&#8221;<\/strong><\/p>\n<p class=\"postParagraph_post-paragraph__juWZN\">Na mesma linha, sobre a defesa da liberdade, o senador M\u00e1rcio Bittar (PL-AC) analisou que &#8220;o povo argentino foi \u00e0s urnas e deu a ele a for\u00e7a necess\u00e1ria no Congresso para ser AINDA MAIS radical na defesa da liberdade (sic.)&#8221;<\/p>\n<\/div>\n<p><script async src=\"\/\/platform.twitter.com\/widgets.js\" charset=\"utf-8\"><\/script><br \/>\n<br \/><br \/>\n<br \/>Fonte: <a href=\"https:\/\/www.gazetadopovo.com.br\/republica\/milei-vence-por-liberalismo-economico-avalia-direita-brasileira\/\">Revista Oeste<\/a><\/p>\n","protected":false},"excerpt":{"rendered":"<p>&#8220;Voc\u00ea confia nas pesquisas?&#8221; Esta foi a provoca\u00e7\u00e3o do deputado federal Paulo Bilynskyj (PL-SP) ao comentar a vit\u00f3ria do presidente da Argentina, Javier Milei, nesse domingo (26), ao obter maioria no Parlamento. O deputado continua: para ele, a diferen\u00e7a entre a vit\u00f3ria e os levantamentos eleitorais &#8220;apenas refor\u00e7a o vi\u00e9s esquerdista de institutos de pesquisas&#8221;. [&hellip;]<\/p>\n","protected":false},"author":5,"featured_media":51437,"comment_status":"open","ping_status":"open","sticky":false,"template":"","format":"standard","meta":{"_seopress_robots_primary_cat":"","_seopress_titles_title":"","_seopress_titles_desc":"","_seopress_robots_index":"","footnotes":""},"categories":[1],"tags":[],"class_list":["post-51436","post","type-post","status-publish","format-standard","has-post-thumbnail","hentry","category-ultimas-noticias"],"_links":{"self":[{"href":"https:\/\/mussicom.com\/noticias\/wp-json\/wp\/v2\/posts\/51436","targetHints":{"allow":["GET"]}}],"collection":[{"href":"https:\/\/mussicom.com\/noticias\/wp-json\/wp\/v2\/posts"}],"about":[{"href":"https:\/\/mussicom.com\/noticias\/wp-json\/wp\/v2\/types\/post"}],"author":[{"embeddable":true,"href":"https:\/\/mussicom.com\/noticias\/wp-json\/wp\/v2\/users\/5"}],"replies":[{"embeddable":true,"href":"https:\/\/mussicom.com\/noticias\/wp-json\/wp\/v2\/comments?post=51436"}],"version-history":[{"count":0,"href":"https:\/\/mussicom.com\/noticias\/wp-json\/wp\/v2\/posts\/51436\/revisions"}],"wp:featuredmedia":[{"embeddable":true,"href":"https:\/\/mussicom.com\/noticias\/wp-json\/wp\/v2\/media\/51437"}],"wp:attachment":[{"href":"https:\/\/mussicom.com\/noticias\/wp-json\/wp\/v2\/media?parent=51436"}],"wp:term":[{"taxonomy":"category","embeddable":true,"href":"https:\/\/mussicom.com\/noticias\/wp-json\/wp\/v2\/categories?post=51436"},{"taxonomy":"post_tag","embeddable":true,"href":"https:\/\/mussicom.com\/noticias\/wp-json\/wp\/v2\/tags?post=51436"}],"curies":[{"name":"wp","href":"https:\/\/api.w.org\/{rel}","templated":true}]}}