{"id":51326,"date":"2025-10-26T12:34:15","date_gmt":"2025-10-26T15:34:15","guid":{"rendered":"https:\/\/mussicom.com\/aliados-celebram-encontro-de-lula-com-trump-na-malasia\/"},"modified":"2025-10-26T12:34:15","modified_gmt":"2025-10-26T15:34:15","slug":"aliados-celebram-encontro-de-lula-com-trump-na-malasia","status":"publish","type":"post","link":"https:\/\/mussicom.com\/noticias\/aliados-celebram-encontro-de-lula-com-trump-na-malasia\/","title":{"rendered":"Aliados celebram encontro de Lula com Trump na Mal\u00e1sia"},"content":{"rendered":"<p> <br \/>\n<\/p>\n<div>\n<p class=\"postParagraph_post-paragraph__juWZN\">Aliados do presidente Luiz In\u00e1cio Lula da Silva celebraram a reuni\u00e3o do mandat\u00e1rio brasileiro com seu hom\u00f3logo americano, Donald Trump, em Kuala Lumpur, na Mal\u00e1sia neste domingo (26).<\/p>\n<p class=\"postParagraph_post-paragraph__juWZN\">O encontro contou com quatro membros da diplomacia de cada pa\u00eds, durou cerca de 45 minutos e foi positivo aos olhos da chancelaria brasileira. Nas redes sociais, alguns membros da base governista e aliados repercutiram. Confira:<\/p>\n<h3 class=\"postParagraph_post-paragraph__juWZN postParagraph_type-tag-h3__xSAn9\">Jose Guimar\u00e3es: deputado federal (PT-CE) e l\u00edder do governo na C\u00e2mara<\/h3>\n<p class=\"postParagraph_post-paragraph__juWZN\">Desarmada a crise Brasil\/Estados Unidos, tramada por falsos patriotas contra nossa soberania. As mentiras, que resultaram no \u201cTarifa\u00e7o\u201d sobre nosso produtos e san\u00e7\u00f5es contra nossas autoridades, ca\u00edram por terra. No amig\u00e1vel encontro dos presidentes<\/p>\n<p class=\"postParagraph_post-paragraph__juWZN\">Lula e Trump, foi dado start para negocia\u00e7\u00f5es imediatas. Todos os temas estar\u00e3o sobre a mesa, inclusive as san\u00e7\u00f5es contra autoridades brasileiras e as tarifas contra os produtos nacionais. Quem tem um Presidente Lula, tem tudo!&#8221;.<\/p>\n<h3 class=\"postParagraph_post-paragraph__juWZN postParagraph_type-tag-h3__xSAn9\">Geraldo Alckmin: vice-presidente da Rep\u00fablica<\/h3>\n<p class=\"postParagraph_post-paragraph__juWZN\">O encontro entre o presidente Lula e o presidente Donald Trump, hoje, na Mal\u00e1sia, prova que temos bons motivos para acreditar no di\u00e1logo. Foi mais um passo para Brasil e EUA estreitarem ainda mais seus la\u00e7os de amizade. E \u00e9 mais uma evid\u00eancia do compromisso do governo do presidente Lula com o povo brasileiro&#8221;.<\/p>\n<h3 class=\"postParagraph_post-paragraph__juWZN postParagraph_type-tag-h3__xSAn9\"> Humberto Costa: senador (PT-ES)<\/h3>\n<p class=\"postParagraph_post-paragraph__juWZN\">&#8220;Eita que a qu\u00edmica s\u00f3 aumenta!&#8221;.<\/p>\n<p class=\"postParagraph_post-paragraph__juWZN\">&#8220;A extrema direita achou que o Brasil ficaria de joelhos. Enganou-se. Com Lula, a soberania nacional \u00e9 inegoci\u00e1vel. O di\u00e1logo venceu, o \u00f3dio perdeu. Ponto final&#8221;.<\/p>\n<h3 class=\"postParagraph_post-paragraph__juWZN postParagraph_type-tag-h3__xSAn9\">Erika Hilton: deputada federal  (PSOL-SP)<\/h3>\n<p class=\"postParagraph_post-paragraph__juWZN\">&#8220;Prevejo gente bastante triste e com solu\u00e7o hoje. Bom dia&#8221;.<\/p>\n<h3 class=\"postParagraph_post-paragraph__juWZN postParagraph_type-tag-h3__xSAn9\">Edinho Silva: presidente do PT<\/h3>\n<p class=\"postParagraph_post-paragraph__juWZN\">&#8220;O di\u00e1logo \u00e9 sempre o caminho. Lula provou que defender respeito e a soberania \u00e9 o caminho fundamental para mantermos nossa relev\u00e2ncia no cen\u00e1rio mundial. Depois da primeira reuni\u00e3o entre Lula e Trump, os dois governos v\u00e3o dialogar sobre um acordo para tirar as barreiras tarif\u00e1rias impostas unilateralmente. O mundo precisa fortalecer os mecanismos do multilateralismo. \u00c9 em mais di\u00e1logo e n\u00e3o em imposi\u00e7\u00f5es que resolveremos os problemas do planeta&#8221;.<\/p>\n<h3 class=\"postParagraph_post-paragraph__juWZN postParagraph_type-tag-h3__xSAn9\">Randolfe Rodrigues: senador (PT-AP)<\/h3>\n<p class=\"postParagraph_post-paragraph-innerHtml__Q5vwc\">&#8220;Tem coisa que nem a intelig\u00eancia artificial consegue prever!<br \/>Mas aconteceu: Lula e Trump lado a lado. Eu te entendo, Trump, \u00e9 dif\u00edcil resistir ao carisma do nosso presidente&#8221;.<\/p>\n<h3 class=\"postParagraph_post-paragraph__juWZN postParagraph_type-tag-h3__xSAn9\">Fabiano Contarato: senador (PT-ES)<\/h3>\n<p class=\"postParagraph_post-paragraph__juWZN\">&#8220;Uma foto que marca um momento diplom\u00e1tico decisivo e o prel\u00fadio do fim do tarifa\u00e7o&#8221;.<\/p>\n<h3 class=\"postParagraph_post-paragraph__juWZN postParagraph_type-tag-h3__xSAn9\">Rog\u00e9rio Carvalho: senador (PT-SE)<\/h3>\n<p class=\"postParagraph_post-paragraph__juWZN\">&#8220;Lula mostrou mais uma vez ser um grande estadista. Em reuni\u00e3o com Trump, na Mal\u00e1sia, teve di\u00e1logo construtivo sobre com\u00e9rcio e economia, com foco na redu\u00e7\u00e3o de tarifas e no fortalecimento das rela\u00e7\u00f5es entre Brasil e EUA&#8221;.<\/p>\n<h3 class=\"postParagraph_post-paragraph__juWZN postParagraph_type-tag-h3__xSAn9\">Jaques Wagner: senador (PT-BA) e l\u00edder do governo no Senado<\/h3>\n<p class=\"postParagraph_post-paragraph__juWZN\">&#8220;Di\u00e1logo sempre! As negocia\u00e7\u00f5es sobre o tarifa\u00e7o t\u00eam avan\u00e7ado, e o tom da conversa foi de respeito e coopera\u00e7\u00e3o. O presidente Lula mostrou, mais uma vez, por que \u00e9 um dos maiores estadistas do nosso tempo, sempre aberto ao di\u00e1logo, mas extremamente firme na defesa da nossa soberania e do povo brasileiro. Independente de quem esteja do outro lado da mesa, o Brasil e o nosso povo sempre estar\u00e3o em primeiro lugar&#8221;.<\/p>\n<h2 class=\"postParagraph_post-paragraph__juWZN postParagraph_type-tag-h2__TtFkT\">Diplomacias podem voltar a conversar<\/h2>\n<p class=\"postParagraph_post-paragraph__juWZN\">De acordo com o chancelar brasileiro, Mauro Vieira, ambas as diplomacias podem voltar a conversar ainda neste domingo, tamb\u00e9m na Mal\u00e1sia. Ele destacou que na reuni\u00e3o, Trump sinalizou que deve suspender as tarifas e que o republicano tem interesse de visitar o Brasil.<\/p>\n<p class=\"postParagraph_post-paragraph__juWZN\">O presidente Lula definiu o encontro como &#8220;\u00f3timo, franco e construtivo&#8221;.<\/p>\n<p class=\"postParagraph_post-paragraph__juWZN\">\u201cTive uma \u00f3tima reuni\u00e3o com o presidente Trump na tarde deste domingo, na Mal\u00e1sia. Discutimos de forma franca e construtiva a agenda comercial e econ\u00f4mica bilateral\u201d, declarou o presidente, no X, ap\u00f3s a reuni\u00e3o.<\/p>\n<\/div>\n<p><br \/>\n<br \/>Fonte: <a href=\"https:\/\/www.gazetadopovo.com.br\/republica\/aliados-celebram-encontro-de-lula-com-trump-na-malasia-quimica-so-aumenta\/\">Revista Oeste<\/a><\/p>\n","protected":false},"excerpt":{"rendered":"<p>Aliados do presidente Luiz In\u00e1cio Lula da Silva celebraram a reuni\u00e3o do mandat\u00e1rio brasileiro com seu hom\u00f3logo americano, Donald Trump, em Kuala Lumpur, na Mal\u00e1sia neste domingo (26). O encontro contou com quatro membros da diplomacia de cada pa\u00eds, durou cerca de 45 minutos e foi positivo aos olhos da chancelaria brasileira. Nas redes sociais, [&hellip;]<\/p>\n","protected":false},"author":5,"featured_media":51327,"comment_status":"open","ping_status":"open","sticky":false,"template":"","format":"standard","meta":{"_seopress_robots_primary_cat":"","_seopress_titles_title":"","_seopress_titles_desc":"","_seopress_robots_index":"","footnotes":""},"categories":[1],"tags":[],"class_list":["post-51326","post","type-post","status-publish","format-standard","has-post-thumbnail","hentry","category-ultimas-noticias"],"_links":{"self":[{"href":"https:\/\/mussicom.com\/noticias\/wp-json\/wp\/v2\/posts\/51326","targetHints":{"allow":["GET"]}}],"collection":[{"href":"https:\/\/mussicom.com\/noticias\/wp-json\/wp\/v2\/posts"}],"about":[{"href":"https:\/\/mussicom.com\/noticias\/wp-json\/wp\/v2\/types\/post"}],"author":[{"embeddable":true,"href":"https:\/\/mussicom.com\/noticias\/wp-json\/wp\/v2\/users\/5"}],"replies":[{"embeddable":true,"href":"https:\/\/mussicom.com\/noticias\/wp-json\/wp\/v2\/comments?post=51326"}],"version-history":[{"count":0,"href":"https:\/\/mussicom.com\/noticias\/wp-json\/wp\/v2\/posts\/51326\/revisions"}],"wp:featuredmedia":[{"embeddable":true,"href":"https:\/\/mussicom.com\/noticias\/wp-json\/wp\/v2\/media\/51327"}],"wp:attachment":[{"href":"https:\/\/mussicom.com\/noticias\/wp-json\/wp\/v2\/media?parent=51326"}],"wp:term":[{"taxonomy":"category","embeddable":true,"href":"https:\/\/mussicom.com\/noticias\/wp-json\/wp\/v2\/categories?post=51326"},{"taxonomy":"post_tag","embeddable":true,"href":"https:\/\/mussicom.com\/noticias\/wp-json\/wp\/v2\/tags?post=51326"}],"curies":[{"name":"wp","href":"https:\/\/api.w.org\/{rel}","templated":true}]}}