{"id":51289,"date":"2025-10-25T23:39:13","date_gmt":"2025-10-26T02:39:13","guid":{"rendered":"https:\/\/mussicom.com\/diablo-cody-roteirista-de-garota-infernal-esta-escrevendo-sequencia-revela-diretora\/"},"modified":"2025-10-25T23:39:13","modified_gmt":"2025-10-26T02:39:13","slug":"diablo-cody-roteirista-de-garota-infernal-esta-escrevendo-sequencia-revela-diretora","status":"publish","type":"post","link":"https:\/\/mussicom.com\/noticias\/diablo-cody-roteirista-de-garota-infernal-esta-escrevendo-sequencia-revela-diretora\/","title":{"rendered":"Diablo Cody, roteirista de &#8216;Garota Infernal&#8217;, est\u00e1 escrevendo sequ\u00eancia, revela diretora"},"content":{"rendered":"<p> <br \/>\n<\/p>\n<div>\n<p data-start=\"134\" data-end=\"494\">Mais de 15 anos ap\u00f3s o lan\u00e7amento, <strong><em data-start=\"169\" data-end=\"186\">Garota Infernal<\/em><\/strong>, terror estrelado por <strong>Megan Fox<\/strong> (<em>Transformers<\/em>) e <strong>Amanda Seyfried<\/strong> (<em>Mamma Mia!<\/em>), pode estar prestes a ganhar uma continua\u00e7\u00e3o. Em entrevista ao <em data-start=\"293\" data-end=\"303\">Deadline<\/em>, a diretora <strong>Karyn Kusama<\/strong> (<em>O Peso do Passado<\/em>) revelou que a roteirista <strong>Diablo Cody<\/strong> j\u00e1 est\u00e1 desenvolvendo uma sequ\u00eancia para o longa de 2009, descrevendo a ideia como \u201c<em>divertida e maluca como o primeiro filme<\/em>\u201d.<\/p>\n<p data-start=\"496\" data-end=\"815\">\u201c<em>Eu sei que ela est\u00e1 trabalhando nisso agora, e estou muito empolgada para ver o que vai sair da\u00ed<\/em>\u201d, contou <strong>Kusama<\/strong>. \u201c<em>Conhe\u00e7o um pouco da estrutura da hist\u00f3ria, mas n\u00e3o posso revelar nada. S\u00f3 posso dizer que soa t\u00e3o divertido e insano quanto o original. N\u00e3o tenho d\u00favida de que Diablo far\u00e1 algo absolutamente incr\u00edvel.<\/em>\u201d<\/p>\n<p data-start=\"1469\" data-end=\"1847\"><strong>Kusama<\/strong> comentou que ver o filme redescoberto pelo p\u00fablico \u00e9 uma das maiores recompensas de sua carreira. \u201c<em>Sou muito grata por ele ter encontrado seu p\u00fablico<\/em>\u201d, disse. \u201c<em>A parte de mim que tem um ego saud\u00e1vel \u2014 e que tento manter sob controle \u2014 fica muito lisonjeada com isso. A ideia de que Garota Infernal seja o \u2018Poderoso Chef\u00e3o\u2019 de algu\u00e9m me faz rir at\u00e9 a ponta dos p\u00e9s.<\/em>\u201d<\/p>\n<p data-start=\"1469\" data-end=\"1847\">Lan\u00e7ado em 2009 e escrito por <strong>Diablo Cody<\/strong> (<em data-start=\"1107\" data-end=\"1113\">Juno<\/em>), <strong><em data-start=\"1116\" data-end=\"1133\">Garota Infernal<\/em><\/strong> mistura humor \u00e1cido e horror sobrenatural para contar a hist\u00f3ria de uma l\u00edder de torcida possu\u00edda por um dem\u00f4nio. Embora tenha sido mal divulgado \u00e0 \u00e9poca \u2014 e prejudicado pela misoginia da m\u00eddia em torno de <strong>Fox<\/strong> \u2014, o filme se tornou um cl\u00e1ssico cult nos anos seguintes, principalmente entre jovens mulheres e f\u00e3s de terror feminista. O filme est\u00e1 dispon\u00edvel no cat\u00e1logo do Disney+.<\/p>\n<p data-start=\"1469\" data-end=\"1847\"><strong>Fonte:<\/strong> Deadline<\/p>\n<p><strong>LEIA TAMB\u00c9M:<\/strong> \u2018Quarteto Fant\u00e1stico: Primeiros Passos\u2019, novidade da Marvel, ganha data de estreia no Disney+<\/p>\n<div class=\"author-box clearfix mb-4\">\n<div class=\"d-flex align-items-center\">\n<div class=\"author-avatar\">\n        &#13;<br \/>\n          \n      <\/div>\n<div class=\"author-info ms-3\">\n<p><strong>Angelo Cordeiro<\/strong> \u00e9 rep\u00f3rter do n\u00facleo de cinema da Editora Perfil, que inclui CineBuzz, Rolling Stone Brasil e Contigo. Formado em Jornalismo pela Universidade S\u00e3o Judas, escreve sobre filmes desde 2014. Paulistano do bairro de Interlagos e fan\u00e1tico por F\u00f3rmula 1. Pisciano, mas n\u00e3o acredita em astrologia. S\u00e3o-paulino, pai de pet e cin\u00e9filo obcecado por listas\u00a0e\u00a0rankings.<\/p>\n<\/p><\/div>\n<\/p><\/div>\n<\/p><\/div>\n<\/p><\/div>\n<p><br \/>\n<br \/>Fonte: <a href=\"https:\/\/rollingstone.com.br\/cinema\/diablo-cody-garota-infernal-sequencia\/\">rollingstone.com.br<\/a><\/p>\n","protected":false},"excerpt":{"rendered":"<p>Mais de 15 anos ap\u00f3s o lan\u00e7amento, Garota Infernal, terror estrelado por Megan Fox (Transformers) e Amanda Seyfried (Mamma Mia!), pode estar prestes a ganhar uma continua\u00e7\u00e3o. Em entrevista ao Deadline, a diretora Karyn Kusama (O Peso do Passado) revelou que a roteirista Diablo Cody j\u00e1 est\u00e1 desenvolvendo uma sequ\u00eancia para o longa de 2009, [&hellip;]<\/p>\n","protected":false},"author":5,"featured_media":51290,"comment_status":"open","ping_status":"open","sticky":false,"template":"","format":"standard","meta":{"_seopress_robots_primary_cat":"","_seopress_titles_title":"","_seopress_titles_desc":"","_seopress_robots_index":"","footnotes":""},"categories":[51],"tags":[],"class_list":["post-51289","post","type-post","status-publish","format-standard","has-post-thumbnail","hentry","category-musica"],"_links":{"self":[{"href":"https:\/\/mussicom.com\/noticias\/wp-json\/wp\/v2\/posts\/51289","targetHints":{"allow":["GET"]}}],"collection":[{"href":"https:\/\/mussicom.com\/noticias\/wp-json\/wp\/v2\/posts"}],"about":[{"href":"https:\/\/mussicom.com\/noticias\/wp-json\/wp\/v2\/types\/post"}],"author":[{"embeddable":true,"href":"https:\/\/mussicom.com\/noticias\/wp-json\/wp\/v2\/users\/5"}],"replies":[{"embeddable":true,"href":"https:\/\/mussicom.com\/noticias\/wp-json\/wp\/v2\/comments?post=51289"}],"version-history":[{"count":0,"href":"https:\/\/mussicom.com\/noticias\/wp-json\/wp\/v2\/posts\/51289\/revisions"}],"wp:featuredmedia":[{"embeddable":true,"href":"https:\/\/mussicom.com\/noticias\/wp-json\/wp\/v2\/media\/51290"}],"wp:attachment":[{"href":"https:\/\/mussicom.com\/noticias\/wp-json\/wp\/v2\/media?parent=51289"}],"wp:term":[{"taxonomy":"category","embeddable":true,"href":"https:\/\/mussicom.com\/noticias\/wp-json\/wp\/v2\/categories?post=51289"},{"taxonomy":"post_tag","embeddable":true,"href":"https:\/\/mussicom.com\/noticias\/wp-json\/wp\/v2\/tags?post=51289"}],"curies":[{"name":"wp","href":"https:\/\/api.w.org\/{rel}","templated":true}]}}