{"id":51213,"date":"2025-10-25T08:21:15","date_gmt":"2025-10-25T11:21:15","guid":{"rendered":"https:\/\/mussicom.com\/petrobras-prorroga-inscricoes-para-projetos-socioambientais\/"},"modified":"2025-10-25T08:21:15","modified_gmt":"2025-10-25T11:21:15","slug":"petrobras-prorroga-inscricoes-para-projetos-socioambientais","status":"publish","type":"post","link":"https:\/\/mussicom.com\/noticias\/petrobras-prorroga-inscricoes-para-projetos-socioambientais\/","title":{"rendered":"Petrobras prorroga inscri\u00e7\u00f5es para projetos socioambientais"},"content":{"rendered":"<p> <br \/>\n<\/p>\n<div>\n<p><strong>A Petrobras prorrogou at\u00e9 11 de novembro\u00a0o prazo de inscri\u00e7\u00f5es\u00a0para a sele\u00e7\u00e3o p\u00fablica Solu\u00e7\u00f5es Baseadas na Natureza para Adapta\u00e7\u00e3o e Resili\u00eancia Clim\u00e1tica nas Cidades. O edital vai destinar R$ 21 milh\u00f5es a projetos socioambientais nos estados de S\u00e3o Paulo e Rio Grande do Sul.\u00a0<\/strong><img decoding=\"async\" src=\"https:\/\/agenciabrasil.ebc.com.br\/ebc.gif?id=1664468&amp;o=node\" style=\"width:1px; height:1px; display:inline;\"\/><\/p>\n<p>A iniciativa \u00e9 in\u00e9dita e direcionada ao enfrentamento das mudan\u00e7as clim\u00e1ticas em \u00e1reas urbanas, com a inten\u00e7\u00e3o de fortalecer a resili\u00eancia de cidades e comunidades vulner\u00e1veis. <strong>O foco \u00e9 apoiar infraestruturas verdes e azuis e tecnologias comunit\u00e1rias que contribuam para mitigar impactos clim\u00e1ticos, restaurar ecossistemas e estimular a bioeconomia.<\/strong><\/p>\n<p>Ser\u00e3o priorizados projetos nas cidades de Canoas, Esteio, Porto Alegre, Gravata\u00ed, Viam\u00e3o, Novo Hamburgo e S\u00e3o Leopoldo, no Rio Grande do Sul. Em S\u00e3o Paulo, o edital abrange os munic\u00edpios de Ubatuba, Caraguatatuba, Ilhabela, S\u00e3o Sebasti\u00e3o, Bertioga e Guaruj\u00e1. As propostas podem atuar de forma ampliada, al\u00e9m dos munic\u00edpios priorizados, desde que na mesma bacia hidrogr\u00e1fica<\/p>\n<p>De acordo com o gerente-executivo de Responsabilidade Social da Petrobras, Jos\u00e9 Maria Rangel, o <strong>edital amplia a atua\u00e7\u00e3o da companhia diante da crise clim\u00e1tica<\/strong>. \u201cEstamos estruturando uma frente dedicada a solu\u00e7\u00f5es baseadas na natureza, com potencial de gerar ganhos em conserva\u00e7\u00e3o, restaura\u00e7\u00e3o e resili\u00eancia urbana\u201d, afirma.<\/p>\n<p><strong>A a\u00e7\u00e3o refor\u00e7a o compromisso da companhia com investimentos socioambientais de impacto e com a adapta\u00e7\u00e3o das cidades a eventos clim\u00e1ticos extremos<\/strong>.<\/p>\n<p>      <!-- Relacionada --><\/p>\n<p>            <!-- Relacionada -->\n    <\/div>\n<p><br \/>\n<br \/>Fonte: <a href=\"https:\/\/agenciabrasil.ebc.com.br\/economia\/noticia\/2025-10\/petrobras-prorroga-inscricoes-para-projetos-socioambientais\">Gazeta do Povo<\/a><\/p>\n","protected":false},"excerpt":{"rendered":"<p>A Petrobras prorrogou at\u00e9 11 de novembro\u00a0o prazo de inscri\u00e7\u00f5es\u00a0para a sele\u00e7\u00e3o p\u00fablica Solu\u00e7\u00f5es Baseadas na Natureza para Adapta\u00e7\u00e3o e Resili\u00eancia Clim\u00e1tica nas Cidades. O edital vai destinar R$ 21 milh\u00f5es a projetos socioambientais nos estados de S\u00e3o Paulo e Rio Grande do Sul.\u00a0 A iniciativa \u00e9 in\u00e9dita e direcionada ao enfrentamento das mudan\u00e7as clim\u00e1ticas [&hellip;]<\/p>\n","protected":false},"author":5,"featured_media":51214,"comment_status":"open","ping_status":"open","sticky":false,"template":"","format":"standard","meta":{"_seopress_robots_primary_cat":"","_seopress_titles_title":"","_seopress_titles_desc":"","_seopress_robots_index":"","footnotes":""},"categories":[45],"tags":[],"class_list":["post-51213","post","type-post","status-publish","format-standard","has-post-thumbnail","hentry","category-economia"],"_links":{"self":[{"href":"https:\/\/mussicom.com\/noticias\/wp-json\/wp\/v2\/posts\/51213","targetHints":{"allow":["GET"]}}],"collection":[{"href":"https:\/\/mussicom.com\/noticias\/wp-json\/wp\/v2\/posts"}],"about":[{"href":"https:\/\/mussicom.com\/noticias\/wp-json\/wp\/v2\/types\/post"}],"author":[{"embeddable":true,"href":"https:\/\/mussicom.com\/noticias\/wp-json\/wp\/v2\/users\/5"}],"replies":[{"embeddable":true,"href":"https:\/\/mussicom.com\/noticias\/wp-json\/wp\/v2\/comments?post=51213"}],"version-history":[{"count":0,"href":"https:\/\/mussicom.com\/noticias\/wp-json\/wp\/v2\/posts\/51213\/revisions"}],"wp:featuredmedia":[{"embeddable":true,"href":"https:\/\/mussicom.com\/noticias\/wp-json\/wp\/v2\/media\/51214"}],"wp:attachment":[{"href":"https:\/\/mussicom.com\/noticias\/wp-json\/wp\/v2\/media?parent=51213"}],"wp:term":[{"taxonomy":"category","embeddable":true,"href":"https:\/\/mussicom.com\/noticias\/wp-json\/wp\/v2\/categories?post=51213"},{"taxonomy":"post_tag","embeddable":true,"href":"https:\/\/mussicom.com\/noticias\/wp-json\/wp\/v2\/tags?post=51213"}],"curies":[{"name":"wp","href":"https:\/\/api.w.org\/{rel}","templated":true}]}}