{"id":51151,"date":"2025-10-24T20:54:26","date_gmt":"2025-10-24T23:54:26","guid":{"rendered":"https:\/\/mussicom.com\/defesa-de-mauro-cid-pede-extincao-da-pena-ao-stf\/"},"modified":"2025-10-24T20:54:26","modified_gmt":"2025-10-24T23:54:26","slug":"defesa-de-mauro-cid-pede-extincao-da-pena-ao-stf","status":"publish","type":"post","link":"https:\/\/mussicom.com\/noticias\/defesa-de-mauro-cid-pede-extincao-da-pena-ao-stf\/","title":{"rendered":"Defesa de Mauro Cid pede extin\u00e7\u00e3o da pena ao STF"},"content":{"rendered":"<p> <br \/>\n<\/p>\n<div>\n<p class=\"postParagraph_post-paragraph__juWZN\">A defesa do tenente-coronel Mauro Cid, ex-ajudante de ordens do ex-presidente Jair Bolsonaro, entrou nesta sexta-feira (24) com um pedido ao Supremo Tribunal Federal (STF) para que seja extinta a punibilidade do militar no processo que investiga o suposto golpe de Estado.<\/p>\n<p class=\"postParagraph_post-paragraph__juWZN\">O pedido foi apresentado ap\u00f3s a publica\u00e7\u00e3o do ac\u00f3rd\u00e3o do julgamento que condenou Mauro Cid, Bolsonaro e outros r\u00e9us do chamado N\u00facleo 1 da chamada trama golpista. As defesas t\u00eam at\u00e9 segunda-feira (27) para apresentar recursos.<\/p>\n<div class=\"postViewMore_post-view-more-container___5wai\" data-mrf-recirculation=\"Post - Veja tamb\u00e9m\">\n<p class=\"gp-styles-module-size-small-afeYRa gp-styles-module-font-family2-afeYRa gp-styles-module-color-secondary-afeYRa gp-styles-module-weight-bold-afeYRa\">VEJA TAMB\u00c9M:<\/p>\n<ul class=\"postViewMore_post-view-more-list__CU_CE\">\n<li class=\"postViewMore_post-view-more-item__2MzRb\"><span class=\"postViewMore_post-view-more-link-icon___stPC\"><svg xmlns=\"http:\/\/www.w3.org\/2000\/svg\" width=\"16\" height=\"16\" viewbox=\"0 0 16 16\"><rect width=\"16\" height=\"16\" fill=\"none\"\/><g transform=\"translate(3 3)\"><path d=\"M22.5,15l3.4,3.4-3.4,3.4\" transform=\"translate(-15.896 -11.793)\" fill=\"none\" stroke=\"#717171\" stroke-linecap=\"round\" stroke-width=\"1.4\"\/><path d=\"M6,6v4.2a2.452,2.452,0,0,0,2.5,2.4H16\" transform=\"translate(-6 -6)\" fill=\"none\" stroke=\"#717171\" stroke-linecap=\"round\" stroke-width=\"1.4\"\/><\/g><\/svg><\/span><span class=\"postViewMore_post-view-more-link-text__hO_kM\">Sa\u00edda de Fux da turma de Moraes diminui peso de indica\u00e7\u00e3o de Lula e redesenha for\u00e7as no STF<\/span><\/li>\n<li class=\"postViewMore_post-view-more-item__2MzRb\"><span class=\"postViewMore_post-view-more-link-icon___stPC\"><svg xmlns=\"http:\/\/www.w3.org\/2000\/svg\" width=\"16\" height=\"16\" viewbox=\"0 0 16 16\"><rect width=\"16\" height=\"16\" fill=\"none\"\/><g transform=\"translate(3 3)\"><path d=\"M22.5,15l3.4,3.4-3.4,3.4\" transform=\"translate(-15.896 -11.793)\" fill=\"none\" stroke=\"#717171\" stroke-linecap=\"round\" stroke-width=\"1.4\"\/><path d=\"M6,6v4.2a2.452,2.452,0,0,0,2.5,2.4H16\" transform=\"translate(-6 -6)\" fill=\"none\" stroke=\"#717171\" stroke-linecap=\"round\" stroke-width=\"1.4\"\/><\/g><\/svg><\/span><span class=\"postViewMore_post-view-more-link-text__hO_kM\">Cotado ao STF, Pacheco defende limitar decis\u00f5es monocr\u00e1ticas; Dino alfineta cr\u00edticos<\/span><\/li>\n<\/ul>\n<\/div>\n<p class=\"postParagraph_post-paragraph__juWZN\">De acordo com o advogado Cesar Bittencourt, Cid j\u00e1 teria cumprido integralmente a pena de dois anos de pris\u00e3o durante o per\u00edodo das investiga\u00e7\u00f5es e, portanto, n\u00e3o haveria motivo para manter restri\u00e7\u00f5es judiciais. O defensor tamb\u00e9m destacou que o militar firmou acordo de dela\u00e7\u00e3o premiada, o que refor\u00e7aria o pedido de extin\u00e7\u00e3o da pena.<\/p>\n<p class=\"postParagraph_post-paragraph__juWZN\">\u201cProferida senten\u00e7a, j\u00e1 cumprida a pena nela imposta, resta claro que n\u00e3o subsiste qualquer fundamento razo\u00e1vel para a manuten\u00e7\u00e3o de cautelares preventivas\u201d, afirmou a defesa no documento encaminhado ao STF.<\/p>\n<p class=\"postParagraph_post-paragraph__juWZN\">Atualmente, Mauro Cid est\u00e1 em liberdade, mas segue monitorado por tornozeleira eletr\u00f4nica, com passaporte retido e proibido de deixar o pa\u00eds.<\/p>\n<p class=\"postParagraph_post-paragraph__juWZN\">No dia 11 de setembro, a Primeira Turma do STF condenou Cid, Bolsonaro e mais seis r\u00e9us pelos crimes de organiza\u00e7\u00e3o criminosa armada, tentativa de aboli\u00e7\u00e3o violenta do Estado Democr\u00e1tico de Direito, golpe de Estado, dano qualificado pela viol\u00eancia e deteriora\u00e7\u00e3o de patrim\u00f4nio tombado, por 4 votos a 1.<\/p>\n<\/div>\n<p><br \/>\n<br \/>Fonte: <a href=\"https:\/\/www.gazetadopovo.com.br\/republica\/defesa-de-mauro-cid-pede-extincao-de-pena-ao-stf\/\">Revista Oeste<\/a><\/p>\n","protected":false},"excerpt":{"rendered":"<p>A defesa do tenente-coronel Mauro Cid, ex-ajudante de ordens do ex-presidente Jair Bolsonaro, entrou nesta sexta-feira (24) com um pedido ao Supremo Tribunal Federal (STF) para que seja extinta a punibilidade do militar no processo que investiga o suposto golpe de Estado. O pedido foi apresentado ap\u00f3s a publica\u00e7\u00e3o do ac\u00f3rd\u00e3o do julgamento que condenou [&hellip;]<\/p>\n","protected":false},"author":5,"featured_media":51152,"comment_status":"open","ping_status":"open","sticky":false,"template":"","format":"standard","meta":{"_seopress_robots_primary_cat":"","_seopress_titles_title":"","_seopress_titles_desc":"","_seopress_robots_index":"","footnotes":""},"categories":[1],"tags":[],"class_list":["post-51151","post","type-post","status-publish","format-standard","has-post-thumbnail","hentry","category-ultimas-noticias"],"_links":{"self":[{"href":"https:\/\/mussicom.com\/noticias\/wp-json\/wp\/v2\/posts\/51151","targetHints":{"allow":["GET"]}}],"collection":[{"href":"https:\/\/mussicom.com\/noticias\/wp-json\/wp\/v2\/posts"}],"about":[{"href":"https:\/\/mussicom.com\/noticias\/wp-json\/wp\/v2\/types\/post"}],"author":[{"embeddable":true,"href":"https:\/\/mussicom.com\/noticias\/wp-json\/wp\/v2\/users\/5"}],"replies":[{"embeddable":true,"href":"https:\/\/mussicom.com\/noticias\/wp-json\/wp\/v2\/comments?post=51151"}],"version-history":[{"count":0,"href":"https:\/\/mussicom.com\/noticias\/wp-json\/wp\/v2\/posts\/51151\/revisions"}],"wp:featuredmedia":[{"embeddable":true,"href":"https:\/\/mussicom.com\/noticias\/wp-json\/wp\/v2\/media\/51152"}],"wp:attachment":[{"href":"https:\/\/mussicom.com\/noticias\/wp-json\/wp\/v2\/media?parent=51151"}],"wp:term":[{"taxonomy":"category","embeddable":true,"href":"https:\/\/mussicom.com\/noticias\/wp-json\/wp\/v2\/categories?post=51151"},{"taxonomy":"post_tag","embeddable":true,"href":"https:\/\/mussicom.com\/noticias\/wp-json\/wp\/v2\/tags?post=51151"}],"curies":[{"name":"wp","href":"https:\/\/api.w.org\/{rel}","templated":true}]}}