{"id":51090,"date":"2025-10-24T15:01:35","date_gmt":"2025-10-24T18:01:35","guid":{"rendered":"https:\/\/mussicom.com\/feira-livre-orienta-santistas-sobre-prevencao-a-dengue\/"},"modified":"2025-10-24T15:01:35","modified_gmt":"2025-10-24T18:01:35","slug":"feira-livre-orienta-santistas-sobre-prevencao-a-dengue","status":"publish","type":"post","link":"https:\/\/mussicom.com\/noticias\/feira-livre-orienta-santistas-sobre-prevencao-a-dengue\/","title":{"rendered":"Feira Livre orienta santistas sobre preven\u00e7\u00e3o \u00e0 dengue"},"content":{"rendered":"<p> <br \/>\n<\/p>\n<div><\/p>\n<div>Na quinta-feira (23), o Grupo de Informa\u00e7\u00e3o, Educa\u00e7\u00e3o e Comunica\u00e7\u00e3o (IEC) realizou o Projeto Feira Livre na Rua \u00c1lvares Cabral<\/div>\n<\/div>\n<p><br \/>\n<br \/>Fonte: <a href=\"https:\/\/jornaldaorla.com.br\/noticias\/feira-livre-orienta-santistas-sobre-prevencao-a-dengue\/\">Jornal Da Orla<\/a><\/p>\n","protected":false},"excerpt":{"rendered":"<p>Na quinta-feira (23), o Grupo de Informa\u00e7\u00e3o, Educa\u00e7\u00e3o e Comunica\u00e7\u00e3o (IEC) realizou o Projeto Feira Livre na Rua \u00c1lvares Cabral Fonte: Jornal Da Orla<\/p>\n","protected":false},"author":5,"featured_media":51091,"comment_status":"open","ping_status":"open","sticky":false,"template":"","format":"standard","meta":{"_seopress_robots_primary_cat":"","_seopress_titles_title":"","_seopress_titles_desc":"","_seopress_robots_index":"","footnotes":""},"categories":[52],"tags":[],"class_list":["post-51090","post","type-post","status-publish","format-standard","has-post-thumbnail","hentry","category-santoseregiao"],"_links":{"self":[{"href":"https:\/\/mussicom.com\/noticias\/wp-json\/wp\/v2\/posts\/51090","targetHints":{"allow":["GET"]}}],"collection":[{"href":"https:\/\/mussicom.com\/noticias\/wp-json\/wp\/v2\/posts"}],"about":[{"href":"https:\/\/mussicom.com\/noticias\/wp-json\/wp\/v2\/types\/post"}],"author":[{"embeddable":true,"href":"https:\/\/mussicom.com\/noticias\/wp-json\/wp\/v2\/users\/5"}],"replies":[{"embeddable":true,"href":"https:\/\/mussicom.com\/noticias\/wp-json\/wp\/v2\/comments?post=51090"}],"version-history":[{"count":0,"href":"https:\/\/mussicom.com\/noticias\/wp-json\/wp\/v2\/posts\/51090\/revisions"}],"wp:featuredmedia":[{"embeddable":true,"href":"https:\/\/mussicom.com\/noticias\/wp-json\/wp\/v2\/media\/51091"}],"wp:attachment":[{"href":"https:\/\/mussicom.com\/noticias\/wp-json\/wp\/v2\/media?parent=51090"}],"wp:term":[{"taxonomy":"category","embeddable":true,"href":"https:\/\/mussicom.com\/noticias\/wp-json\/wp\/v2\/categories?post=51090"},{"taxonomy":"post_tag","embeddable":true,"href":"https:\/\/mussicom.com\/noticias\/wp-json\/wp\/v2\/tags?post=51090"}],"curies":[{"name":"wp","href":"https:\/\/api.w.org\/{rel}","templated":true}]}}