{"id":51070,"date":"2025-10-24T12:46:16","date_gmt":"2025-10-24T15:46:16","guid":{"rendered":"https:\/\/mussicom.com\/crise-nos-correios-ameaca-contas-publicas-e-campanha-de-lula\/"},"modified":"2025-10-24T12:46:16","modified_gmt":"2025-10-24T15:46:16","slug":"crise-nos-correios-ameaca-contas-publicas-e-campanha-de-lula","status":"publish","type":"post","link":"https:\/\/mussicom.com\/noticias\/crise-nos-correios-ameaca-contas-publicas-e-campanha-de-lula\/","title":{"rendered":"Crise nos Correios amea\u00e7a contas p\u00fablicas e campanha de Lula"},"content":{"rendered":"<p> <br \/>\n<\/p>\n<div>\n<p class=\"postParagraph_post-paragraph-innerHtml__Q5vwc\">A negocia\u00e7\u00e3o de um empr\u00e9stimo de R$ 20 bilh\u00f5es pelos Correios, junto a bancos p\u00fablicos e privados com aval do Tesouro Nacional, acendeu o sinal de alerta entre economistas e l\u00edderes da oposi\u00e7\u00e3o. Eles temem riscos fiscais e at\u00e9 desvios na opera\u00e7\u00e3o para sanear as contas da estatal em 2025 e 2026.<\/p>\n<p class=\"postParagraph_post-paragraph__juWZN\">O valor negociado supera a receita anual da empresa, que foi de R$ 18,9 bilh\u00f5es em 2024. Se os Correios n\u00e3o honrarem a d\u00edvida, o governo arcar\u00e1 com ela. Para analistas, o fracasso do plano de socorro aos Correios pode criar uma crise pol\u00edtica com impacto na campanha de reelei\u00e7\u00e3o de Luiz In\u00e1cio Lula da Silva no ano que vem.<\/p>\n<p class=\"postParagraph_post-paragraph__juWZN\">O conselho de administra\u00e7\u00e3o da empresa dever\u00e1 discutir nesta sexta-feira (24) o empr\u00e9stimo atrelado a um plano de reestrutura\u00e7\u00e3o para reduzir custos e buscar fontes de receita. Entre as medidas est\u00e3o o novo programa de demiss\u00e3o volunt\u00e1ria, renegocia\u00e7\u00e3o com fornecedores e venda de im\u00f3veis.<\/p>\n<p class=\"postParagraph_post-paragraph-innerHtml__Q5vwc\">O l\u00edder da oposi\u00e7\u00e3o na C\u00e2mara, Luciano Zucco (PL-RS), prometeu \u201cagir com firmeza\u201d para investigar e bloquear j\u00e1 o pedido de empr\u00e9stimo  para os Correios, que acumularam preju\u00edzo de R$ 4,3 bilh\u00f5es s\u00f3 no primeiro semestre. \u201cO pa\u00eds precisa de gest\u00e3o respons\u00e1vel, n\u00e3o de mais rombos\u201d, diz.<\/p>\n<p class=\"postParagraph_post-paragraph-innerHtml__Q5vwc\">A oposi\u00e7\u00e3o na C\u00e2mara tamb\u00e9m planeja criar uma subcomiss\u00e3o parlamentar para acompanhar a crise dos Correios, marcado por den\u00fancias de m\u00e1 gest\u00e3o. Os deputados querem dar transpar\u00eancia aos n\u00fameros e apontar respons\u00e1veis. Para eles, o empr\u00e9stimo serve de manobra para mascarar os preju\u00edzos. Em paralelo, coletam assinaturas para a abertura de um comiss\u00e3o parlamentar de inqu\u00e9rito (CPI).<\/p>\n<p class=\"postParagraph_post-paragraph__juWZN\">O l\u00edder da oposi\u00e7\u00e3o no Senado, Rog\u00e9rio Marinho (PL-RN), afirmou que a situa\u00e7\u00e3o dos Correios \u201cmostra a m\u00e1 gest\u00e3o das estatais sob o governo atual\u201d, um \u201cmodelo falido e aparelhado\u201d. Em plen\u00e1rio, ele criticou o socorro financeiro como \u201ctentativa desesperada de tapar o sol com a peneira\u201d.<\/p>\n<h2 class=\"postParagraph_post-paragraph__juWZN postParagraph_type-tag-h2__TtFkT\">Deputado pede auditoria do TCU para apurar risco de viola\u00e7\u00e3o da lei fiscal<\/h2>\n<p class=\"postParagraph_post-paragraph__juWZN\">O deputado Capit\u00e3o Alberto Neto (PL-AM) apresentou den\u00fancia ao Tribunal de Contas da Uni\u00e3o (TCU) sobre a opera\u00e7\u00e3o de cr\u00e9dito para socorrer os Correios, e pediu auditoria e controle externo. Para ele, o neg\u00f3cio pode violar a Lei de Responsabilidade Fiscal e expor o Tesouro ao risco de calote.<\/p>\n<p class=\"postParagraph_post-paragraph__juWZN\">\u201cO Tesouro n\u00e3o pode assumir garantias bilion\u00e1rias sem clareza t\u00e9cnica e sem autoriza\u00e7\u00e3o adequada do Congresso\u201d, diz o deputado. No documento que enviou ao TCU, ele questiona o respaldo no arcabou\u00e7o fiscal e a legalidade no aval da Uni\u00e3o, al\u00e9m de exigir a publica\u00e7\u00e3o de documentos e relat\u00f3rios.<\/p>\n<p class=\"postParagraph_post-paragraph__juWZN\">Para Leandro Gabiati, professor de Rela\u00e7\u00f5es Institucionais do Ibmec-DF, a oposi\u00e7\u00e3o acerta ao explorar a crise nos Correios como forma de interromper o momento positivo do governo. Ele at\u00e9 acredita que o tema pode gerar desgastes para Lula, mas sem ser fator determinante na elei\u00e7\u00e3o de 2026.<\/p>\n<h2 class=\"postParagraph_post-paragraph__juWZN postParagraph_type-tag-h2__TtFkT\">Situa\u00e7\u00e3o ca\u00f3tica dos Correios exige respostas r\u00e1pidas para evitar o colapso<\/h2>\n<p class=\"postParagraph_post-paragraph__juWZN\">Em setembro, Lula trocou o ent\u00e3o presidente dos Correios Fabiano Silva pelo economista Emmanoel Schmidt Rondon, funcion\u00e1rio de carreira do Banco do Brasil. Na negocia\u00e7\u00e3o do empr\u00e9stimo liderada por ele \u00e9 cogitado um aporte do governo, algo que j\u00e1 sofre resist\u00eancia da equipe econ\u00f4mica.<\/p>\n<p class=\"postParagraph_post-paragraph-innerHtml__Q5vwc\">Segundo o balan\u00e7o divulgado em junho, o passivo acumulado relativo a benef\u00edcios a empregados de curto prazo chegou a R$ 4,2 bilh\u00f5es e, de longo prazo, R$ 9,5 bilh\u00f5es. O ex-presidente da estatal atribuiu a piora na situa\u00e7\u00e3o financeira \u00e0 cobran\u00e7a de imposto nas compras internacionais de at\u00e9 US$ 50, a &#8220;taxa das blusinhas&#8221;.<\/p>\n<p class=\"postParagraph_post-paragraph-innerHtml__Q5vwc\">Analistas confirmam a urg\u00eancia de aporte de recursos, mas frisam que a situa\u00e7\u00e3o da empresa s\u00f3 melhora com novo modelo de neg\u00f3cios, que traga reestrutura\u00e7\u00e3o operacional, parcerias privadas e moderniza\u00e7\u00e3o tecnol\u00f3gica. O diagn\u00f3stico \u00e9 de que os Correios precisam de reformas estruturais para sobreviver. Esse entendimento \u00e9 compartilhado at\u00e9 pela ministra Esther Dweck, da Gest\u00e3o e Inova\u00e7\u00e3o em Servi\u00e7os P\u00fablicos (MGI).<\/p>\n<h2 class=\"postParagraph_post-paragraph__juWZN postParagraph_type-tag-h2__TtFkT\">Especialista aponta claro risco fiscal e sepultamento da agenda de privatiza\u00e7\u00e3o<\/h2>\n<p class=\"postParagraph_post-paragraph__juWZN\">O analista financeiro VanDyck Silveira v\u00ea o empr\u00e9stimo aos Correios n\u00e3o s\u00f3 como decis\u00e3o de pol\u00edtica econ\u00f4mica, mas tamb\u00e9m como \u201co abandono da agenda de efici\u00eancia estatal\u201d. \u201cA contabilidade e o plano de gest\u00e3o revelam rendi\u00e7\u00e3o fiscal e o fim da chance de privatiza\u00e7\u00e3o respons\u00e1vel\u201d, acrescenta.<\/p>\n<p class=\"postParagraph_post-paragraph__juWZN\">\u201cEmprestar cifra superior ao valor da empresa no seu melhor cen\u00e1rio \u00e9 uma anomalia. Nega-se crit\u00e9rios t\u00e9cnicos e ainda imp\u00f5e risco moral perigoso: o de que estatais ineficientes podem contar sempre com a generosidade do Tesouro para sobreviver, mesmo sem entregar valor \u00e0 sociedade\u201d, explica.<\/p>\n<p class=\"postParagraph_post-paragraph__juWZN\">Silveira entende que, a se insistir nesse caminho, o governo deveria ao menos condicionar a libera\u00e7\u00e3o de recursos ao cumprimento de metas rigorosas, \u00e0 submiss\u00e3o a auditorias p\u00fablicas, \u00e0 presta\u00e7\u00e3o de transpar\u00eancia absoluta e ao in\u00edcio de rota clara de transi\u00e7\u00e3o para um modelo eficiente e sustent\u00e1vel.<\/p>\n<h2 class=\"postParagraph_post-paragraph__juWZN postParagraph_type-tag-h2__TtFkT\">Correios fazem parte do hist\u00f3rico de esc\u00e2ndalos dos governos petistas<\/h2>\n<p class=\"postParagraph_post-paragraph__juWZN\">Os Correios j\u00e1 protagonizaram alguns dos maiores esc\u00e2ndalos de governos petistas. Em 2005, a grava\u00e7\u00e3o de um diretor da estatal negociando propina revelou o esc\u00e2ndalo do mensal\u00e3o, que abalou o primeiro mandato de Lula e levou \u00e0 condena\u00e7\u00e3o de dirigentes do PT, como o ex-ministro Jos\u00e9 Dirceu.<\/p>\n<p class=\"postParagraph_post-paragraph__juWZN\">Uma d\u00e9cada depois, no governo Dilma Rousseff, o Postalis, fundo de pens\u00e3o dos funcion\u00e1rios, acumulou perdas bilion\u00e1rias por m\u00e1 gest\u00e3o e aplica\u00e7\u00f5es de alto risco, como t\u00edtulos venezuelanos. Milhares de segurados tiveram corte dr\u00e1stico de benef\u00edcios e tiveram que arcar com contribui\u00e7\u00f5es extras para cobrir o rombo.<\/p>\n<p class=\"postParagraph_post-paragraph__juWZN\">A Empresa de Correios e Tel\u00e9grafos (ECT) \u00e9 uma empresa p\u00fablica federal vinculada ao Minist\u00e9rio das Comunica\u00e7\u00f5es, cuja atribui\u00e7\u00e3o \u00e9 prestar servi\u00e7o postal em todo o territ\u00f3rio nacional como um monop\u00f3lio oficial. Fundada em 1663, a estatal tem hoje 84 mil funcion\u00e1rios e capital 100% da Uni\u00e3o. O governo anterior havia colocado a ECT no plano de privatiza\u00e7\u00f5es.<\/p>\n<\/div>\n<p><br \/>\n<br \/>Fonte: <a href=\"https:\/\/www.gazetadopovo.com.br\/republica\/colapso-dos-correios-pode-gerar-crise-fiscal-e-favorecer-acoes-da-oposicao-contra-lula\/\">Revista Oeste<\/a><\/p>\n","protected":false},"excerpt":{"rendered":"<p>A negocia\u00e7\u00e3o de um empr\u00e9stimo de R$ 20 bilh\u00f5es pelos Correios, junto a bancos p\u00fablicos e privados com aval do Tesouro Nacional, acendeu o sinal de alerta entre economistas e l\u00edderes da oposi\u00e7\u00e3o. Eles temem riscos fiscais e at\u00e9 desvios na opera\u00e7\u00e3o para sanear as contas da estatal em 2025 e 2026. O valor negociado [&hellip;]<\/p>\n","protected":false},"author":5,"featured_media":49555,"comment_status":"open","ping_status":"open","sticky":false,"template":"","format":"standard","meta":{"_seopress_robots_primary_cat":"","_seopress_titles_title":"","_seopress_titles_desc":"","_seopress_robots_index":"","footnotes":""},"categories":[1],"tags":[],"class_list":["post-51070","post","type-post","status-publish","format-standard","has-post-thumbnail","hentry","category-ultimas-noticias"],"_links":{"self":[{"href":"https:\/\/mussicom.com\/noticias\/wp-json\/wp\/v2\/posts\/51070","targetHints":{"allow":["GET"]}}],"collection":[{"href":"https:\/\/mussicom.com\/noticias\/wp-json\/wp\/v2\/posts"}],"about":[{"href":"https:\/\/mussicom.com\/noticias\/wp-json\/wp\/v2\/types\/post"}],"author":[{"embeddable":true,"href":"https:\/\/mussicom.com\/noticias\/wp-json\/wp\/v2\/users\/5"}],"replies":[{"embeddable":true,"href":"https:\/\/mussicom.com\/noticias\/wp-json\/wp\/v2\/comments?post=51070"}],"version-history":[{"count":0,"href":"https:\/\/mussicom.com\/noticias\/wp-json\/wp\/v2\/posts\/51070\/revisions"}],"wp:featuredmedia":[{"embeddable":true,"href":"https:\/\/mussicom.com\/noticias\/wp-json\/wp\/v2\/media\/49555"}],"wp:attachment":[{"href":"https:\/\/mussicom.com\/noticias\/wp-json\/wp\/v2\/media?parent=51070"}],"wp:term":[{"taxonomy":"category","embeddable":true,"href":"https:\/\/mussicom.com\/noticias\/wp-json\/wp\/v2\/categories?post=51070"},{"taxonomy":"post_tag","embeddable":true,"href":"https:\/\/mussicom.com\/noticias\/wp-json\/wp\/v2\/tags?post=51070"}],"curies":[{"name":"wp","href":"https:\/\/api.w.org\/{rel}","templated":true}]}}