{"id":50988,"date":"2025-10-24T03:43:16","date_gmt":"2025-10-24T06:43:16","guid":{"rendered":"https:\/\/mussicom.com\/industria-acelera-uso-de-refrigerantes-sustentaveis\/"},"modified":"2025-10-24T03:43:16","modified_gmt":"2025-10-24T06:43:16","slug":"industria-acelera-uso-de-refrigerantes-sustentaveis","status":"publish","type":"post","link":"https:\/\/mussicom.com\/noticias\/industria-acelera-uso-de-refrigerantes-sustentaveis\/","title":{"rendered":"Ind\u00fastria acelera uso de refrigerantes sustent\u00e1veis"},"content":{"rendered":"<p> <br \/>\n<\/p>\n<div>\n<p>A ind\u00fastria de alimentos e bebidas \u00e9 uma das mais intensivas em energia do mundo, respons\u00e1vel por 6% das emiss\u00f5es industriais globais e por cerca de 30% do consumo total de energia, segundo dados do Departamento de Energia dos Estados Unidos e das Na\u00e7\u00f5es Unidas. A maior parte desse consumo est\u00e1 ligada diretamente aos processos de fabrica\u00e7\u00e3o, como aquecimento, fermenta\u00e7\u00e3o e congelamento.&#13;\n<\/p>\n<p>Diante da press\u00e3o por redu\u00e7\u00e3o de emiss\u00f5es e maior efici\u00eancia energ\u00e9tica, empresas do setor t\u00eam adotado tecnologias mais limpas e refrigerantes de baixo potencial de aquecimento global (GWP). Torben Funder-Kristensen, da Danfoss Climate Solutions, destaca que processos como fervura, fermenta\u00e7\u00e3o e produ\u00e7\u00e3o de alimentos congelados dependem do controle preciso da temperatura, o que exige o refrigerante correto e a carga adequada para cada sistema.<\/p>\n<p>\u201cO processamento de alimentos exige uma ampla gama de temperaturas, dependendo do produto. Processos como fervura e fermenta\u00e7\u00e3o requerem \u00e1gua quente, enquanto a produ\u00e7\u00e3o de alimentos congelados, como sorvetes, demanda temperaturas extremamente baixas. Em todos os casos, \u00e9 essencial manter o controle preciso da temperatura, e isso depende diretamente do uso do refrigerante adequado, com a carga correta para cada sistema\u201d, explica Torben Funder-Kristensen, chefe de conformidade de produtos e padroniza\u00e7\u00e3o da Danfoss Climate Solutions.&#13;\n<\/p>\n<p>Com a redu\u00e7\u00e3o gradual dos HFCs, alternativas como am\u00f4nia, di\u00f3xido de carbono e novas misturas HFO\/HFC v\u00eam sendo implementadas. A escolha do refrigerante envolve n\u00e3o s\u00f3 quest\u00f5es ambientais, mas tamb\u00e9m seguran\u00e7a operacional e compatibilidade com os equipamentos existentes, podendo exigir retrofit ou instala\u00e7\u00e3o de novos sistemas.<\/p>\n<p>A Danfoss investe globalmente em solu\u00e7\u00f5es que combinam efici\u00eancia energ\u00e9tica, redu\u00e7\u00e3o de emiss\u00f5es e desempenho operacional. A empresa oferece compressores, v\u00e1lvulas, trocadores de calor e controles compat\u00edveis com refrigerantes naturais e de baixo GWP, apoiando a ind\u00fastria na transi\u00e7\u00e3o para processos mais sustent\u00e1veis e competitivos.&#13;\n<\/p>\n<p>\u201cNosso papel \u00e9 apoiar os fabricantes na jornada rumo \u00e0 sustentabilidade, oferecendo tecnologias que n\u00e3o apenas atendam \u00e0s regulamenta\u00e7\u00f5es, mas tamb\u00e9m tornem seus processos mais eficientes e competitivos\u201d, conclui Funder-Kristensen.<\/p>\n<p>&#13;<br \/>\n\u00a0<\/p>\n<\/p><\/div>\n<p><script data-cfasync=\"false\">\n    !function (f, b, e, v, n, t, s) {\n        if (f.fbq) return; n = f.fbq = function () {\n            n.callMethod ?\n                n.callMethod.apply(n, arguments) : n.queue.push(arguments)\n        };\n        if (!f._fbq) f._fbq = n; n.push = n; n.loaded = !0; n.version = '2.0';\n        n.queue = []; t = b.createElement(e); t.async = !0;\n        t.src = v; s = b.getElementsByTagName(e)[0];\n        s.parentNode.insertBefore(t, s)\n    }(window, document, 'script',\n        'https:\/\/connect.facebook.net\/en_US\/fbevents.js');\n    fbq('init', '522546078623747');\n    fbq('track', 'PageView');\n<\/script><br \/>\n<br \/><br \/>\n<br \/>Fonte: <a href=\"https:\/\/www.agrolink.com.br\/noticias\/industria-acelera-uso-de-refrigerantes-sustentaveis_507305.html\">AGROLINK<\/a><\/p>\n","protected":false},"excerpt":{"rendered":"<p>A ind\u00fastria de alimentos e bebidas \u00e9 uma das mais intensivas em energia do mundo, respons\u00e1vel por 6% das emiss\u00f5es industriais globais e por cerca de 30% do consumo total de energia, segundo dados do Departamento de Energia dos Estados Unidos e das Na\u00e7\u00f5es Unidas. A maior parte desse consumo est\u00e1 ligada diretamente aos processos [&hellip;]<\/p>\n","protected":false},"author":5,"featured_media":50989,"comment_status":"open","ping_status":"open","sticky":false,"template":"","format":"standard","meta":{"_seopress_robots_primary_cat":"","_seopress_titles_title":"","_seopress_titles_desc":"","_seopress_robots_index":"","footnotes":""},"categories":[53],"tags":[],"class_list":["post-50988","post","type-post","status-publish","format-standard","has-post-thumbnail","hentry","category-agronegocio"],"_links":{"self":[{"href":"https:\/\/mussicom.com\/noticias\/wp-json\/wp\/v2\/posts\/50988","targetHints":{"allow":["GET"]}}],"collection":[{"href":"https:\/\/mussicom.com\/noticias\/wp-json\/wp\/v2\/posts"}],"about":[{"href":"https:\/\/mussicom.com\/noticias\/wp-json\/wp\/v2\/types\/post"}],"author":[{"embeddable":true,"href":"https:\/\/mussicom.com\/noticias\/wp-json\/wp\/v2\/users\/5"}],"replies":[{"embeddable":true,"href":"https:\/\/mussicom.com\/noticias\/wp-json\/wp\/v2\/comments?post=50988"}],"version-history":[{"count":0,"href":"https:\/\/mussicom.com\/noticias\/wp-json\/wp\/v2\/posts\/50988\/revisions"}],"wp:featuredmedia":[{"embeddable":true,"href":"https:\/\/mussicom.com\/noticias\/wp-json\/wp\/v2\/media\/50989"}],"wp:attachment":[{"href":"https:\/\/mussicom.com\/noticias\/wp-json\/wp\/v2\/media?parent=50988"}],"wp:term":[{"taxonomy":"category","embeddable":true,"href":"https:\/\/mussicom.com\/noticias\/wp-json\/wp\/v2\/categories?post=50988"},{"taxonomy":"post_tag","embeddable":true,"href":"https:\/\/mussicom.com\/noticias\/wp-json\/wp\/v2\/tags?post=50988"}],"curies":[{"name":"wp","href":"https:\/\/api.w.org\/{rel}","templated":true}]}}