{"id":50870,"date":"2025-10-23T16:41:19","date_gmt":"2025-10-23T19:41:19","guid":{"rendered":"https:\/\/mussicom.com\/camara-deve-votar-corte-de-gastos-do-governo-na-proxima-semana\/"},"modified":"2025-10-23T16:41:19","modified_gmt":"2025-10-23T19:41:19","slug":"camara-deve-votar-corte-de-gastos-do-governo-na-proxima-semana","status":"publish","type":"post","link":"https:\/\/mussicom.com\/noticias\/camara-deve-votar-corte-de-gastos-do-governo-na-proxima-semana\/","title":{"rendered":"C\u00e2mara deve votar corte de gastos do governo na pr\u00f3xima semana"},"content":{"rendered":"<p> <br \/>\n<\/p>\n<div>\n<p class=\"postParagraph_post-paragraph__juWZN\">O presidente da C\u00e2mara dos Deputados, Hugo Motta (Republicanos-PB), declarou nesta quinta-feira (23\/10) que devem ser votadas, na pr\u00f3xima semana, as alternativas do governo \u00e0 medida provis\u00f3ria (MP) da taxa\u00e7\u00e3o, que foi derrubada pelos deputados. Motta chegou a chamar a redu\u00e7\u00e3o de gastos de \u201cpauta da Casa\u201d.<\/p>\n<p class=\"postParagraph_post-paragraph__juWZN\">Al\u00e9m das medidas econ\u00f4micas, o Plen\u00e1rio tamb\u00e9m deve analisar projetos relacionados \u00e0 seguran\u00e7a p\u00fablica e ao Outubro Rosa, segundo Motta. \u201cVotaremos mat\u00e9rias fundamentais para o Brasil. Ser\u00e1 uma semana de muito trabalho pelo pa\u00eds\u201d, declarou, de acordo com a Ag\u00eancia C\u00e2mara.<\/p>\n<div class=\"postViewMore_post-view-more-container___5wai\" data-mrf-recirculation=\"Post - Veja tamb\u00e9m\">\n<p class=\"gp-styles-module-size-small-afeYRa gp-styles-module-font-family2-afeYRa gp-styles-module-color-secondary-afeYRa gp-styles-module-weight-bold-afeYRa\">VEJA TAMB\u00c9M:<\/p>\n<ul class=\"postViewMore_post-view-more-list__CU_CE\">\n<li class=\"postViewMore_post-view-more-item__2MzRb\"><span class=\"postViewMore_post-view-more-link-icon___stPC\"><svg xmlns=\"http:\/\/www.w3.org\/2000\/svg\" width=\"16\" height=\"16\" viewbox=\"0 0 16 16\"><rect width=\"16\" height=\"16\" fill=\"none\"\/><g transform=\"translate(3 3)\"><path d=\"M22.5,15l3.4,3.4-3.4,3.4\" transform=\"translate(-15.896 -11.793)\" fill=\"none\" stroke=\"#717171\" stroke-linecap=\"round\" stroke-width=\"1.4\"\/><path d=\"M6,6v4.2a2.452,2.452,0,0,0,2.5,2.4H16\" transform=\"translate(-6 -6)\" fill=\"none\" stroke=\"#717171\" stroke-linecap=\"round\" stroke-width=\"1.4\"\/><\/g><\/svg><\/span><span class=\"postViewMore_post-view-more-link-text__hO_kM\">Governo precisa de novo ajuste fiscal de R$ 27 bilh\u00f5es at\u00e9 dezembro para evitar rombo nas contas<\/span><\/li>\n<li class=\"postViewMore_post-view-more-item__2MzRb\"><span class=\"postViewMore_post-view-more-link-icon___stPC\"><svg xmlns=\"http:\/\/www.w3.org\/2000\/svg\" width=\"16\" height=\"16\" viewbox=\"0 0 16 16\"><rect width=\"16\" height=\"16\" fill=\"none\"\/><g transform=\"translate(3 3)\"><path d=\"M22.5,15l3.4,3.4-3.4,3.4\" transform=\"translate(-15.896 -11.793)\" fill=\"none\" stroke=\"#717171\" stroke-linecap=\"round\" stroke-width=\"1.4\"\/><path d=\"M6,6v4.2a2.452,2.452,0,0,0,2.5,2.4H16\" transform=\"translate(-6 -6)\" fill=\"none\" stroke=\"#717171\" stroke-linecap=\"round\" stroke-width=\"1.4\"\/><\/g><\/svg><\/span><span class=\"postViewMore_post-view-more-link-text__hO_kM\">Lula cobra Banco Central por redu\u00e7\u00e3o de juros e promete pol\u00edtica monet\u00e1ria mais s\u00e9ria<\/span><\/li>\n<\/ul>\n<\/div>\n<p class=\"postParagraph_post-paragraph__juWZN\">L\u00edder do governo, o deputado Jos\u00e9 Guimar\u00e3es (PT-CE) declarou que o conjunto de propostas de redu\u00e7\u00e3o de despesas e o aumento da arrecada\u00e7\u00e3o federal ter\u00e1 um \u201cesfor\u00e7o concentrado\u201d.<\/p>\n<p class=\"postParagraph_post-paragraph__juWZN\">Segundo Guimar\u00e3es, a prioridade do governo ser\u00e1 aprovar o projeto de corte de gastos antes de discutir mudan\u00e7as tribut\u00e1rias em setores espec\u00edficos.<\/p>\n<p class=\"postParagraph_post-paragraph__juWZN\">\u201cTudo tem seu tempo. N\u00f3s ainda n\u00e3o resolvemos nem a parte das despesas. Vamos por partes\u201d, afirmou ap\u00f3s reuni\u00e3o do Col\u00e9gio de L\u00edderes.<\/p>\n<p class=\"postParagraph_post-paragraph__juWZN\">Entre as mat\u00e9rias previstas, o governo pretende votar a proposta de ajuste fiscal em conjunto com o projeto que torna crime hediondo a adultera\u00e7\u00e3o de bebidas (PL 2307\/07).<\/p>\n<p class=\"postParagraph_post-paragraph__juWZN\">Guimar\u00e3es argumentou que o corte \u00e9 necess\u00e1rio para reequilibrar as contas p\u00fablicas. \u201c\u00c9 um ralo enorme de quase R$ 600 bilh\u00f5es e n\u00f3s precisamos fazer um corte linear disso\u201d, destacou.<\/p>\n<p class=\"postParagraph_post-paragraph__juWZN\">Outra frente de ajuste envolve a redu\u00e7\u00e3o de incentivos tribut\u00e1rios. A Comiss\u00e3o de Finan\u00e7as e Tributa\u00e7\u00e3o apresentou recentemente o Projeto de Lei Complementar 221\/25, de autoria do deputado Mauro Benevides Filho (PDT-CE), que prev\u00ea uma redu\u00e7\u00e3o linear de 10% nos benef\u00edcios fiscais concedidos pelo governo federal \u2014 5% em 2026 e mais 5% em 2027.<\/p>\n<p class=\"postParagraph_post-paragraph__juWZN\">\u201cO texto est\u00e1 pronto, vamos tentar votar ter\u00e7a ou quarta-feira. Isso depende das negocia\u00e7\u00f5es que estamos fazendo com a ministra de Rela\u00e7\u00f5es Institucionais, Gleisi Hoffmann\u201d, explicou o l\u00edder.<\/p>\n<\/div>\n<p><br \/>\n<br \/>Fonte: <a href=\"https:\/\/www.gazetadopovo.com.br\/economia\/camara-deve-votar-corte-de-gastos-semana-que-vem\/\">Gazeta do Povo<\/a><\/p>\n","protected":false},"excerpt":{"rendered":"<p>O presidente da C\u00e2mara dos Deputados, Hugo Motta (Republicanos-PB), declarou nesta quinta-feira (23\/10) que devem ser votadas, na pr\u00f3xima semana, as alternativas do governo \u00e0 medida provis\u00f3ria (MP) da taxa\u00e7\u00e3o, que foi derrubada pelos deputados. Motta chegou a chamar a redu\u00e7\u00e3o de gastos de \u201cpauta da Casa\u201d. Al\u00e9m das medidas econ\u00f4micas, o Plen\u00e1rio tamb\u00e9m deve [&hellip;]<\/p>\n","protected":false},"author":5,"featured_media":50871,"comment_status":"open","ping_status":"open","sticky":false,"template":"","format":"standard","meta":{"_seopress_robots_primary_cat":"","_seopress_titles_title":"","_seopress_titles_desc":"","_seopress_robots_index":"","footnotes":""},"categories":[45],"tags":[],"class_list":["post-50870","post","type-post","status-publish","format-standard","has-post-thumbnail","hentry","category-economia"],"_links":{"self":[{"href":"https:\/\/mussicom.com\/noticias\/wp-json\/wp\/v2\/posts\/50870","targetHints":{"allow":["GET"]}}],"collection":[{"href":"https:\/\/mussicom.com\/noticias\/wp-json\/wp\/v2\/posts"}],"about":[{"href":"https:\/\/mussicom.com\/noticias\/wp-json\/wp\/v2\/types\/post"}],"author":[{"embeddable":true,"href":"https:\/\/mussicom.com\/noticias\/wp-json\/wp\/v2\/users\/5"}],"replies":[{"embeddable":true,"href":"https:\/\/mussicom.com\/noticias\/wp-json\/wp\/v2\/comments?post=50870"}],"version-history":[{"count":0,"href":"https:\/\/mussicom.com\/noticias\/wp-json\/wp\/v2\/posts\/50870\/revisions"}],"wp:featuredmedia":[{"embeddable":true,"href":"https:\/\/mussicom.com\/noticias\/wp-json\/wp\/v2\/media\/50871"}],"wp:attachment":[{"href":"https:\/\/mussicom.com\/noticias\/wp-json\/wp\/v2\/media?parent=50870"}],"wp:term":[{"taxonomy":"category","embeddable":true,"href":"https:\/\/mussicom.com\/noticias\/wp-json\/wp\/v2\/categories?post=50870"},{"taxonomy":"post_tag","embeddable":true,"href":"https:\/\/mussicom.com\/noticias\/wp-json\/wp\/v2\/tags?post=50870"}],"curies":[{"name":"wp","href":"https:\/\/api.w.org\/{rel}","templated":true}]}}