{"id":50868,"date":"2025-10-23T16:38:16","date_gmt":"2025-10-23T19:38:16","guid":{"rendered":"https:\/\/mussicom.com\/operacao-verao-coronel-anuncia-efetivo-mas-estado-nao-confirma\/"},"modified":"2025-10-23T16:38:16","modified_gmt":"2025-10-23T19:38:16","slug":"operacao-verao-coronel-anuncia-efetivo-mas-estado-nao-confirma","status":"publish","type":"post","link":"https:\/\/mussicom.com\/noticias\/operacao-verao-coronel-anuncia-efetivo-mas-estado-nao-confirma\/","title":{"rendered":"Opera\u00e7\u00e3o Ver\u00e3o: Coronel anuncia efetivo, mas Estado n\u00e3o confirma"},"content":{"rendered":"<p> <br \/>\n<\/p>\n<div><\/p>\n<div>O que pode ser uma boa not\u00edcia se mostra, por enquanto, um desacerto de discursos. Enquanto o comando da Pol\u00edcia Militar da regi\u00e3o diz que um efetivo numeroso estar\u00e1 na Baixada Santista em um per\u00edodo duradouro em meio \u00e0 alta temporada, a Secretaria de Seguran\u00e7a P\u00fablica do Estado (SSP) n\u00e3o confirma as informa\u00e7\u00f5es.Durante reuni\u00e3o do Conselho de Desenvolvimento da Baixada Santista (Condesb), na manh\u00e3 desta quarta-feira (22), em S\u00e3o Vicente, o Coronel Rog\u00e9rio Nery Machado, comandante do CPI-6, anunciou o envio de 364 policiais para o Munic\u00edpio, dentro da Opera\u00e7\u00e3o Ver\u00e3o 2025\/26.<\/div>\n<\/div>\n<p><br \/>\n<br \/>Fonte: <a href=\"https:\/\/jornaldaorla.com.br\/noticias\/operacao-verao-coronel-anuncia-efetivo-mas-estado-nao-confirma\/\">Jornal Da Orla<\/a><\/p>\n","protected":false},"excerpt":{"rendered":"<p>O que pode ser uma boa not\u00edcia se mostra, por enquanto, um desacerto de discursos. Enquanto o comando da Pol\u00edcia Militar da regi\u00e3o diz que um efetivo numeroso estar\u00e1 na Baixada Santista em um per\u00edodo duradouro em meio \u00e0 alta temporada, a Secretaria de Seguran\u00e7a P\u00fablica do Estado (SSP) n\u00e3o confirma as informa\u00e7\u00f5es.Durante reuni\u00e3o do [&hellip;]<\/p>\n","protected":false},"author":5,"featured_media":50869,"comment_status":"open","ping_status":"open","sticky":false,"template":"","format":"standard","meta":{"_seopress_robots_primary_cat":"","_seopress_titles_title":"","_seopress_titles_desc":"","_seopress_robots_index":"","footnotes":""},"categories":[52],"tags":[],"class_list":["post-50868","post","type-post","status-publish","format-standard","has-post-thumbnail","hentry","category-santoseregiao"],"_links":{"self":[{"href":"https:\/\/mussicom.com\/noticias\/wp-json\/wp\/v2\/posts\/50868","targetHints":{"allow":["GET"]}}],"collection":[{"href":"https:\/\/mussicom.com\/noticias\/wp-json\/wp\/v2\/posts"}],"about":[{"href":"https:\/\/mussicom.com\/noticias\/wp-json\/wp\/v2\/types\/post"}],"author":[{"embeddable":true,"href":"https:\/\/mussicom.com\/noticias\/wp-json\/wp\/v2\/users\/5"}],"replies":[{"embeddable":true,"href":"https:\/\/mussicom.com\/noticias\/wp-json\/wp\/v2\/comments?post=50868"}],"version-history":[{"count":0,"href":"https:\/\/mussicom.com\/noticias\/wp-json\/wp\/v2\/posts\/50868\/revisions"}],"wp:featuredmedia":[{"embeddable":true,"href":"https:\/\/mussicom.com\/noticias\/wp-json\/wp\/v2\/media\/50869"}],"wp:attachment":[{"href":"https:\/\/mussicom.com\/noticias\/wp-json\/wp\/v2\/media?parent=50868"}],"wp:term":[{"taxonomy":"category","embeddable":true,"href":"https:\/\/mussicom.com\/noticias\/wp-json\/wp\/v2\/categories?post=50868"},{"taxonomy":"post_tag","embeddable":true,"href":"https:\/\/mussicom.com\/noticias\/wp-json\/wp\/v2\/tags?post=50868"}],"curies":[{"name":"wp","href":"https:\/\/api.w.org\/{rel}","templated":true}]}}