{"id":50829,"date":"2025-10-23T13:28:15","date_gmt":"2025-10-23T16:28:15","guid":{"rendered":"https:\/\/mussicom.com\/conheca-as-vencedoras-da-8a-edicao-da-premiacao\/"},"modified":"2025-10-23T13:28:15","modified_gmt":"2025-10-23T16:28:15","slug":"conheca-as-vencedoras-da-8a-edicao-da-premiacao","status":"publish","type":"post","link":"https:\/\/mussicom.com\/noticias\/conheca-as-vencedoras-da-8a-edicao-da-premiacao\/","title":{"rendered":"Conhe\u00e7a as vencedoras da 8\u00aa edi\u00e7\u00e3o da premia\u00e7\u00e3o"},"content":{"rendered":"<p> <br \/>\n<\/p>\n<div>\n<p style=\"text-align:justify\">A inova\u00e7\u00e3o no campo nem sempre depende de tecnologia ou altos investimentos, mas de solu\u00e7\u00f5es pr\u00e1ticas e criativas. Essa realidade ganha rosto e trajet\u00f3ria nas hist\u00f3rias das vencedoras da 8\u00aa edi\u00e7\u00e3o do Pr\u00eamio Mulheres do Agro, uma iniciativa da Bayer em parceria com a Associa\u00e7\u00e3o Brasileira do Agroneg\u00f3cio (Abag). De diferentes regi\u00f5es e perfis de neg\u00f3cio, as 10 premiadas representam a for\u00e7a de uma gest\u00e3o que alia criatividade, efici\u00eancia e prop\u00f3sito. O an\u00fancio das premiadas foi realizado durante o Congresso Nacional das Mulheres do Agroneg\u00f3cio.&#13;\n<\/p>\n<p style=\"text-align:justify\">Segundo Daniela Barros, diretora de Comunica\u00e7\u00e3o da Divis\u00e3o Agr\u00edcola da Bayer no Brasil, a premia\u00e7\u00e3o reflete informa\u00e7\u00e3o levantada pelo Instituto Quiddity, na pesquisa \u201cProdutoras Rurais e inova\u00e7\u00e3o no Campo\u201d, de que mais de 80% dos entrevistados reconhecem que as mulheres se destacam por serem criativas, questionadoras e propositivas. \u201c\u00c9 essa for\u00e7a que o Pr\u00eamio Mulheres do Agro reconhece e amplifica, pois acreditamos que a atua\u00e7\u00e3o feminina vem contribuindo para que o agroneg\u00f3cio continue seu caminho de inova\u00e7\u00e3o e sustentabilidade.<\/p>\n<p style=\"text-align:justify\">Para Gislaine Balbinot, Diretora Executiva da Abag, &#8220;temos o orgulho de fazer parte de uma iniciativa que n\u00e3o apenas destaca, mas amplifica a voz e o impacto dessas produtoras rurais e pesquisadoras. Elas s\u00e3o a prova viva de que a evolu\u00e7\u00e3o do agro se perpetua tamb\u00e9m pelo talento e dedica\u00e7\u00e3o delas, transformando o setor de dentro para fora.\u201d<\/p>\n<p style=\"text-align:justify\">Vencedoras e suas hist\u00f3rias de sucesso na gest\u00e3o<\/p>\n<p style=\"text-align:justify\">Lucivanda Fernandes, gestora da Fazenda Santo Expedito, localizada em Ubajara (CE), \u00e9 um exemplo dessa transforma\u00e7\u00e3o.\u00a0Primeira colocada na categoria Pequena Propriedade,\u00a0com uma produ\u00e7\u00e3o anual de mais de 12 milh\u00f5es de hastes de rosas de corte, cultivadas com reuso de \u00e1gua da chuva e controle biol\u00f3gico de pragas, ela transformou o neg\u00f3cio familiar em um ecossistema inovador. Al\u00e9m da produ\u00e7\u00e3o agr\u00edcola, a agricultora diversificou as atividades para incluir turismo de experi\u00eancia e a cria\u00e7\u00e3o da linha \u201cAromas da Fazenda\u201d, que reaproveita res\u00edduos florais para produzir sabonetes e difusores, agregando valor e promovendo a sustentabilidade.<\/p>\n<p style=\"text-align:justify\">Al\u00e9m de sua gest\u00e3o inovadora, Lucivanda estende seu impacto para fora da porteira, promovendo a\u00e7\u00f5es socioambientais. A fazenda oferece treinamentos para membros da comunidade e realiza eventos como o \u201cOutubro Rosa\u201d para conscientiza\u00e7\u00e3o sobre a import\u00e2ncia da preven\u00e7\u00e3o e do diagn\u00f3stico precoce do c\u00e2ncer de mama para o p\u00fablico externo; e o \u201cDia do Meio Ambiente\u201d, que envolve crian\u00e7as e filhos de colaboradores em educa\u00e7\u00e3o ambiental. Essas iniciativas fortalecem o v\u00ednculo com o entorno e demonstram um compromisso genu\u00edno com o desenvolvimento social e a sustentabilidade.&#13;\n<\/p>\n<p style=\"text-align:justify\">J\u00e1 Naiara Kasmin, terceira gera\u00e7\u00e3o \u00e0 frente da gest\u00e3o da Fazenda Campestre, localizada em Varginha (MG), mostra que \u00e9 poss\u00edvel inovar sem perder a ess\u00eancia. Sua vis\u00e3o empreendedora fez triplicar a produ\u00e7\u00e3o di\u00e1ria de leite, ap\u00f3s uma an\u00e1lise rigorosa de custos e identifica\u00e7\u00e3o de gargalos, como desatualiza\u00e7\u00e3o na estrutura e no manejo, incluindo pr\u00e1ticas sustent\u00e1veis como agricultura regenerativa, compostagem, integra\u00e7\u00e3o lavoura-pecu\u00e1ria-floresta (ILPF), energia solar e uso de bioinsumos. Na cafeicultura, sua gest\u00e3o tornou a fazenda refer\u00eancia em consultoria t\u00e9cnica e educacional do sudeste mineiro, com foco em caf\u00e9s especiais e ado\u00e7\u00e3o de tecnologias de rastreabilidade e precis\u00e3o.<\/p>\n<p style=\"text-align:justify\">A produtora tamb\u00e9m demonstra um forte compromisso com a comunidade local, Ela foi a\u00a0primeira colocada na categoria M\u00e9dia Propriedade. A fazenda participa ativamente de iniciativas no entorno, cedendo espa\u00e7o para a constru\u00e7\u00e3o de uma igreja e auxiliando em eventos e reformas. Tamb\u00e9m abre as portas da propriedade para alunos de escolas e faculdades, compartilhando conhecimento e experi\u00eancias. Essa atua\u00e7\u00e3o se estende a parcerias com \u00f3rg\u00e3os como a Companhia de Saneamento de Minas Gerais (COPASA), visando a preserva\u00e7\u00e3o das nascentes que abastecem a regi\u00e3o, refor\u00e7ando seu papel como agente de transforma\u00e7\u00e3o social e ambiental.<\/p>\n<p style=\"text-align:justify\">Em\u00a0primeiro lugar na categoria Grande Propriedades\u00a0Fl\u00e1via Strenger foi selecionada por sua gest\u00e3o na Fazenda Jaracati\u00e1, em Quer\u00eancia do Norte (PR). Strenger se dedica \u00e0 produ\u00e7\u00e3o org\u00e2nica certificada de \u00f3leos essenciais, plantas arom\u00e1ticas e bioinsumos derivados de res\u00edduos, operando em um modelo verticalizado que abrange cultivo, processamento e venda direta para grandes ind\u00fastrias. Al\u00e9m disso, a produtora implantou uma ind\u00fastria de destila\u00e7\u00e3o na pr\u00f3pria fazenda, desenvolveu maquin\u00e1rios pr\u00f3prios para culturas n\u00e3o convencionais, como plantas arom\u00e1ticas e \u00f3leos essenciais, e adota pr\u00e1ticas robustas de sustentabilidade, gest\u00e3o e governan\u00e7a, como uso de energia limpa, preserva\u00e7\u00e3o ambiental, desperd\u00edcio zero e inclus\u00e3o social.<\/p>\n<p style=\"text-align:justify\">A vencedora do Paran\u00e1 tamb\u00e9m se destaca pelo investimento no capital humano e no desenvolvimento social. Por meio do Instituto Fazenda Jaracati\u00e1, ela promove inclus\u00e3o e transforma vidas ao oferecer oportunidades de emprego e capacita\u00e7\u00e3o. A iniciativa desenvolve talentos locais, treinando funcion\u00e1rios ou terceiros para crescerem e ocuparem cargos mais altos ou t\u00e9cnicos. Seu compromisso se estende \u00e0 comunidade vizinha, atendendo a necessidades locais, al\u00e9m de construir um centro de conviv\u00eancia para idosos e crian\u00e7as.&#13;\n<\/p>\n<p style=\"text-align:justify\">Academia, ci\u00eancia e o futuro do agro<\/p>\n<p style=\"text-align:justify\">A\u00a0vencedora da categoria \u201cCi\u00eancia e Pesquisa\u201d, Dalilla Carvalho \u00e9 agr\u00f4noma e professora do Instituto Federal do Sul de Minas. Com doutorado em Fitopatologia pela ESALQ\/USP e passagem pela Technische Universit\u00e4t M\u00fcnchen, na Alemanha, Dalilla se destaca por pesquisas voltadas ao manejo sustent\u00e1vel de doen\u00e7as em plantas, com foco no uso de produtos naturais e biol\u00f3gicos. Sua atua\u00e7\u00e3o vai al\u00e9m do campo cient\u00edfico: coordena projetos que promovem inova\u00e7\u00e3o tecnol\u00f3gica, sustentabilidade ambiental e seguran\u00e7a alimentar, especialmente na cafeicultura e fruticultura do sul de Minas Gerais, aproximando a pesquisa das demandas reais da agricultura e da forma\u00e7\u00e3o de novos profissionais.<\/p>\n<p style=\"text-align:justify\">Ela tamb\u00e9m estende seu impacto diretamente aos produtores, sendo respons\u00e1vel por projetos de extens\u00e3o como o &#8220;Paisagens Sustent\u00e1veis&#8221;, que capacita mais de 1.500 cafeicultores da regi\u00e3o em boas pr\u00e1ticas agr\u00edcolas. Sua capacidade inovadora \u00e9 ainda evidenciada por ser inventora de uma patente na \u00e1rea de engenharia agr\u00edcola, um fermentador com potencial para uso em processos agroindustriais sustent\u00e1veis, demonstrando como a pesquisa pode gerar solu\u00e7\u00f5es concretas e de alto impacto para o setor.<\/p>\n<p style=\"text-align:justify\">Veja todas as ganhadoras do Pr\u00eamio Mulheres do Agro 2025:<\/p>\n<p style=\"text-align:justify\">Categoria &#8211; Pequena Propriedade:<\/p>\n<p style=\"text-align:justify\">1\u00ba lugar &#8211; Lucivanda Fernandes Siqueira, produtora de rosas em Ubajara, Cear\u00e1<\/p>\n<p style=\"text-align:justify\">2\u00ba lugar &#8211; Fabiane Kiyoko Shimokomaki, produtora de caf\u00e9 em Monte Carmelo, Minas Gerais<\/p>\n<p style=\"text-align:justify\">3\u00ba lugar &#8211; Francisca Luciana Ara\u00fajo Lisboa de Athayde, produtora de cacau, caf\u00e9 e frutas em Igarap\u00e9-A\u00e7u, Par\u00e1<\/p>\n<p style=\"text-align:justify\">Categoria &#8211; M\u00e9dia Propriedade:<\/p>\n<p style=\"text-align:justify\">1\u00ba lugar &#8211; Naiara Kasmin de Oliveira, produtora de caf\u00e9 e pecuarista em Varginha, Minas Gerais<\/p>\n<p style=\"text-align:justify\">2\u00ba lugar &#8211; Maria Helena da Silva Monteiro, produtora de caf\u00e9 em Dourado, S\u00e3o Paulo<\/p>\n<p style=\"text-align:justify\">3\u00ba lugar &#8211; Rhaissa Martins Gustin, de gado e leite em Monte Alegre de Minas, Minas Gerais<\/p>\n<p style=\"text-align:justify\">Categoria &#8211; Grande Propriedade:<\/p>\n<p style=\"text-align:justify\">1\u00ba lugar &#8211; Fl\u00e1via Strenger Garcia Cid, produtora de plantas arom\u00e1ticas e \u00f3leos essenciais em Quer\u00eancia do Norte, Paran\u00e1<\/p>\n<p style=\"text-align:justify\">2\u00ba lugar &#8211; Cl\u00e1udia Carvalho Calmon de S\u00e1, produtora de cacau em Salvador, Bahia<\/p>\n<p style=\"text-align:justify\">3\u00ba lugar &#8211; Juliana Basso, pecuarista de gado e leite, e produtora de caf\u00e9, milho, semente e soja Presidente Oleg\u00e1rio, Minas Gerais<\/p>\n<p style=\"text-align:justify\">Categoria \u2013 Ci\u00eancia e Pesquisa:<\/p>\n<p style=\"text-align:justify\">1\u00ba lugar &#8211; Dalilla Carvalho \u2013 Machado, Minas Gerais<\/p>\n<p style=\"text-align:justify\">Para saber mais sobre todas as vencedoras acesse\u00a0o site oficial do Pr\u00eamio Mulheres do Agro.<\/p>\n<p style=\"text-align:justify\">\u00a0<\/p>\n<\/p><\/div>\n<p><script data-cfasync=\"false\">\n    !function (f, b, e, v, n, t, s) {\n        if (f.fbq) return; n = f.fbq = function () {\n            n.callMethod ?\n                n.callMethod.apply(n, arguments) : n.queue.push(arguments)\n        };\n        if (!f._fbq) f._fbq = n; n.push = n; n.loaded = !0; n.version = '2.0';\n        n.queue = []; t = b.createElement(e); t.async = !0;\n        t.src = v; s = b.getElementsByTagName(e)[0];\n        s.parentNode.insertBefore(t, s)\n    }(window, document, 'script',\n        'https:\/\/connect.facebook.net\/en_US\/fbevents.js');\n    fbq('init', '522546078623747');\n    fbq('track', 'PageView');\n<\/script><br \/>\n<br \/><br \/>\n<br \/>Fonte: <a href=\"https:\/\/www.agrolink.com.br\/noticias\/premio-mulheres-do-agro-2025--conheca-as-vencedoras-da-8--edicao-da-premiacao_507279.html\">AGROLINK<\/a><\/p>\n","protected":false},"excerpt":{"rendered":"<p>A inova\u00e7\u00e3o no campo nem sempre depende de tecnologia ou altos investimentos, mas de solu\u00e7\u00f5es pr\u00e1ticas e criativas. Essa realidade ganha rosto e trajet\u00f3ria nas hist\u00f3rias das vencedoras da 8\u00aa edi\u00e7\u00e3o do Pr\u00eamio Mulheres do Agro, uma iniciativa da Bayer em parceria com a Associa\u00e7\u00e3o Brasileira do Agroneg\u00f3cio (Abag). De diferentes regi\u00f5es e perfis de [&hellip;]<\/p>\n","protected":false},"author":5,"featured_media":50830,"comment_status":"open","ping_status":"open","sticky":false,"template":"","format":"standard","meta":{"_seopress_robots_primary_cat":"","_seopress_titles_title":"","_seopress_titles_desc":"","_seopress_robots_index":"","footnotes":""},"categories":[53],"tags":[],"class_list":["post-50829","post","type-post","status-publish","format-standard","has-post-thumbnail","hentry","category-agronegocio"],"_links":{"self":[{"href":"https:\/\/mussicom.com\/noticias\/wp-json\/wp\/v2\/posts\/50829","targetHints":{"allow":["GET"]}}],"collection":[{"href":"https:\/\/mussicom.com\/noticias\/wp-json\/wp\/v2\/posts"}],"about":[{"href":"https:\/\/mussicom.com\/noticias\/wp-json\/wp\/v2\/types\/post"}],"author":[{"embeddable":true,"href":"https:\/\/mussicom.com\/noticias\/wp-json\/wp\/v2\/users\/5"}],"replies":[{"embeddable":true,"href":"https:\/\/mussicom.com\/noticias\/wp-json\/wp\/v2\/comments?post=50829"}],"version-history":[{"count":0,"href":"https:\/\/mussicom.com\/noticias\/wp-json\/wp\/v2\/posts\/50829\/revisions"}],"wp:featuredmedia":[{"embeddable":true,"href":"https:\/\/mussicom.com\/noticias\/wp-json\/wp\/v2\/media\/50830"}],"wp:attachment":[{"href":"https:\/\/mussicom.com\/noticias\/wp-json\/wp\/v2\/media?parent=50829"}],"wp:term":[{"taxonomy":"category","embeddable":true,"href":"https:\/\/mussicom.com\/noticias\/wp-json\/wp\/v2\/categories?post=50829"},{"taxonomy":"post_tag","embeddable":true,"href":"https:\/\/mussicom.com\/noticias\/wp-json\/wp\/v2\/tags?post=50829"}],"curies":[{"name":"wp","href":"https:\/\/api.w.org\/{rel}","templated":true}]}}