{"id":50760,"date":"2025-10-23T06:15:20","date_gmt":"2025-10-23T09:15:20","guid":{"rendered":"https:\/\/mussicom.com\/fachin-autoriza-fux-a-mudar-para-a-segunda-turma-do-stf\/"},"modified":"2025-10-23T06:15:20","modified_gmt":"2025-10-23T09:15:20","slug":"fachin-autoriza-fux-a-mudar-para-a-segunda-turma-do-stf","status":"publish","type":"post","link":"https:\/\/mussicom.com\/noticias\/fachin-autoriza-fux-a-mudar-para-a-segunda-turma-do-stf\/","title":{"rendered":"Fachin autoriza Fux a mudar para a Segunda Turma do STF"},"content":{"rendered":"<p> <br \/>\n<\/p>\n<div>\n<p class=\"postParagraph_post-paragraph-innerHtml__Q5vwc\">O presidente do Supremo Tribunal Federal (STF), Edson Fachin, concedeu nesta quarta-feira (22) a transfer\u00eancia do ministro Luiz Fux para a Segunda Turma a partir da pr\u00f3xima semana. Fux solicitou a mudan\u00e7a no \u00faltimo dia de julgamento do &#8220;n\u00facleo 4&#8221; da suposta tentativa de golpe de Estado, na ter\u00e7a-feira (21).<\/p>\n<p class=\"postParagraph_post-paragraph__juWZN\">Com a mudan\u00e7a, a Segunda Turma ser\u00e1 formada pelos ministros Gilmar Mendes (presidente), Andr\u00e9 Mendon\u00e7a, Nunes Marques, Dias Toffoli e Fux. A troca foi poss\u00edvel ap\u00f3s a aposentadoria do ministro Lu\u00eds Roberto Barroso, ocorrida no \u00faltimo s\u00e1bado (18).<\/p>\n<p class=\"postParagraph_post-paragraph__juWZN\">Barroso passaria a fazer parte da Segunda Turma. No final da sess\u00e3o de ter\u00e7a, Fux disse que j\u00e1 havia discutido sobre a transfer\u00eancia com o ministro aposentado. &#8220;\u00c9 bastante usual [a mudan\u00e7a]. Eu sempre perdi na antiguidade. Como Barroso se aposentou, tive de fazer esse movimento imediatamente&#8221;, afirmou.<\/p>\n<div class=\"postViewMore_post-view-more-container___5wai\" data-mrf-recirculation=\"Post - Veja tamb\u00e9m\">\n<p class=\"gp-styles-module-size-small-afeYRa gp-styles-module-font-family2-afeYRa gp-styles-module-color-secondary-afeYRa gp-styles-module-weight-bold-afeYRa\">VEJA TAMB\u00c9M:<\/p>\n<ul class=\"postViewMore_post-view-more-list__CU_CE\">\n<li class=\"postViewMore_post-view-more-item__2MzRb\"><span class=\"postViewMore_post-view-more-link-icon___stPC\"><svg xmlns=\"http:\/\/www.w3.org\/2000\/svg\" width=\"16\" height=\"16\" viewbox=\"0 0 16 16\"><rect width=\"16\" height=\"16\" fill=\"none\"\/><g transform=\"translate(3 3)\"><path d=\"M22.5,15l3.4,3.4-3.4,3.4\" transform=\"translate(-15.896 -11.793)\" fill=\"none\" stroke=\"#717171\" stroke-linecap=\"round\" stroke-width=\"1.4\"\/><path d=\"M6,6v4.2a2.452,2.452,0,0,0,2.5,2.4H16\" transform=\"translate(-6 -6)\" fill=\"none\" stroke=\"#717171\" stroke-linecap=\"round\" stroke-width=\"1.4\"\/><\/g><\/svg><\/span><span class=\"postViewMore_post-view-more-link-text__hO_kM\">Minist\u00e9rio P\u00fablico da It\u00e1lia d\u00e1 parecer favor\u00e1vel \u00e0 extradi\u00e7\u00e3o de Carla Zambelli, diz AGU<\/span><\/li>\n<\/ul>\n<\/div>\n<p class=\"postParagraph_post-paragraph__juWZN\">Antes de decidir, Fachin consultou a ministra C\u00e1rmen L\u00facia que, por ser a decana da Primeira Turma, teria a prefer\u00eancia para trocar de colegiado. \u201cDiante da aus\u00eancia de manifesta\u00e7\u00e3o de interesse de integrante mais antigo, concedo a solicitada transfer\u00eancia para a Segunda Turma, nos termos dos artigos 13, X e 19 do Regimento Interno desta Corte\u201d, decidiu o presidente do STF.<\/p>\n<p class=\"postParagraph_post-paragraph__juWZN\">Fux foi o \u00fanico a votar pela absolvi\u00e7\u00e3o do ex-presidente Jair Bolsonaro (PL) na a\u00e7\u00e3o penal da suposta trama golpista. Ele reiterou a diverg\u00eancia com os colegas durante o julgamento do &#8220;n\u00facleo 4&#8221;.<\/p>\n<p class=\"postParagraph_post-paragraph__juWZN\">A sa\u00edda de Fux deixa a Primeira Turma desfalcada. O colegiado, repons\u00e1vel por julgar as a\u00e7\u00f5es sobre a suposta tentativa de golpe de Estado, ficar\u00e1 com quatro ministros: Alexandre de Moraes, Fl\u00e1vio Dino (presidente), C\u00e1rmen L\u00facia e Cristiano Zanin. O indicado pelo presidente Luiz In\u00e1cio Lula da Silva (PT) para vaga de Barroso poder\u00e1 compor a Primeira Turma.<\/p>\n<p class=\"postParagraph_post-paragraph__juWZN\">No despacho, Fachin citou que a previs\u00e3o est\u00e1 prevista no artigo 19 do Regimento Interno do STF, segundo o qual \u201co ministro de uma Turma tem o direito de transferir-se para outra onde haja vaga; havendo mais de um pedido, ter\u00e1 prefer\u00eancia o do mais antigo\u201d.<\/p>\n<\/div>\n<p><br \/>\n<br \/>Fonte: <a href=\"https:\/\/www.gazetadopovo.com.br\/republica\/fachin-autoriza-fux-a-compor-a-segunda-turma-do-stf\/\">Revista Oeste<\/a><\/p>\n","protected":false},"excerpt":{"rendered":"<p>O presidente do Supremo Tribunal Federal (STF), Edson Fachin, concedeu nesta quarta-feira (22) a transfer\u00eancia do ministro Luiz Fux para a Segunda Turma a partir da pr\u00f3xima semana. Fux solicitou a mudan\u00e7a no \u00faltimo dia de julgamento do &#8220;n\u00facleo 4&#8221; da suposta tentativa de golpe de Estado, na ter\u00e7a-feira (21). Com a mudan\u00e7a, a Segunda [&hellip;]<\/p>\n","protected":false},"author":5,"featured_media":50761,"comment_status":"open","ping_status":"open","sticky":false,"template":"","format":"standard","meta":{"_seopress_robots_primary_cat":"","_seopress_titles_title":"","_seopress_titles_desc":"","_seopress_robots_index":"","footnotes":""},"categories":[1],"tags":[],"class_list":["post-50760","post","type-post","status-publish","format-standard","has-post-thumbnail","hentry","category-ultimas-noticias"],"_links":{"self":[{"href":"https:\/\/mussicom.com\/noticias\/wp-json\/wp\/v2\/posts\/50760","targetHints":{"allow":["GET"]}}],"collection":[{"href":"https:\/\/mussicom.com\/noticias\/wp-json\/wp\/v2\/posts"}],"about":[{"href":"https:\/\/mussicom.com\/noticias\/wp-json\/wp\/v2\/types\/post"}],"author":[{"embeddable":true,"href":"https:\/\/mussicom.com\/noticias\/wp-json\/wp\/v2\/users\/5"}],"replies":[{"embeddable":true,"href":"https:\/\/mussicom.com\/noticias\/wp-json\/wp\/v2\/comments?post=50760"}],"version-history":[{"count":0,"href":"https:\/\/mussicom.com\/noticias\/wp-json\/wp\/v2\/posts\/50760\/revisions"}],"wp:featuredmedia":[{"embeddable":true,"href":"https:\/\/mussicom.com\/noticias\/wp-json\/wp\/v2\/media\/50761"}],"wp:attachment":[{"href":"https:\/\/mussicom.com\/noticias\/wp-json\/wp\/v2\/media?parent=50760"}],"wp:term":[{"taxonomy":"category","embeddable":true,"href":"https:\/\/mussicom.com\/noticias\/wp-json\/wp\/v2\/categories?post=50760"},{"taxonomy":"post_tag","embeddable":true,"href":"https:\/\/mussicom.com\/noticias\/wp-json\/wp\/v2\/tags?post=50760"}],"curies":[{"name":"wp","href":"https:\/\/api.w.org\/{rel}","templated":true}]}}