{"id":50702,"date":"2025-10-22T22:07:18","date_gmt":"2025-10-23T01:07:18","guid":{"rendered":"https:\/\/mussicom.com\/camara-aprova-projeto-que-limita-decisoes-monocraticas-no-stf\/"},"modified":"2025-10-22T22:07:18","modified_gmt":"2025-10-23T01:07:18","slug":"camara-aprova-projeto-que-limita-decisoes-monocraticas-no-stf","status":"publish","type":"post","link":"https:\/\/mussicom.com\/noticias\/camara-aprova-projeto-que-limita-decisoes-monocraticas-no-stf\/","title":{"rendered":"C\u00e2mara aprova projeto que limita decis\u00f5es monocr\u00e1ticas no STF"},"content":{"rendered":"<p> <br \/>\n<\/p>\n<div>\n<p class=\"postParagraph_post-paragraph-innerHtml__Q5vwc\">A C\u00e2mara dos Deputados rejeitou nesta quarta-feira (22) um recurso do Novo contra a vota\u00e7\u00e3o conclusiva da Comiss\u00e3o de Constitui\u00e7\u00e3o e Justi\u00e7a (CCJ) do projeto de lei que limita decis\u00f5es monocr\u00e1ticas do Supremo Tribunal Federal (STF) e restringe a\u00e7\u00f5es de partidos pequenos na Corte. Foram 344 votos contra o recurso e 95 a favor. O texto foi encaminhado ao Senado.<\/p>\n<p class=\"postParagraph_post-paragraph-innerHtml__Q5vwc\">No dia 30 de setembro, a comiss\u00e3o aprovou, em car\u00e1ter conclusivo, o substitutivo do relator, deputado Alex Manente (Cidadania-SP), para o projeto de lei 3.640\/23, de autoria do deputado Marcos Pereira (Republicanos-SP). Em seguida, a proposta deveria ter sido enviada ao Senado, sem passar pela vota\u00e7\u00e3o no plan\u00e1rio da C\u00e2mara, mas o Novo protocolou um recurso contra a tramita\u00e7\u00e3o.<\/p>\n<p class=\"postParagraph_post-paragraph__juWZN\">O projeto determina que os ministros dever\u00e3o justificar as decis\u00f5es monocr\u00e1ticas, proferidas por um \u00fanico integrante da Corte, submetendo o parecer \u00e0 an\u00e1lise do plen\u00e1rio j\u00e1 na sess\u00e3o seguinte. Caso contr\u00e1rio, a decis\u00e3o monocr\u00e1tica se tornar\u00e1 nula.<\/p>\n<div class=\"postViewMore_post-view-more-container___5wai\" data-mrf-recirculation=\"Post - Veja tamb\u00e9m\">\n<p class=\"gp-styles-module-size-small-afeYRa gp-styles-module-font-family2-afeYRa gp-styles-module-color-secondary-afeYRa gp-styles-module-weight-bold-afeYRa\">VEJA TAMB\u00c9M:<\/p>\n<ul class=\"postViewMore_post-view-more-list__CU_CE\">\n<li class=\"postViewMore_post-view-more-item__2MzRb\"><span class=\"postViewMore_post-view-more-link-icon___stPC\"><svg xmlns=\"http:\/\/www.w3.org\/2000\/svg\" width=\"16\" height=\"16\" viewbox=\"0 0 16 16\"><rect width=\"16\" height=\"16\" fill=\"none\"\/><g transform=\"translate(3 3)\"><path d=\"M22.5,15l3.4,3.4-3.4,3.4\" transform=\"translate(-15.896 -11.793)\" fill=\"none\" stroke=\"#717171\" stroke-linecap=\"round\" stroke-width=\"1.4\"\/><path d=\"M6,6v4.2a2.452,2.452,0,0,0,2.5,2.4H16\" transform=\"translate(-6 -6)\" fill=\"none\" stroke=\"#717171\" stroke-linecap=\"round\" stroke-width=\"1.4\"\/><\/g><\/svg><\/span><span class=\"postViewMore_post-view-more-link-text__hO_kM\">Moraes nega pedido de Bolsonaro para receber visita de Valdemar<\/span><\/li>\n<\/ul>\n<\/div>\n<p class=\"postParagraph_post-paragraph__juWZN\">Tamb\u00e9m define prazos para manifesta\u00e7\u00f5es da Advocacia-Geral da Uni\u00e3o (AGU) e da Procuradoria-Geral da Rep\u00fablica (PGR), al\u00e9m de crit\u00e9rios para audi\u00eancias p\u00fablicas e admiss\u00e3o de amici curiae, partes que tamb\u00e9m t\u00eam interesse de se manifestar no processo.<\/p>\n<p class=\"postParagraph_post-paragraph__juWZN\">A proposta abrange as a\u00e7\u00f5es Direta de Inconstitucionalidade (ADI), Direta de Inconstitucionalidade por Omiss\u00e3o (ADO), Declarat\u00f3ria de Constitucionalidade (ADC) e Argui\u00e7\u00e3o de Descumprimento de Preceito Fundamental (ADPF).<\/p>\n<p class=\"postParagraph_post-paragraph__juWZN\">O PL 3.640\/23 estabelece que o julgamento dessas a\u00e7\u00f5es deve ocorrer em at\u00e9 12 meses ap\u00f3s a distribui\u00e7\u00e3o, com possibilidade de prorroga\u00e7\u00e3o justificada. O texto refor\u00e7a a exig\u00eancia de qu\u00f3rum qualificado (dois ter\u00e7os dos ministros) para a modula\u00e7\u00e3o dos efeitos das decis\u00f5es do STF, diferentemente da proposta original, que previa apenas maioria simples.<\/p>\n<p class=\"postParagraph_post-paragraph__juWZN\">O projeto inicial era o resultado do trabalho desenvolvido por uma comiss\u00e3o de juristas, presidida pelo ministro Gilmar Mendes, \u201ccom o objetivo de sistematizar as normas de processo constitucional brasileiro\u201d.<\/p>\n<h2 class=\"postParagraph_post-paragraph__juWZN postParagraph_type-tag-h2__TtFkT\">Partidos pequenos n\u00e3o poder\u00e3o acionar o STF<\/h2>\n<p class=\"postParagraph_post-paragraph__juWZN\">O projeto restringe quem pode acionar o Supremo. A proposta prev\u00ea que somente os partidos que tenham obtido cl\u00e1usula de desempenho poder\u00e3o mover a\u00e7\u00f5es sobre a constitucionalidade de normas legais. O limite de cl\u00e1usula de desempenho n\u00e3o constava do projeto original da comiss\u00e3o de Gilmar Mendes.<\/p>\n<p class=\"postParagraph_post-paragraph-innerHtml__Q5vwc\">&#8220;\u00c9 mais uma possibilidade de restringir o poder de partidos menores&#8221;, disse o deputado Gilson Marques (Novo-SC), cujo partido tem 5 deputados atualmente na C\u00e2mara. Sindicatos, associa\u00e7\u00f5es e entidades, que n\u00e3o t\u00eam car\u00e1ter nacional, n\u00e3o conseguir\u00e3o mais acionar a Corte, informou a <em>Ag\u00eancia C\u00e2mara<\/em>.<\/p>\n<p class=\"postParagraph_post-paragraph__juWZN\">A Emenda Constitucional 97\/2017 determina que, a partir de 2027, apenas atingir\u00e3o a cl\u00e1usula partidos que tenham obtido, nas elei\u00e7\u00f5es imediatamente anteriores, um m\u00ednimo de 13 deputados federais distribu\u00eddos em, ao menos, um ter\u00e7o das unidades da Federa\u00e7\u00e3o.<\/p>\n<p class=\"postParagraph_post-paragraph__juWZN\">Tamb\u00e9m alcan\u00e7ar\u00e3o a cl\u00e1usula aqueles que tenham um m\u00ednimo de 2,5% dos votos v\u00e1lidos, distribu\u00eddos em pelo menos um ter\u00e7o das unidades da Federa\u00e7\u00e3o, com um m\u00ednimo de 1,5% dos votos v\u00e1lidos em cada uma delas.<\/p>\n<p class=\"postParagraph_post-paragraph__juWZN\">A deputada Fernanda Melchionna (PSOL-RS) considerou a proposta como uma forma de vingan\u00e7a, apontando que \u201cuma maioria que quer inviabilizar partidos combativos\u201d de atuar no Supremo. O PSOL conta com 14 deputados em exerc\u00edcio.<\/p>\n<\/div>\n<p><br \/>\n<br \/>Fonte: <a href=\"https:\/\/www.gazetadopovo.com.br\/republica\/camara-aprova-projeto-que-limita-decisoes-monocraticas-no-stf\/\">Revista Oeste<\/a><\/p>\n","protected":false},"excerpt":{"rendered":"<p>A C\u00e2mara dos Deputados rejeitou nesta quarta-feira (22) um recurso do Novo contra a vota\u00e7\u00e3o conclusiva da Comiss\u00e3o de Constitui\u00e7\u00e3o e Justi\u00e7a (CCJ) do projeto de lei que limita decis\u00f5es monocr\u00e1ticas do Supremo Tribunal Federal (STF) e restringe a\u00e7\u00f5es de partidos pequenos na Corte. Foram 344 votos contra o recurso e 95 a favor. O [&hellip;]<\/p>\n","protected":false},"author":5,"featured_media":50703,"comment_status":"open","ping_status":"open","sticky":false,"template":"","format":"standard","meta":{"_seopress_robots_primary_cat":"","_seopress_titles_title":"","_seopress_titles_desc":"","_seopress_robots_index":"","footnotes":""},"categories":[1],"tags":[],"class_list":["post-50702","post","type-post","status-publish","format-standard","has-post-thumbnail","hentry","category-ultimas-noticias"],"_links":{"self":[{"href":"https:\/\/mussicom.com\/noticias\/wp-json\/wp\/v2\/posts\/50702","targetHints":{"allow":["GET"]}}],"collection":[{"href":"https:\/\/mussicom.com\/noticias\/wp-json\/wp\/v2\/posts"}],"about":[{"href":"https:\/\/mussicom.com\/noticias\/wp-json\/wp\/v2\/types\/post"}],"author":[{"embeddable":true,"href":"https:\/\/mussicom.com\/noticias\/wp-json\/wp\/v2\/users\/5"}],"replies":[{"embeddable":true,"href":"https:\/\/mussicom.com\/noticias\/wp-json\/wp\/v2\/comments?post=50702"}],"version-history":[{"count":0,"href":"https:\/\/mussicom.com\/noticias\/wp-json\/wp\/v2\/posts\/50702\/revisions"}],"wp:featuredmedia":[{"embeddable":true,"href":"https:\/\/mussicom.com\/noticias\/wp-json\/wp\/v2\/media\/50703"}],"wp:attachment":[{"href":"https:\/\/mussicom.com\/noticias\/wp-json\/wp\/v2\/media?parent=50702"}],"wp:term":[{"taxonomy":"category","embeddable":true,"href":"https:\/\/mussicom.com\/noticias\/wp-json\/wp\/v2\/categories?post=50702"},{"taxonomy":"post_tag","embeddable":true,"href":"https:\/\/mussicom.com\/noticias\/wp-json\/wp\/v2\/tags?post=50702"}],"curies":[{"name":"wp","href":"https:\/\/api.w.org\/{rel}","templated":true}]}}