{"id":50656,"date":"2025-10-22T16:17:15","date_gmt":"2025-10-22T19:17:15","guid":{"rendered":"https:\/\/mussicom.com\/ccj-do-senado-aprova-projeto-de-gratuidade-de-mala-de-mao\/"},"modified":"2025-10-22T16:17:15","modified_gmt":"2025-10-22T19:17:15","slug":"ccj-do-senado-aprova-projeto-de-gratuidade-de-mala-de-mao","status":"publish","type":"post","link":"https:\/\/mussicom.com\/noticias\/ccj-do-senado-aprova-projeto-de-gratuidade-de-mala-de-mao\/","title":{"rendered":"CCJ do Senado aprova projeto de gratuidade de mala de m\u00e3o"},"content":{"rendered":"<p> <br \/>\n<\/p>\n<div>\n<p class=\"postParagraph_post-paragraph__juWZN\">A Comiss\u00e3o de Constitui\u00e7\u00e3o e Justi\u00e7a (CCJ) do Senado aprovou, nesta quarta-feira (22), o Projeto de Lei (PL) 120\/2020, que garante a passageiros o direito de transportar de gra\u00e7a at\u00e9 10 quilos de bagagem de m\u00e3o em voos nacionais e internacionais.<\/p>\n<p class=\"postParagraph_post-paragraph__juWZN\">De autoria do senador Randolfe Rodrigues (PT-AP) e relatado por Veneziano Vital do R\u00eago (MDB-PB), o PL segue agora para an\u00e1lise na C\u00e2mara dos Deputados.<\/p>\n<div class=\"postViewMore_post-view-more-container___5wai\" data-mrf-recirculation=\"Post - Veja tamb\u00e9m\">\n<p class=\"gp-styles-module-size-small-afeYRa gp-styles-module-font-family2-afeYRa gp-styles-module-color-secondary-afeYRa gp-styles-module-weight-bold-afeYRa\">VEJA TAMB\u00c9M:<\/p>\n<ul class=\"postViewMore_post-view-more-list__CU_CE\">\n<li class=\"postViewMore_post-view-more-item__2MzRb\"><span class=\"postViewMore_post-view-more-link-icon___stPC\"><svg xmlns=\"http:\/\/www.w3.org\/2000\/svg\" width=\"16\" height=\"16\" viewbox=\"0 0 16 16\"><rect width=\"16\" height=\"16\" fill=\"none\"\/><g transform=\"translate(3 3)\"><path d=\"M22.5,15l3.4,3.4-3.4,3.4\" transform=\"translate(-15.896 -11.793)\" fill=\"none\" stroke=\"#717171\" stroke-linecap=\"round\" stroke-width=\"1.4\"\/><path d=\"M6,6v4.2a2.452,2.452,0,0,0,2.5,2.4H16\" transform=\"translate(-6 -6)\" fill=\"none\" stroke=\"#717171\" stroke-linecap=\"round\" stroke-width=\"1.4\"\/><\/g><\/svg><\/span><span class=\"postViewMore_post-view-more-link-text__hO_kM\">Motta v\u00ea \u201cabuso\u201d e pauta urg\u00eancia de PL contra cobran\u00e7a de mala de m\u00e3o<\/span><\/li>\n<li class=\"postViewMore_post-view-more-item__2MzRb\"><span class=\"postViewMore_post-view-more-link-icon___stPC\"><svg xmlns=\"http:\/\/www.w3.org\/2000\/svg\" width=\"16\" height=\"16\" viewbox=\"0 0 16 16\"><rect width=\"16\" height=\"16\" fill=\"none\"\/><g transform=\"translate(3 3)\"><path d=\"M22.5,15l3.4,3.4-3.4,3.4\" transform=\"translate(-15.896 -11.793)\" fill=\"none\" stroke=\"#717171\" stroke-linecap=\"round\" stroke-width=\"1.4\"\/><path d=\"M6,6v4.2a2.452,2.452,0,0,0,2.5,2.4H16\" transform=\"translate(-6 -6)\" fill=\"none\" stroke=\"#717171\" stroke-linecap=\"round\" stroke-width=\"1.4\"\/><\/g><\/svg><\/span><span class=\"postViewMore_post-view-more-link-text__hO_kM\">Economia em foco: fim da taxa da bagagem de m\u00e3o avan\u00e7a e governo mira taxar apostas<\/span><\/li>\n<\/ul>\n<\/div>\n<p class=\"postParagraph_post-paragraph__juWZN\">\u201cO projeto busca normatizar o transporte de bagagem de m\u00e3o e impedir que empresas a\u00e9reas cobrem por um direito b\u00e1sico do passageiro\u201d, afirmou Veneziano Vital do R\u00eago.<\/p>\n<p class=\"postParagraph_post-paragraph__juWZN\">R\u00eago ressaltou que medidas anteriores, de cobran\u00e7a de bagagens n\u00e3o baratearam passagens, contrariando as promessas.<\/p>\n<p class=\"postParagraph_post-paragraph__juWZN\">O projeto altera o C\u00f3digo Brasileiro de Aeron\u00e1utica para padronizar dimens\u00f5es e peso da bagagem de m\u00e3o, impedindo que companhias a\u00e9reas cobrem taxas adicionais por esse tipo de volume.<\/p>\n<p class=\"postParagraph_post-paragraph__juWZN\">A proposta estabelece que o transporte gratuito se aplica ao compartimento superior da cabine e que eventuais restri\u00e7\u00f5es s\u00f3 poder\u00e3o ser feitas por motivos de seguran\u00e7a ou capacidade da aeronave. Em caso de falta de espa\u00e7o, a bagagem dever\u00e1 ser despachada sem custo para o passageiro.<\/p>\n<p class=\"postParagraph_post-paragraph__juWZN\">A medida busca fechar brechas criadas pela resolu\u00e7\u00e3o da Anac de 2016, que permitiu \u00e0s empresas cobrarem por bagagens de m\u00e3o ao n\u00e3o garantir expressamente a gratuidade. Segundo o relator, o novo texto oferece uma solu\u00e7\u00e3o definitiva em lei, evitando depender de regulamentos administrativos que podem mudar conforme as pol\u00edticas das companhias ou decis\u00f5es da Anac.<\/p>\n<p class=\"postParagraph_post-paragraph__juWZN\">A C\u00e2mara dos Deputados aprovou na ter\u00e7a-feira regime de urg\u00eancia para o Projeto de Lei 5041\/2025 que pro\u00edbe a cobran\u00e7a de bagagem de m\u00e3o em voos comerciais no Brasil. Agora, o PL do Senado se soma a este PL.<\/p>\n<p class=\"postParagraph_post-paragraph__juWZN\">Com a aprova\u00e7\u00e3o da urg\u00eancia, o texto de autoria do deputado Da Vitoria (PP-ES), poder\u00e1 ser votado diretamente no Plen\u00e1rio, sem necessidade de an\u00e1lise pr\u00e9via pelas comiss\u00f5es tem\u00e1ticas da Casa.<\/p>\n<\/div>\n<p><br \/>\n<br \/>Fonte: <a href=\"https:\/\/www.gazetadopovo.com.br\/economia\/ccj-do-senado-aprova-projeto-de-gratuidade-de-mala-de-bordo\/\">Gazeta do Povo<\/a><\/p>\n","protected":false},"excerpt":{"rendered":"<p>A Comiss\u00e3o de Constitui\u00e7\u00e3o e Justi\u00e7a (CCJ) do Senado aprovou, nesta quarta-feira (22), o Projeto de Lei (PL) 120\/2020, que garante a passageiros o direito de transportar de gra\u00e7a at\u00e9 10 quilos de bagagem de m\u00e3o em voos nacionais e internacionais. De autoria do senador Randolfe Rodrigues (PT-AP) e relatado por Veneziano Vital do R\u00eago [&hellip;]<\/p>\n","protected":false},"author":5,"featured_media":50657,"comment_status":"open","ping_status":"open","sticky":false,"template":"","format":"standard","meta":{"_seopress_robots_primary_cat":"","_seopress_titles_title":"","_seopress_titles_desc":"","_seopress_robots_index":"","footnotes":""},"categories":[45],"tags":[],"class_list":["post-50656","post","type-post","status-publish","format-standard","has-post-thumbnail","hentry","category-economia"],"_links":{"self":[{"href":"https:\/\/mussicom.com\/noticias\/wp-json\/wp\/v2\/posts\/50656","targetHints":{"allow":["GET"]}}],"collection":[{"href":"https:\/\/mussicom.com\/noticias\/wp-json\/wp\/v2\/posts"}],"about":[{"href":"https:\/\/mussicom.com\/noticias\/wp-json\/wp\/v2\/types\/post"}],"author":[{"embeddable":true,"href":"https:\/\/mussicom.com\/noticias\/wp-json\/wp\/v2\/users\/5"}],"replies":[{"embeddable":true,"href":"https:\/\/mussicom.com\/noticias\/wp-json\/wp\/v2\/comments?post=50656"}],"version-history":[{"count":0,"href":"https:\/\/mussicom.com\/noticias\/wp-json\/wp\/v2\/posts\/50656\/revisions"}],"wp:featuredmedia":[{"embeddable":true,"href":"https:\/\/mussicom.com\/noticias\/wp-json\/wp\/v2\/media\/50657"}],"wp:attachment":[{"href":"https:\/\/mussicom.com\/noticias\/wp-json\/wp\/v2\/media?parent=50656"}],"wp:term":[{"taxonomy":"category","embeddable":true,"href":"https:\/\/mussicom.com\/noticias\/wp-json\/wp\/v2\/categories?post=50656"},{"taxonomy":"post_tag","embeddable":true,"href":"https:\/\/mussicom.com\/noticias\/wp-json\/wp\/v2\/tags?post=50656"}],"curies":[{"name":"wp","href":"https:\/\/api.w.org\/{rel}","templated":true}]}}