{"id":50627,"date":"2025-10-22T13:04:15","date_gmt":"2025-10-22T16:04:15","guid":{"rendered":"https:\/\/mussicom.com\/produtores-do-piaui-participam-de-treinamento-da-embrapa-sobre-manejo-de-caju-e-goiaba\/"},"modified":"2025-10-22T13:04:15","modified_gmt":"2025-10-22T16:04:15","slug":"produtores-do-piaui-participam-de-treinamento-da-embrapa-sobre-manejo-de-caju-e-goiaba","status":"publish","type":"post","link":"https:\/\/mussicom.com\/noticias\/produtores-do-piaui-participam-de-treinamento-da-embrapa-sobre-manejo-de-caju-e-goiaba\/","title":{"rendered":"Produtores do Piau\u00ed participam de treinamento da Embrapa sobre manejo de caju e goiaba"},"content":{"rendered":"<p> <br \/>\n<\/p>\n<div>\n<div class=\"row\">\n<div class=\"col-lg col-infos mt-0 mt-lg-0\">\n<div class=\"section-sub-title\">\n<p itemprop=\"description\">&#13;<br \/>\n                                Capacita\u00e7\u00f5es da Embrapa abordam cultivo de caju e goiaba no Piau\u00ed&#13;\n                            <\/p>\n<\/p><\/div>\n<div class=\"container\">\n<div class=\"row\">\n<div class=\"col-lg p-0\">\n<div>\n<div class=\"block-news-main-infos mt-3 text-start\">\n<p>                                            <strong class=\"fn\" itemprop=\"author\" style=\"color: rgb(112, 112, 112); \">&#13;<br \/>\n                                                Embrapa&#13;<br \/>\n&#13;<br \/>\n&#13;<br \/>\n                                            <\/strong><br \/>\n                                        <\/p>\n<p>                                            <abbr><time datetime=\"2025 - 10 - 22T11:06\" itemprop=\"datePublished dateModified\"> Publicado em 22\/10\/2025 \u00e0s 11:06h.<\/time><\/abbr>\n                                    <\/div>\n<\/p><\/div>\n<\/p><\/div>\n<div class=\"col-lg p-0 text-lg-end\">\n<div>\n<div id=\"mdEnviarPagina\" class=\"modal fade\" role=\"dialog\">\n<div class=\"modal-dialog\">\n<div class=\"modal-content\">\n<div class=\"modal-body\">\n<p><strong>Estimado usu\u00e1rio.<\/strong><br \/>Preencha o formul\u00e1rio abaixo para remeter a p\u00e1gina.<\/p>\n<\/p><\/div>\n<\/p><\/div>\n<\/p><\/div>\n<\/div><\/div>\n<\/p><\/div>\n<\/p><\/div>\n<\/p><\/div>\n<\/p><\/div>\n<\/p><\/div>\n<div class=\"row justify-content-md-center mt-3\">\n<div class=\"col-lg-auto col-image block-news-main-image\">\n<p>                                <br \/>\n                                                <span class=\"publicity-photo d-block mt-1\">Foto: Divulga\u00e7\u00e3o<\/span><\/p><\/div>\n<\/p><\/div>\n<div class=\"section-description section-description-noticias mt-3\">\n<p>Agricultores, estudantes e t\u00e9cnicos de assist\u00eancia t\u00e9cnica e extens\u00e3o rural de Concei\u00e7\u00e3o do Canind\u00e9 (PI) v\u00e3o participar de capacita\u00e7\u00f5es sobre cultivo de caju e goiaba, ministradas pela Embrapa Meio-Norte (Teresina-PI), na C\u00e2mara Municipal, nos dias 29 e 30 de outubro de 2025.&#13;\n<\/p>\n<p>No dia 29, os participantes do curso \u201cTecnologias para o cultivo do cajueiro\u201d v\u00e3o conhecer a import\u00e2ncia socioecon\u00f4mica da cajucultura no Meio-Norte do Brasil; o desempenho da cadeia produtiva do caju; como implantar e manejar um pomar de cajueiro; as caracter\u00edsticas de jardim clonal e jardim de sementes; propaga\u00e7\u00e3o, produ\u00e7\u00e3o de mudas e implanta\u00e7\u00e3o do viveiro; clones comerciais indicados e substitui\u00e7\u00e3o de copas de cajueiro comum improdutivo. Al\u00e9m disso, tamb\u00e9m v\u00e3o receber informa\u00e7\u00f5es sobre os tipos de podas; pragas e doen\u00e7as do cajueiro e manejo dos pomares. A capacita\u00e7\u00e3o ser\u00e1 ministrada pelo engenheiro agr\u00f4nomo da Embrapa Meio-Norte, Pedro Rodrigues.<\/p>\n<p>\u201cCultivo da goiabeira irrigada\u201d ser\u00e1 o tema abordado na capacita\u00e7\u00e3o do dia 30, ministrada\u00a0pelo pesquisador da Embrapa Meio-Norte Humberto Umbelino. A programa\u00e7\u00e3o vai abranger a import\u00e2ncia socioecon\u00f4mica da cultura da goiabeira; material gen\u00e9tico e produ\u00e7\u00e3o de mudas; preparo do solo e aduba\u00e7\u00e3o; transplantio das mudas; manejo de irriga\u00e7\u00e3o; condu\u00e7\u00e3o, pr\u00e1ticas de manejo e controle fitossanit\u00e1rio e colheita. Haver\u00e1 uma pr\u00e1tica de campo na Unidade de Refer\u00eancia Tecnol\u00f3gica de Goiaba, na Fazenda Maravilha.&#13;\n<\/p>\n<p>Ambas as capacita\u00e7\u00f5es fazem parte do projeto \u201cInova\u00e7\u00f5es para sistemas de produ\u00e7\u00e3o sustent\u00e1vel de alimentos, visando \u00e0 inclus\u00e3o produtiva e \u00e0 redu\u00e7\u00e3o dos impactos negativos das mudan\u00e7as clim\u00e1ticas para o Nordeste\u201d, liderado pela Embrapa Semi\u00e1rido (Petrolina-PE). Para a realiza\u00e7\u00e3o dos cursos, a Embrapa conta com o apoio da Associa\u00e7\u00e3o dos Produtores Rurais Irrigantes do Vale do Canind\u00e9 (Assivale), da Secretaria Municipal de Agricultura e Abastecimento e da Prefeitura Municipal de Concei\u00e7\u00e3o do Canind\u00e9.<\/p>\n<\/p><\/div>\n<\/p><\/div>\n<p><script data-cfasync=\"false\">\n    !function (f, b, e, v, n, t, s) {\n        if (f.fbq) return; n = f.fbq = function () {\n            n.callMethod ?\n                n.callMethod.apply(n, arguments) : n.queue.push(arguments)\n        };\n        if (!f._fbq) f._fbq = n; n.push = n; n.loaded = !0; n.version = '2.0';\n        n.queue = []; t = b.createElement(e); t.async = !0;\n        t.src = v; s = b.getElementsByTagName(e)[0];\n        s.parentNode.insertBefore(t, s)\n    }(window, document, 'script',\n        'https:\/\/connect.facebook.net\/en_US\/fbevents.js');\n    fbq('init', '522546078623747');\n    fbq('track', 'PageView');\n<\/script><br \/>\n<br \/><br \/>\n<br \/>Fonte: <a href=\"https:\/\/www.agrolink.com.br\/noticias\/produtores-do-piaui-participam-de-treinamento-da-embrapa-sobre-manejo-de-caju-e-goiaba_507233.html\">AGROLINK<\/a><\/p>\n","protected":false},"excerpt":{"rendered":"<p>&#13; Capacita\u00e7\u00f5es da Embrapa abordam cultivo de caju e goiaba no Piau\u00ed&#13; &#13; Embrapa&#13; &#13; &#13; Publicado em 22\/10\/2025 \u00e0s 11:06h. Estimado usu\u00e1rio.Preencha o formul\u00e1rio abaixo para remeter a p\u00e1gina. Foto: Divulga\u00e7\u00e3o Agricultores, estudantes e t\u00e9cnicos de assist\u00eancia t\u00e9cnica e extens\u00e3o rural de Concei\u00e7\u00e3o do Canind\u00e9 (PI) v\u00e3o participar de capacita\u00e7\u00f5es sobre cultivo de caju [&hellip;]<\/p>\n","protected":false},"author":5,"featured_media":50628,"comment_status":"open","ping_status":"open","sticky":false,"template":"","format":"standard","meta":{"_seopress_robots_primary_cat":"","_seopress_titles_title":"","_seopress_titles_desc":"","_seopress_robots_index":"","footnotes":""},"categories":[53],"tags":[],"class_list":["post-50627","post","type-post","status-publish","format-standard","has-post-thumbnail","hentry","category-agronegocio"],"_links":{"self":[{"href":"https:\/\/mussicom.com\/noticias\/wp-json\/wp\/v2\/posts\/50627","targetHints":{"allow":["GET"]}}],"collection":[{"href":"https:\/\/mussicom.com\/noticias\/wp-json\/wp\/v2\/posts"}],"about":[{"href":"https:\/\/mussicom.com\/noticias\/wp-json\/wp\/v2\/types\/post"}],"author":[{"embeddable":true,"href":"https:\/\/mussicom.com\/noticias\/wp-json\/wp\/v2\/users\/5"}],"replies":[{"embeddable":true,"href":"https:\/\/mussicom.com\/noticias\/wp-json\/wp\/v2\/comments?post=50627"}],"version-history":[{"count":0,"href":"https:\/\/mussicom.com\/noticias\/wp-json\/wp\/v2\/posts\/50627\/revisions"}],"wp:featuredmedia":[{"embeddable":true,"href":"https:\/\/mussicom.com\/noticias\/wp-json\/wp\/v2\/media\/50628"}],"wp:attachment":[{"href":"https:\/\/mussicom.com\/noticias\/wp-json\/wp\/v2\/media?parent=50627"}],"wp:term":[{"taxonomy":"category","embeddable":true,"href":"https:\/\/mussicom.com\/noticias\/wp-json\/wp\/v2\/categories?post=50627"},{"taxonomy":"post_tag","embeddable":true,"href":"https:\/\/mussicom.com\/noticias\/wp-json\/wp\/v2\/tags?post=50627"}],"curies":[{"name":"wp","href":"https:\/\/api.w.org\/{rel}","templated":true}]}}