{"id":50506,"date":"2025-10-21T20:57:14","date_gmt":"2025-10-21T23:57:14","guid":{"rendered":"https:\/\/mussicom.com\/renan-diz-que-mudara-pl-da-isencao-de-ir-no-senado-federal\/"},"modified":"2025-10-21T20:57:14","modified_gmt":"2025-10-21T23:57:14","slug":"renan-diz-que-mudara-pl-da-isencao-de-ir-no-senado-federal","status":"publish","type":"post","link":"https:\/\/mussicom.com\/noticias\/renan-diz-que-mudara-pl-da-isencao-de-ir-no-senado-federal\/","title":{"rendered":"Renan diz que mudar\u00e1 PL da isen\u00e7\u00e3o de IR no Senado Federal"},"content":{"rendered":"<p> <br \/>\n<\/p>\n<div>\n<p class=\"postParagraph_post-paragraph-innerHtml__Q5vwc\">O presidente da Comiss\u00e3o de Assuntos Econ\u00f4micos (CAE) do Senado Federal, <strong>Renan Calheiros (MDB-AL)<\/strong>, disse nesta ter\u00e7a-feira (21) que vai propor <strong>mudan\u00e7as no projeto de lei <\/strong>que amplia a <strong>isen\u00e7\u00e3o do Imposto de Renda (IR)<\/strong> para quem ganha at\u00e9 <strong>R$ 5 mil por m\u00eas<\/strong>. Relator da proposta, o senador declarou que o Senado \u201cn\u00e3o vai fechar os olhos para inconstitucionalidades\u201d inclu\u00eddas pela <strong>C\u00e2mara dos Deputados<\/strong>.<\/p>\n<p class=\"postParagraph_post-paragraph-innerHtml__Q5vwc\">Renan afirma que a <strong>isen\u00e7\u00e3o para rendas de at\u00e9 R$ 5 mil<\/strong> e a <strong>redu\u00e7\u00e3o gradual da al\u00edquota at\u00e9 R$ 7.350<\/strong> devem ser mantidas e enviadas \u00e0 san\u00e7\u00e3o do presidente <strong>Luiz In\u00e1cio Lula da Silva<\/strong>, mas outros dispositivos \u2014 acrescentados pelo relator na C\u00e2mara, deputado <strong>Arthur Lira (PP-AL)<\/strong> \u2014 poder\u00e3o ser modificados e transformados em um <strong>projeto paralelo<\/strong>.<\/p>\n<div class=\"postViewMore_post-view-more-container___5wai\" data-mrf-recirculation=\"Post - Veja tamb\u00e9m\">\n<p class=\"gp-styles-module-size-small-afeYRa gp-styles-module-font-family2-afeYRa gp-styles-module-color-secondary-afeYRa gp-styles-module-weight-bold-afeYRa\">VEJA TAMB\u00c9M:<\/p>\n<ul class=\"postViewMore_post-view-more-list__CU_CE\">\n<li class=\"postViewMore_post-view-more-item__2MzRb\">\n<div class=\"postViewMore_post-view-more-image__5gUSe\"><picture class=\"imageDefault_image-container__XGd8_\"><\/picture><\/div>\n<p>Ap\u00f3s alfinetada de Renan, Lira pede que Senado n\u00e3o fa\u00e7a \u201cpoliticagem\u201d<\/li>\n<li class=\"postViewMore_post-view-more-item__2MzRb\">\n<div class=\"postViewMore_post-view-more-image__5gUSe\"><picture class=\"imageDefault_image-container__XGd8_\"><img decoding=\"async\" class=\"imageDefault_image-item__lU2Dk\" src=\"https:\/\/media.gazetadopovo.com.br\/2025\/10\/01101706\/Motta-isencao-IR-380x214.jpg.webp\" alt=\"Presidente da C\u00e2mara, Hugo Motta, disse que isen\u00e7\u00e3o do IR sempre foi prioridade da sua gest\u00e3o\" width=\"72\" height=\"72\"\/><\/picture><\/div>\n<p>C\u00e2mara aprova isen\u00e7\u00e3o do IR e taxa\u00e7\u00e3o de alta renda<\/li>\n<\/ul>\n<\/div>\n<p class=\"postParagraph_post-paragraph__juWZN\">\u201cEsse projeto \u00e9 eivado de inconstitucionalidades, e essas inconstitucionalidades podem ser suprimidas. Podemos ter um desmembramento para que as mat\u00e9rias alteradas voltem a tramitar na C\u00e2mara dos Deputados\u201d, afirmou Renan. A transcri\u00e7\u00e3o do discurso foi oferecida pela ag\u00eancia Senado.<\/p>\n<h2 class=\"postParagraph_post-paragraph__juWZN postParagraph_type-tag-h2__TtFkT\">C\u00e2mara reduziu compensa\u00e7\u00f5es fiscais <\/h2>\n<p class=\"postParagraph_post-paragraph-innerHtml__Q5vwc\">As altera\u00e7\u00f5es feitas pelos deputados diminu\u00edram a estimativa de arrecada\u00e7\u00e3o que compensaria a ren\u00fancia fiscal da isen\u00e7\u00e3o. O texto original previa <strong>taxa\u00e7\u00e3o m\u00ednima sobre altas rendas (acima de R$ 600 mil anuais)<\/strong>, al\u00e9m da cobran\u00e7a de <strong>impostos sobre lucros, dividendos e alguns t\u00edtulos isentos<\/strong>.<\/p>\n<p class=\"postParagraph_post-paragraph-innerHtml__Q5vwc\">No entanto, a C\u00e2mara manteve <strong>isen\u00e7\u00f5es para Letras de Cr\u00e9dito Imobili\u00e1rio (LCI)<\/strong> e <strong>Letras de Cr\u00e9dito do Agroneg\u00f3cio (LCA)<\/strong>, al\u00e9m de <strong>isentar lucros e dividendos distribu\u00eddos at\u00e9 dezembro de 2025<\/strong>. Essas mudan\u00e7as reduziram o impacto compensat\u00f3rio previsto pelo governo federal.<\/p>\n<h2 class=\"postParagraph_post-paragraph__juWZN postParagraph_type-tag-h2__TtFkT\">Estados e munic\u00edpios temem perdas <\/h2>\n<p class=\"postParagraph_post-paragraph-innerHtml__Q5vwc\">Durante audi\u00eancia p\u00fablica na CAE, representantes de <strong>estados e munic\u00edpios<\/strong> alertaram que o <strong>PL 1.087\/2025<\/strong> pode gerar <strong>perdas bilion\u00e1rias na arrecada\u00e7\u00e3o<\/strong> local, j\u00e1 que parte do Imposto de Renda e do IPI comp\u00f5e o <strong>Fundo de Participa\u00e7\u00e3o dos Munic\u00edpios (FPM)<\/strong>.<\/p>\n<p class=\"postParagraph_post-paragraph-innerHtml__Q5vwc\">O consultor da <strong>Confedera\u00e7\u00e3o Nacional dos Munic\u00edpios (CNM)<\/strong>, <strong>Paulo Caliendo<\/strong>, estimou que as prefeituras podem perder <strong>at\u00e9 R$ 1 bilh\u00e3o por ano<\/strong>. Ele defendeu que a <strong>Uni\u00e3o compense os munic\u00edpios por seis anos<\/strong> pelas perdas de arrecada\u00e7\u00e3o.<\/p>\n<p class=\"postParagraph_post-paragraph__juWZN\">\u201cA CNM n\u00e3o \u00e9 contra a reforma do Imposto de Renda, mas \u00e9 preciso que o governo federal garanta compensa\u00e7\u00f5es\u201d, disse Caliendo.<\/p>\n<p class=\"postParagraph_post-paragraph-innerHtml__Q5vwc\">O prefeito de <strong>Porto Alegre (RS)<\/strong>, <strong>Sebasti\u00e3o Melo<\/strong>, refor\u00e7ou a preocupa\u00e7\u00e3o:<\/p>\n<p class=\"postParagraph_post-paragraph__juWZN\">\u201cEsse dinheiro vai fazer falta no caixa das prefeituras. Um ente n\u00e3o pode tirar receita do outro. O Senado pode corrigir isso em nome dos que mais precisam\u201d, afirmou.<\/p>\n<h2 class=\"postParagraph_post-paragraph__juWZN postParagraph_type-tag-h2__TtFkT\">Secret\u00e1rios estaduais e Receita divergem<\/h2>\n<p class=\"postParagraph_post-paragraph-innerHtml__Q5vwc\">O diretor do <strong>Comsefaz<\/strong>, <strong>Andr\u00e9 Horta Melo<\/strong>, afirmou que as altera\u00e7\u00f5es da C\u00e2mara \u201cretiraram a seguran\u00e7a fiscal dos estados\u201d, podendo causar <strong>perdas significativas<\/strong>. J\u00e1 o secret\u00e1rio da <strong>Receita Federal<\/strong>, <strong>Robinson Barreirinhas<\/strong>, admitiu poss\u00edveis impactos, mas garantiu que haver\u00e1 <strong>compensa\u00e7\u00f5es trimestrais<\/strong> para os entes prejudicados.<\/p>\n<p class=\"postParagraph_post-paragraph__juWZN\">\u201cEstamos fazendo um reequil\u00edbrio da tributa\u00e7\u00e3o em favor da popula\u00e7\u00e3o brasileira\u201d, disse Barreirinhas.<\/p>\n<p class=\"postParagraph_post-paragraph-innerHtml__Q5vwc\">A <strong>CNM<\/strong> e o <strong>Comsefaz<\/strong> defenderam a aprova\u00e7\u00e3o de uma <strong>emenda do senador Veneziano Vital do R\u00eago (MDB-PB)<\/strong>, que prev\u00ea compensa\u00e7\u00e3o financeira pelos pr\u00f3ximos <strong>seis anos<\/strong>, com corre\u00e7\u00e3o pelo <strong>IPCA<\/strong>.<\/p>\n<p class=\"postParagraph_post-paragraph__juWZN\">\u201cH\u00e1 poss\u00edveis perdas, mas isso n\u00e3o justifica adiar um projeto que beneficia milh\u00f5es de brasileiros com a isen\u00e7\u00e3o do Imposto de Renda\u201d, afirmou Veneziano.<\/p>\n<\/div>\n<p><br \/>\n<br \/>Fonte: <a href=\"https:\/\/www.gazetadopovo.com.br\/economia\/renan-diz-que-mudara-pl-da-isencao-de-ir\/\">Gazeta do Povo<\/a><\/p>\n","protected":false},"excerpt":{"rendered":"<p>O presidente da Comiss\u00e3o de Assuntos Econ\u00f4micos (CAE) do Senado Federal, Renan Calheiros (MDB-AL), disse nesta ter\u00e7a-feira (21) que vai propor mudan\u00e7as no projeto de lei que amplia a isen\u00e7\u00e3o do Imposto de Renda (IR) para quem ganha at\u00e9 R$ 5 mil por m\u00eas. Relator da proposta, o senador declarou que o Senado \u201cn\u00e3o vai [&hellip;]<\/p>\n","protected":false},"author":5,"featured_media":48075,"comment_status":"open","ping_status":"open","sticky":false,"template":"","format":"standard","meta":{"_seopress_robots_primary_cat":"","_seopress_titles_title":"","_seopress_titles_desc":"","_seopress_robots_index":"","footnotes":""},"categories":[45],"tags":[],"class_list":["post-50506","post","type-post","status-publish","format-standard","has-post-thumbnail","hentry","category-economia"],"_links":{"self":[{"href":"https:\/\/mussicom.com\/noticias\/wp-json\/wp\/v2\/posts\/50506","targetHints":{"allow":["GET"]}}],"collection":[{"href":"https:\/\/mussicom.com\/noticias\/wp-json\/wp\/v2\/posts"}],"about":[{"href":"https:\/\/mussicom.com\/noticias\/wp-json\/wp\/v2\/types\/post"}],"author":[{"embeddable":true,"href":"https:\/\/mussicom.com\/noticias\/wp-json\/wp\/v2\/users\/5"}],"replies":[{"embeddable":true,"href":"https:\/\/mussicom.com\/noticias\/wp-json\/wp\/v2\/comments?post=50506"}],"version-history":[{"count":0,"href":"https:\/\/mussicom.com\/noticias\/wp-json\/wp\/v2\/posts\/50506\/revisions"}],"wp:featuredmedia":[{"embeddable":true,"href":"https:\/\/mussicom.com\/noticias\/wp-json\/wp\/v2\/media\/48075"}],"wp:attachment":[{"href":"https:\/\/mussicom.com\/noticias\/wp-json\/wp\/v2\/media?parent=50506"}],"wp:term":[{"taxonomy":"category","embeddable":true,"href":"https:\/\/mussicom.com\/noticias\/wp-json\/wp\/v2\/categories?post=50506"},{"taxonomy":"post_tag","embeddable":true,"href":"https:\/\/mussicom.com\/noticias\/wp-json\/wp\/v2\/tags?post=50506"}],"curies":[{"name":"wp","href":"https:\/\/api.w.org\/{rel}","templated":true}]}}