{"id":50503,"date":"2025-10-21T20:41:15","date_gmt":"2025-10-21T23:41:15","guid":{"rendered":"https:\/\/mussicom.com\/lula-tenta-salvar-boulos-apos-mandato-apagado-e-derrota-em-sp\/"},"modified":"2025-10-21T20:41:15","modified_gmt":"2025-10-21T23:41:15","slug":"lula-tenta-salvar-boulos-apos-mandato-apagado-e-derrota-em-sp","status":"publish","type":"post","link":"https:\/\/mussicom.com\/noticias\/lula-tenta-salvar-boulos-apos-mandato-apagado-e-derrota-em-sp\/","title":{"rendered":"Lula tenta salvar Boulos ap\u00f3s mandato apagado e derrota em SP"},"content":{"rendered":"<p> <br \/>\n<\/p>\n<div>\n<p class=\"postParagraph_post-paragraph-innerHtml__Q5vwc\">A indica\u00e7\u00e3o feita pelo presidente Luiz In\u00e1cio Lula da Silva (PT) do deputado Guilherme Boulos (PSOL-SP) para o comando da Secretaria-Geral da Presid\u00eancia combina c\u00e1lculo pol\u00edtico e tentativa de reconstru\u00e7\u00e3o de pontes com a base dos movimentos sociais da esquerda. A escolha, que resultou na sa\u00edda de M\u00e1rcio Mac\u00eado do posto, \u00e9 vista no Planalto como uma forma de reabilitar Boulos politicamente ap\u00f3s um mandato apagado na C\u00e2mara dos Deputados e a derrota na disputa pela prefeitura de S\u00e3o Paulo em 2024.<\/p>\n<p class=\"postParagraph_post-paragraph__juWZN\">Boulos foi candidato a prefeito no ano passado com o apoio ostensivo de Lula e do PT, que abriram m\u00e3o de uma candidatura pr\u00f3pria para fortalec\u00ea-lo. A aposta, por\u00e9m, n\u00e3o se converteu em vit\u00f3ria: o deputado chegou ao segundo turno, mas foi derrotado por Ricardo Nunes (MDB), reeleito com o apoio do ex-presidente Jair Bolsonaro (PL) e do governador de S\u00e3o Paulo, Tarc\u00edsio de Freitas (Republicanos).<\/p>\n<p class=\"postParagraph_post-paragraph__juWZN\">Mesmo com uma ampla frente de apoio de partidos de esquerda \u2014 que inclu\u00eda PT, PDT, Rede, PCdoB e PV \u2014 e a estrutura do governo federal, Boulos repetiu praticamente o mesmo desempenho de 2020: obteve 40,65% dos votos v\u00e1lidos, contra 59,35% de Nunes. Em sua primeira disputa, havia alcan\u00e7ado 40,62%, apoiado apenas por PSOL, PCB e Unidade Popular.<\/p>\n<p class=\"postParagraph_post-paragraph__juWZN\">A derrota, interpretada dentro da esquerda como um rev\u00e9s estrat\u00e9gico, refor\u00e7ou a percep\u00e7\u00e3o de que o deputado, embora popular na esquerda, n\u00e3o conseguiu converter isso em expans\u00e3o eleitoral. Como ministro do governo Lula, a expectativa \u00e9 de que Boulos consiga protagonismo pol\u00edtico e seja um ator ativo na campanha \u00e0 reelei\u00e7\u00e3o de Lula em 2026.<\/p>\n<p class=\"postParagraph_post-paragraph-innerHtml__Q5vwc\">&#8220;Vou viajar para todos os estados, vou rodar o pa\u00eds e conversar com os movimentos sociais, com o povo. Lula me deu a miss\u00e3o de ajudar a colocar o governo na rua&#8221;, disse Boulos ao jornal <em>Folha de S.Paulo<\/em>.<\/p>\n<p class=\"postParagraph_post-paragraph__juWZN\">Ex-coordenador do Movimento dos Trabalhadores Sem Teto (MTST), Boulos mant\u00e9m v\u00ednculos com lideran\u00e7as sociais em v\u00e1rias regi\u00f5es do pa\u00eds. Assessores do Planalto acreditam que ele pode &#8220;oxigenar a interlocu\u00e7\u00e3o&#8221; com as bases de esquerda e ampliar a presen\u00e7a do governo nos movimentos sociais.<\/p>\n<p class=\"postParagraph_post-paragraph__juWZN\">A aposta entre os petistas \u00e9 de que o novo ministro vai reassumir um papel que foi simb\u00f3lico nos primeiros mandatos de Lula, quando o ent\u00e3o ministro Gilberto Carvalho era a ponte direta entre o Planalto e a milit\u00e2ncia. &#8220;Vou a cada lugar do Brasil com a miss\u00e3o de dialogar e de levar as realiza\u00e7\u00f5es do governo para todos os cantos, e tamb\u00e9m com a miss\u00e3o de aproximar o governo daqueles que ainda est\u00e3o distantes&#8221;, completou Boulos.<\/p>\n<p class=\"postParagraph_post-paragraph__juWZN\">J\u00e1 parlamentares e partidos de oposi\u00e7\u00e3o criticaram a escolha de Boulos para a Esplanada dos Minist\u00e9rios. O Partido Novo apontou a radicaliza\u00e7\u00e3o do governo Lula. &#8220;Lula resolveu radicalizar o que j\u00e1 era p\u00e9ssimo. Boulos ser\u00e1 o novo ministro da Secretaria-Geral da Presid\u00eancia, a pessoa certa para deixar tudo ainda pior. No cargo, vai cuidar da interlocu\u00e7\u00e3o com os \u201cmovimentos sociais\u201d. E o brasileiro sabe bem o que isso significa: MST, MTST, bra\u00e7os do petismo que agem reiteradamente fora da lei para intimidar advers\u00e1rios&#8221;.<\/p>\n<p class=\"postParagraph_post-paragraph__juWZN\">&#8220;Quem trabalha, paga imposto e quer paz n\u00e3o aguenta mais ver invas\u00e3o de casa, confisco de propriedade e dinheiro p\u00fablico alimentando parasitas do poder. A nomea\u00e7\u00e3o de Boulos mostra o que esse governo \u00e9: incapaz de dialogar com a sociedade e cada vez mais dedicado \u00e0 extrema-esquerda&#8221;, afirmou o partido em uma postagem nas redes sociais.<\/p>\n<p class=\"postParagraph_post-paragraph__juWZN\">Para o deputado Rodrigo Valadares (Uni\u00e3o-SE), a nomea\u00e7\u00e3o de Boulos &#8220;\u00e9 o retrato de um Planalto que virou palanque ideol\u00f3gico&#8221;. &#8220;Quando quem representa a ordem social \u00e9 exclu\u00eddo, sobram simbolismos vazios. \u00c9 um deboche ao povo brasileiro\u201d, defendeu.<\/p>\n<p class=\"postParagraph_post-paragraph__juWZN\">Al\u00e9m deles, o deputado Capit\u00e3o Alberto Neto (PL-AM) afirmou que a escolha de Boulos &#8220;mostra o quanto o Estado est\u00e1 sendo usado como palco e n\u00e3o como instrumento de servi\u00e7o p\u00fablico. O povo produtivo fica de fora, enquanto o aparelho estatal vira pr\u00eamio para milit\u00e2ncia&#8221;.<\/p>\n<div class=\"postViewMore_post-view-more-container___5wai\" data-mrf-recirculation=\"Post - Veja tamb\u00e9m\">\n<p class=\"gp-styles-module-size-small-afeYRa gp-styles-module-font-family2-afeYRa gp-styles-module-color-secondary-afeYRa gp-styles-module-weight-bold-afeYRa\">VEJA TAMB\u00c9M:<\/p>\n<ul class=\"postViewMore_post-view-more-list__CU_CE\">\n<li class=\"postViewMore_post-view-more-item__2MzRb\">\n<div class=\"postViewMore_post-view-more-image__5gUSe\"><picture class=\"imageDefault_image-container__XGd8_\"><\/picture><\/div>\n<p>Direita critica nomea\u00e7\u00e3o de Boulos como ministro: \u201cinvas\u00e3o com tapete vermelho\u201d<\/li>\n<li class=\"postViewMore_post-view-more-item__2MzRb\">\n<div class=\"postViewMore_post-view-more-image__5gUSe\"><picture class=\"imageDefault_image-container__XGd8_\"><img decoding=\"async\" class=\"imageDefault_image-item__lU2Dk\" src=\"https:\/\/media.gazetadopovo.com.br\/2025\/10\/20204009\/Boulos-1-380x214.jpg.webp\" alt=\"\" width=\"72\" height=\"72\"\/><\/picture><\/div>\n<p>Guilherme Boulos ministro: relembre pol\u00eamicas e trajet\u00f3ria do ativista<\/li>\n<\/ul>\n<\/div>\n<h2 class=\"postParagraph_post-paragraph__juWZN postParagraph_type-tag-h2__TtFkT\">Atua\u00e7\u00e3o para salvar mandato de Janones &#8220;marcou&#8221; atua\u00e7\u00e3o de Boulos na C\u00e2mara<\/h2>\n<p class=\"postParagraph_post-paragraph__juWZN\">Deputado em primeiro mandato, Guilherme Boulos teve um desempenho apagado na C\u00e2mara, segundo avalia\u00e7\u00e3o entre integrantes do pr\u00f3prio PSOL. Ainda em 2023, foi al\u00e7ado a l\u00edder da bancada, mas o parlamentar n\u00e3o conseguiu grandes destaques e trope\u00e7ou em algumas negocia\u00e7\u00f5es do partido.<\/p>\n<p class=\"postParagraph_post-paragraph__juWZN\">A avalia\u00e7\u00e3o entre os parlamentares da pr\u00f3pria esquerda \u00e9 de que Boulos usou a C\u00e2mara como trampolim eleitoral. A candidatura em 2022 foi pensada para projet\u00e1-lo para a disputa pela prefeitura de S\u00e3o Paulo em 2024, mas ele acabou sendo derrotado no pleito.<\/p>\n<p class=\"postParagraph_post-paragraph__juWZN\">Aliados ouvidos pela reportagem afirmam que o novo ministro de Lula tem &#8220;bom di\u00e1logo, \u00e9 flex\u00edvel e articulado&#8221;. Outros congressistas, no entanto, descrevem Boulos como uma pessoa &#8220;dif\u00edcil de negociar&#8221; por suas convic\u00e7\u00f5es pol\u00edticas, \u00e0s vezes mais \u00e0 esquerda, mas que costuma cumprir os acordos.<\/p>\n<p class=\"postParagraph_post-paragraph__juWZN\">Ainda no seu primeiro ano de mandato, o deputado apresentou cerca de 500 projetos, dos quais apenas dois foram aprovados, sem grandes destaques. A primeira proposta pro\u00edbe que uma institui\u00e7\u00e3o financeira conceda empr\u00e9stimo consignado sem autoriza\u00e7\u00e3o expressa do benefici\u00e1rio. O outro texto define agosto como o m\u00eas de combate \u00e0s desigualdades.<\/p>\n<p class=\"postParagraph_post-paragraph__juWZN\">Outro fator que pesou contra o deputado foi o destaque tido por \u00c9rika Hilton, sua correligion\u00e1ria e tamb\u00e9m deputada de primeiro mandato. L\u00edder da bancada ap\u00f3s a sa\u00edda de Boulos, a parlamentar por S\u00e3o Paulo ganhou proje\u00e7\u00e3o ao protocolar a Proposta de Emenda \u00e0 Constitui\u00e7\u00e3o (PEC) sobre o fim da escala 6&#215;1. Dentro do pr\u00f3prio PSOL, a avalia\u00e7\u00e3o \u00e9 de que a proje\u00e7\u00e3o da deputada acabou reduzindo o protagonismo de Boulos nas pautas da esquerda.<\/p>\n<p class=\"postParagraph_post-paragraph-innerHtml__Q5vwc\">Um dos epis\u00f3dios mais criticados de sua atua\u00e7\u00e3o parlamentar foi o parecer apresentado no Conselho de \u00c9tica em que Boulos defendeu o arquivamento da representa\u00e7\u00e3o contra Andr\u00e9 Janones (Avante-MG), acusado de pr\u00e1tica de \u201crachadinha\u201d. A decis\u00e3o contrariou a postura hist\u00f3rica do PSOL, que j\u00e1 havia protocolado pedidos de cassa\u00e7\u00e3o semelhantes contra o senador Fl\u00e1vio Bolsonaro (PL-RJ), por exemplo.<\/p>\n<p class=\"postParagraph_post-paragraph__juWZN\">&#8220;Ele [Boulos] vai ser um p\u00e9ssimo ministro, assim como foi um p\u00e9ssimo deputado, sem aprovar nada relevante. O outro ponto positivo \u00e9 que ele aceitou ser ministro porque o seu mandato estava apagado. Lula colocou mais um para atrapalhar o seu governo&#8221;, afirmou o deputado Kim Kataguiri (Uni\u00e3o-SP).<\/p>\n<p class=\"postParagraph_post-paragraph__juWZN\">J\u00e1 Rodolfo Nogueira (PL-MS) argumentou que a nomea\u00e7\u00e3o do deputado do PSOL mostra que o Brasil est\u00e1 &#8220;ref\u00e9m de uma agenda radical&#8221;. \u201cN\u00e3o \u00e9 apenas simb\u00f3lico \u2014 \u00e9 pr\u00e1tico. A partir de agora vamos ver pol\u00edticas que refor\u00e7am o ativismo e n\u00e3o o crescimento. A nomea\u00e7\u00e3o de Boulos \u00e9 mais um passo para que o Brasil fique ref\u00e9m de uma agenda radical, com privil\u00e9gios para poucos e sacrif\u00edcio para a maioria&#8221;, disse.<\/p>\n<p class=\"postParagraph_post-paragraph__juWZN\">Para Coronel Tadeu (PL-SP), suplente da deputada Carla Zambelli, o movimento revela prioridades erradas do governo. \u201cEnquanto fam\u00edlias lutam para equilibrar o or\u00e7amento e empresas pagam impostos alt\u00edssimos, o governo escolhe colocar no comando daquele minist\u00e9rio quem sempre teve postura antagonista \u00e0 iniciativa privada. \u00c9 mais um erro pol\u00edtico que custar\u00e1 caro ao pa\u00eds.\u201d<\/p>\n<p class=\"postParagraph_post-paragraph__juWZN\">Apesar desse desempenho como deputado, a aposta dentro do governo Lula \u00e9 de que, como ministro, Boulos consiga retomar o protagonismo e aproximar o petista de uma categoria vista como primordial para a disputa de 2026: os trabalhadores aut\u00f4nomos das plataformas digitais. O parlamentar integra a Comiss\u00e3o Especial da C\u00e2mara que discute a regulamenta\u00e7\u00e3o do setor e a expectativa \u00e9 de que o relat\u00f3rio seja apresentado no m\u00eas de novembro.<\/p>\n<p class=\"postParagraph_post-paragraph__juWZN\">&#8220;Tenho certeza de que o parecer desta comiss\u00e3o vai significar uma regulamenta\u00e7\u00e3o para garantir direitos para os trabalhadores, seja o motorista, seja o entregador, at\u00e9 porque n\u00e3o existe setor que n\u00e3o seja regulamentado. Todo setor da economia \u00e9 regulamentado. S\u00f3 n\u00e3o s\u00e3o regulamentados o tr\u00e1fico de drogas e o de armas, porque s\u00e3o ilegais. Portanto, tem que haver uma regulamenta\u00e7\u00e3o&#8221;, disse Boulos durante uma audi\u00eancia do colegiado.<\/p>\n<p class=\"postParagraph_post-paragraph__juWZN\">Lula prometeu durante a campanha de 2022 regulamentar o trabalho por aplicativos, mas, at\u00e9 agora, nenhuma proposta avan\u00e7ou de forma concreta. Relator da comiss\u00e3o sobre o tema, o deputado Augusto Coutinho (Republicanos-PE) afirma que deve aproveitar parte do projeto enviado pelo governo, mas o relat\u00f3rio ainda depende de negocia\u00e7\u00e3o.<\/p>\n<p class=\"postParagraph_post-paragraph__juWZN\">&#8220;Quero disponibilizar o texto em novembro e votar na comiss\u00e3o em novembro para ir ao plen\u00e1rio no m\u00e1ximo em dezembro. Queremos algo que esteja dentro da conta da Previd\u00eancia, mas que n\u00e3o pese para o trabalhador. Pode ser opcional, estamos estudando as alternativas&#8221;, explicou Coutinho.<\/p>\n<p class=\"postParagraph_post-paragraph__juWZN\">Sobre o tema, assessores do Planalto afirmam nos bastidores que a fun\u00e7\u00e3o de Boulos ser\u00e1 mudar a correla\u00e7\u00e3o de for\u00e7as em torno do tema, de modo a transformar a pauta numa bandeira da campanha de Lula em 2026. &#8220;O trabalho por plataformas \u00e9 relativamente novo. Todos os setores nascentes da ind\u00fastria, l\u00e1 no come\u00e7o \u2014 siderurgia, petroqu\u00edmica, metal\u00fargica \u2014, trabalhavam com margens de lucro maiores e com menos direitos para os trabalhadores no seu in\u00edcio. Ao longo do tempo, isso foi se ajustando, garantindo mais direitos aos trabalhadores e redu\u00e7\u00e3o da margem. Por que isso n\u00e3o pode acontecer no setor de plataformas de transporte e de entrega? Pode e deve. Isso n\u00e3o \u00e9 uma regula\u00e7\u00e3o excessiva&#8221;, argumenta Boulos.<\/p>\n<h2 class=\"postParagraph_post-paragraph__juWZN postParagraph_type-tag-h2__TtFkT\">Lula mant\u00e9m guinada \u00e0 esquerda e se afasta do centro para 2026<\/h2>\n<p class=\"postParagraph_post-paragraph__juWZN\">A mudan\u00e7a na Secretaria-Geral da Presid\u00eancia feita por Lula ocorre no contexto da reforma ministerial discutida desde o in\u00edcio do ano. Inicialmente, o presidente petista pretendia ampliar o espa\u00e7o do Centr\u00e3o para garantir sustenta\u00e7\u00e3o no Congresso, mas a queda de popularidade e a resist\u00eancia pessoal em ceder pastas estrat\u00e9gicas acabaram freando o avan\u00e7o das negocia\u00e7\u00f5es.<\/p>\n<p class=\"postParagraph_post-paragraph__juWZN\">Partidos como PP e Uni\u00e3o Brasil reduziram o apetite por cargos, e o resultado foi uma reforma que refor\u00e7ou o n\u00facleo petista. As trocas anteriores seguiram a mesma l\u00f3gica: N\u00edsia Trindade deixou o Minist\u00e9rio da Sa\u00fade, substitu\u00edda por Alexandre Padilha (PT), que estava na Secretaria de Rela\u00e7\u00f5es Institucionais \u2014 hoje sob comando de Gleisi Hoffmann, ex-presidente do PT.<\/p>\n<p class=\"postParagraph_post-paragraph__juWZN\">A chegada de Boulos aprofunda essa tend\u00eancia e sinaliza uma guinada \u00e0 esquerda dentro do governo, num esfor\u00e7o de Lula para recompor sua base ideol\u00f3gica e simb\u00f3lica antes da disputa de 2026. L\u00edderes do Centr\u00e3o avaliam nos bastidores que o petista se afasta cada vez mais dos partidos de centro que o apoiaram em 2022, e o novo ministro deve ampliar essa percep\u00e7\u00e3o entre os parlamentares e a sociedade.<\/p>\n<p class=\"postParagraph_post-paragraph__juWZN\">Nos \u00faltimos meses, Boulos tamb\u00e9m se destacou por liderar mobiliza\u00e7\u00f5es cr\u00edticas ao Congresso Nacional. Em meio ao clima de tens\u00e3o entre o Legislativo e o Executivo, organizou atos em S\u00e3o Paulo contra a PEC da Imunidade \u2014 apelidada por seus cr\u00edticos de \u201cPEC da Blindagem\u201d \u2014 e o projeto de anistia, em sintonia com o discurso de \u201cn\u00f3s contra eles\u201d que marcou a ret\u00f3rica do governo.<\/p>\n<p class=\"postParagraph_post-paragraph__juWZN\">Ele tamb\u00e9m dirigiu cr\u00edticas diretas ao governador Tarc\u00edsio de Freitas (Republicanos) \u2014 apontado como o principal cotado para ser o nome da direita para a disputa presidencial de 2026.<\/p>\n<\/div>\n<p><br \/>\n<br \/>Fonte: <a href=\"https:\/\/www.gazetadopovo.com.br\/republica\/lula-tenta-reabilitar-boulos-apos-mandato-apagado-na-camara-e-derrota-em-sao-paulo\/\">Revista Oeste<\/a><\/p>\n","protected":false},"excerpt":{"rendered":"<p>A indica\u00e7\u00e3o feita pelo presidente Luiz In\u00e1cio Lula da Silva (PT) do deputado Guilherme Boulos (PSOL-SP) para o comando da Secretaria-Geral da Presid\u00eancia combina c\u00e1lculo pol\u00edtico e tentativa de reconstru\u00e7\u00e3o de pontes com a base dos movimentos sociais da esquerda. A escolha, que resultou na sa\u00edda de M\u00e1rcio Mac\u00eado do posto, \u00e9 vista no Planalto [&hellip;]<\/p>\n","protected":false},"author":5,"featured_media":50504,"comment_status":"open","ping_status":"open","sticky":false,"template":"","format":"standard","meta":{"_seopress_robots_primary_cat":"","_seopress_titles_title":"","_seopress_titles_desc":"","_seopress_robots_index":"","footnotes":""},"categories":[1],"tags":[],"class_list":["post-50503","post","type-post","status-publish","format-standard","has-post-thumbnail","hentry","category-ultimas-noticias"],"_links":{"self":[{"href":"https:\/\/mussicom.com\/noticias\/wp-json\/wp\/v2\/posts\/50503","targetHints":{"allow":["GET"]}}],"collection":[{"href":"https:\/\/mussicom.com\/noticias\/wp-json\/wp\/v2\/posts"}],"about":[{"href":"https:\/\/mussicom.com\/noticias\/wp-json\/wp\/v2\/types\/post"}],"author":[{"embeddable":true,"href":"https:\/\/mussicom.com\/noticias\/wp-json\/wp\/v2\/users\/5"}],"replies":[{"embeddable":true,"href":"https:\/\/mussicom.com\/noticias\/wp-json\/wp\/v2\/comments?post=50503"}],"version-history":[{"count":0,"href":"https:\/\/mussicom.com\/noticias\/wp-json\/wp\/v2\/posts\/50503\/revisions"}],"wp:featuredmedia":[{"embeddable":true,"href":"https:\/\/mussicom.com\/noticias\/wp-json\/wp\/v2\/media\/50504"}],"wp:attachment":[{"href":"https:\/\/mussicom.com\/noticias\/wp-json\/wp\/v2\/media?parent=50503"}],"wp:term":[{"taxonomy":"category","embeddable":true,"href":"https:\/\/mussicom.com\/noticias\/wp-json\/wp\/v2\/categories?post=50503"},{"taxonomy":"post_tag","embeddable":true,"href":"https:\/\/mussicom.com\/noticias\/wp-json\/wp\/v2\/tags?post=50503"}],"curies":[{"name":"wp","href":"https:\/\/api.w.org\/{rel}","templated":true}]}}