{"id":50492,"date":"2025-10-21T19:31:20","date_gmt":"2025-10-21T22:31:20","guid":{"rendered":"https:\/\/mussicom.com\/senado-aprova-isencao-de-tributos-para-doacao-de-medicamentos\/"},"modified":"2025-10-21T19:31:20","modified_gmt":"2025-10-21T22:31:20","slug":"senado-aprova-isencao-de-tributos-para-doacao-de-medicamentos","status":"publish","type":"post","link":"https:\/\/mussicom.com\/noticias\/senado-aprova-isencao-de-tributos-para-doacao-de-medicamentos\/","title":{"rendered":"Senado aprova isen\u00e7\u00e3o de tributos para doa\u00e7\u00e3o de medicamentos"},"content":{"rendered":"<p> <br \/>\n<\/p>\n<div>\n<p>O Senado aprovou nesta ter\u00e7a-feira\u00a0(21) o Projeto de Lei (PL) 4719\/2020 que isenta do pagamento de diversos tributos as doa\u00e7\u00f5es de medicamentos \u00e0 Uni\u00e3o, aos estados, ao Distrito Federal, aos munic\u00edpios, \u00e0s santas casas de miseric\u00f3rdia, \u00e0 Cruz Vermelha Brasileira e a entidades beneficentes da assist\u00eancia social. <strong>O texto segue para a C\u00e2mara dos Deputados.<\/strong><img decoding=\"async\" src=\"https:\/\/agenciabrasil.ebc.com.br\/ebc.gif?id=1663785&amp;o=node\" style=\"width:1px; height:1px; display:inline;\"\/><\/p>\n<p>Uma emenda aprovada pelos senadores ampliou o rol de organiza\u00e7\u00f5es que tamb\u00e9m poder\u00e3o se beneficiar da medida. Agora, as Organiza\u00e7\u00f5es Sociais, Organiza\u00e7\u00f5es da Sociedade Civil e as Organiza\u00e7\u00f5es da Sociedade Civil de Interesse P\u00fablico poder\u00e3o receber as medica\u00e7\u00f5es.<\/p>\n<p>Pela proposta, <strong>a doa\u00e7\u00e3o de medicamentos fica isenta dos pagamentos da Contribui\u00e7\u00e3o para os Programas de Integra\u00e7\u00e3o Social e de Forma\u00e7\u00e3o do Patrim\u00f4nio do Servidor P\u00fablico (PIS\/Pasep), da Contribui\u00e7\u00e3o para o Financiamento da Seguridade Social (Cofins) e do Imposto sobre Produtos Industrializados (IPI).\u00a0<\/strong><\/p>\n<p>Al\u00e9m disso, os medicamentos doados devem ter, no m\u00ednimo, seis meses de validade. Os rem\u00e9dios doados n\u00e3o poder\u00e3o ter finalidade lucrativa e dever\u00e3o ser usado em atividades assistenciais.\u00a0<\/p>\n<p><strong>As doa\u00e7\u00f5es n\u00e3o poder\u00e3o ser realizadas para pessoas f\u00edsicas<\/strong>, e o controle e a fiscaliza\u00e7\u00e3o das doa\u00e7\u00f5es de medicamentos beneficiadas com a isen\u00e7\u00e3o do projeto ocorrer\u00e3o segundo regulamento\u00a0a ser editado pela Secretaria Especial da Receita Federal, do Minist\u00e9rio da Fazenda.<\/p>\n<p>&gt;&gt; Siga o canal da <strong>Ag\u00eancia Brasil <\/strong>no WhatsApp<\/p>\n<h2>Benef\u00edcio ambiental e social<\/h2>\n<p>De acordo com o Conselho Federal de Farm\u00e1cia, aproximadamente 14 mil toneladas de medicamentos deixam de ser utilizadas anualmente no Brasil, sendo descartadas, em grande parte, de forma inadequada.\u00a0<\/p>\n<p>O relator do projeto na Comiss\u00e3o de Assuntos Econ\u00f4micos (CAE), Fernando Farias (MDB-AL), disse que, al\u00e9m de esse descarte representar um passivo ambiental, com risco de contamina\u00e7\u00e3o de solos, rios e len\u00e7\u00f3is fre\u00e1ticos, o projeto vai beneficiar as popula\u00e7\u00f5es vulner\u00e1veis com seguran\u00e7a.<\/p>\n<p>&#8220;O projeto atua exatamente nesse ponto, ao prever que os medicamentos s\u00f3 poder\u00e3o ser doados quando houver prazo remanescente de validade\u201d, pontuou.<\/p>\n<p>Farias lembrou ainda que assist\u00eancia farmac\u00eautica \u00e9 componente essencial da aten\u00e7\u00e3o integral \u00e0 sa\u00fade.\u00a0<\/p>\n<p>\u201cOs medicamentos cumprem papel central na recupera\u00e7\u00e3o dos pacientes, mas apresentam riscos quando utilizados de forma incorreta ou quando sua qualidade est\u00e1 comprometida. Nesse sentido, a correta gest\u00e3o de estoques e a destina\u00e7\u00e3o social dos excedentes se tornam instrumentos de pol\u00edtica p\u00fablica fundamentais para reduzir desperd\u00edcios e ampliar o acesso\u201d, concluiu.<\/p>\n<p>      <!-- Relacionada --><\/p>\n<p>            <!-- Relacionada -->\n    <\/div>\n<p><br \/>\n<br \/>Fonte: <a href=\"https:\/\/agenciabrasil.ebc.com.br\/saude\/noticia\/2025-10\/senado-aprova-isencao-de-tributos-para-doacao-de-medicamentos\">Ag\u00eancia Brasil<\/a><\/p>\n","protected":false},"excerpt":{"rendered":"<p>O Senado aprovou nesta ter\u00e7a-feira\u00a0(21) o Projeto de Lei (PL) 4719\/2020 que isenta do pagamento de diversos tributos as doa\u00e7\u00f5es de medicamentos \u00e0 Uni\u00e3o, aos estados, ao Distrito Federal, aos munic\u00edpios, \u00e0s santas casas de miseric\u00f3rdia, \u00e0 Cruz Vermelha Brasileira e a entidades beneficentes da assist\u00eancia social. O texto segue para a C\u00e2mara dos Deputados. [&hellip;]<\/p>\n","protected":false},"author":5,"featured_media":50493,"comment_status":"open","ping_status":"open","sticky":false,"template":"","format":"standard","meta":{"_seopress_robots_primary_cat":"","_seopress_titles_title":"","_seopress_titles_desc":"","_seopress_robots_index":"","footnotes":""},"categories":[46],"tags":[],"class_list":["post-50492","post","type-post","status-publish","format-standard","has-post-thumbnail","hentry","category-saude"],"_links":{"self":[{"href":"https:\/\/mussicom.com\/noticias\/wp-json\/wp\/v2\/posts\/50492","targetHints":{"allow":["GET"]}}],"collection":[{"href":"https:\/\/mussicom.com\/noticias\/wp-json\/wp\/v2\/posts"}],"about":[{"href":"https:\/\/mussicom.com\/noticias\/wp-json\/wp\/v2\/types\/post"}],"author":[{"embeddable":true,"href":"https:\/\/mussicom.com\/noticias\/wp-json\/wp\/v2\/users\/5"}],"replies":[{"embeddable":true,"href":"https:\/\/mussicom.com\/noticias\/wp-json\/wp\/v2\/comments?post=50492"}],"version-history":[{"count":0,"href":"https:\/\/mussicom.com\/noticias\/wp-json\/wp\/v2\/posts\/50492\/revisions"}],"wp:featuredmedia":[{"embeddable":true,"href":"https:\/\/mussicom.com\/noticias\/wp-json\/wp\/v2\/media\/50493"}],"wp:attachment":[{"href":"https:\/\/mussicom.com\/noticias\/wp-json\/wp\/v2\/media?parent=50492"}],"wp:term":[{"taxonomy":"category","embeddable":true,"href":"https:\/\/mussicom.com\/noticias\/wp-json\/wp\/v2\/categories?post=50492"},{"taxonomy":"post_tag","embeddable":true,"href":"https:\/\/mussicom.com\/noticias\/wp-json\/wp\/v2\/tags?post=50492"}],"curies":[{"name":"wp","href":"https:\/\/api.w.org\/{rel}","templated":true}]}}