{"id":50418,"date":"2025-10-21T11:32:15","date_gmt":"2025-10-21T14:32:15","guid":{"rendered":"https:\/\/mussicom.com\/moraes-diz-que-ira-ignorar-erro-da-pgr\/"},"modified":"2025-10-21T11:32:15","modified_gmt":"2025-10-21T14:32:15","slug":"moraes-diz-que-ira-ignorar-erro-da-pgr","status":"publish","type":"post","link":"https:\/\/mussicom.com\/noticias\/moraes-diz-que-ira-ignorar-erro-da-pgr\/","title":{"rendered":"Moraes diz que ir\u00e1 ignorar erro da PGR"},"content":{"rendered":"<p> <br \/>\n<\/p>\n<div>\n<p class=\"postParagraph_post-paragraph-innerHtml__Q5vwc\">O ministro do Supremo Tribunal Federal Alexandre de Moraes disse que <strong>ir\u00e1 ignorar uma prova mencionada pela Procuradoria-Geral da Rep\u00fablica que n\u00e3o consta nos autos<\/strong>. No entanto, o relator do julgamento do n\u00facleo 4, acusado de suposto golpe de Estado, assinala que o problema n\u00e3o anula integralmente.<\/p>\n<p class=\"postParagraph_post-paragraph-innerHtml__Q5vwc\"><em>&#8220;Houve men\u00e7\u00e3o, nas alega\u00e7\u00f5es da Procuradoria-Geral da Rep\u00fablica, de um documento n\u00e3o juntado aos autos. Aqui, em que pese o documento estar livre para todas as defesas, que foi comum a todos os n\u00facleos, mas realmente n\u00e3o foi juntado aos autos. [\u2026] Durante as sustenta\u00e7\u00f5es orais eu fiz essa observa\u00e7\u00e3o, de que realmente n\u00e3o foi feita essa juntada. [\u2026] Entendo aqui que essa men\u00e7\u00e3o n\u00e3o pode prejudicar a defesa, eu exclui dos autos essa men\u00e7\u00e3o, e n\u00e3o ser\u00e1 levada em conta em rela\u00e7\u00e3o \u00e0 fundamenta\u00e7\u00e3o da presente a\u00e7\u00e3o penal. Obviamente isso n\u00e3o anula a a\u00e7\u00e3o penal, isso simplesmente ser\u00e1 ignorado.&#8221;<\/em><\/p>\n<p class=\"postParagraph_post-paragraph__juWZN\">Moraes l\u00ea, nesta ter\u00e7a-feira (21), seu voto na a\u00e7\u00e3o. No n\u00facleo 1, acusado de envolvimento nos mesmos fatos, a Primeira Turma do STF j\u00e1 condenou todos os cinco r\u00e9us. Entre eles, o ex-presidente Jair Bolsonaro (PL) recebeu pena de 27 anos de pris\u00e3o. Em seu voto no julgamento do n\u00facleo 4, Moraes volta a citar Bolsonaro como l\u00edder da suposta organiza\u00e7\u00e3o criminosa.<\/p>\n<p class=\"postParagraph_post-paragraph__juWZN\">O ministro relembra que a turma reconheceu a exist\u00eancia de &#8220;atos execut\u00f3rios sequenciais&#8221; dos crimes apontados, a saber, organiza\u00e7\u00e3o criminosa armada, golpe de Estado, tentativa de aboli\u00e7\u00e3o violenta do Estado Democr\u00e1tico de Direito, dano qualificado e deteriora\u00e7\u00e3o de patrim\u00f4nio tombado.<\/p>\n<p class=\"postParagraph_post-paragraph__juWZN\">O n\u00facleo 4 \u00e9 acusado de propagar informa\u00e7\u00f5es que sabiam ser falsas sobre as urnas eletr\u00f4nicas. Essas divulga\u00e7\u00f5es teriam por objetivo obter apoio popular para um suposto golpe de Estado, liderado por Jair Bolsonaro e pelos outros integrantes do n\u00facleo 1. Fazem parte do n\u00facleo 4:<\/p>\n<ul class=\"postList_post-list-container__W0E4y postList_visual-type-unordered-list__M8U7t\">\n<li class=\"postList_post-list-item__34Ck1\">Ailton Moraes Barros, ex-major do Ex\u00e9rcito;<\/li>\n<li class=\"postList_post-list-item__34Ck1\">\u00c2ngelo Denicoli, major da reserva do Ex\u00e9rcito;<\/li>\n<li class=\"postList_post-list-item__34Ck1\">Carlos Cesar Moretzsohn Rocha, presidente do Instituto Voto Legal;<\/li>\n<li class=\"postList_post-list-item__34Ck1\">Giancarlo Rodrigues, subtenente do Ex\u00e9rcito;<\/li>\n<li class=\"postList_post-list-item__34Ck1\">Guilherme Almeida, tenente-coronel do Ex\u00e9rcito;<\/li>\n<li class=\"postList_post-list-item__34Ck1\">Marcelo Bormevet, agente da Pol\u00edcia Federal;<\/li>\n<li class=\"postList_post-list-item__34Ck1\">Reginaldo Abreu, coronel do Ex\u00e9rcito;<\/li>\n<\/ul>\n<div class=\"postViewMore_post-view-more-container___5wai\" data-mrf-recirculation=\"Post - Veja tamb\u00e9m\">\n<p class=\"gp-styles-module-size-small-afeYRa gp-styles-module-font-family2-afeYRa gp-styles-module-color-secondary-afeYRa gp-styles-module-weight-bold-afeYRa\">VEJA TAMB\u00c9M:<\/p>\n<ul class=\"postViewMore_post-view-more-list__CU_CE\">\n<li class=\"postViewMore_post-view-more-item__2MzRb\"><span class=\"postViewMore_post-view-more-link-icon___stPC\"><svg xmlns=\"http:\/\/www.w3.org\/2000\/svg\" width=\"16\" height=\"16\" viewbox=\"0 0 16 16\"><rect width=\"16\" height=\"16\" fill=\"none\"\/><g transform=\"translate(3 3)\"><path d=\"M22.5,15l3.4,3.4-3.4,3.4\" transform=\"translate(-15.896 -11.793)\" fill=\"none\" stroke=\"#717171\" stroke-linecap=\"round\" stroke-width=\"1.4\"\/><path d=\"M6,6v4.2a2.452,2.452,0,0,0,2.5,2.4H16\" transform=\"translate(-6 -6)\" fill=\"none\" stroke=\"#717171\" stroke-linecap=\"round\" stroke-width=\"1.4\"\/><\/g><\/svg><\/span><span class=\"postViewMore_post-view-more-link-text__hO_kM\">Moraes admite que documento usado por PGR em acusa\u00e7\u00e3o n\u00e3o consta nos autos<\/span><\/li>\n<li class=\"postViewMore_post-view-more-item__2MzRb\"><span class=\"postViewMore_post-view-more-link-icon___stPC\"><svg xmlns=\"http:\/\/www.w3.org\/2000\/svg\" width=\"16\" height=\"16\" viewbox=\"0 0 16 16\"><rect width=\"16\" height=\"16\" fill=\"none\"\/><g transform=\"translate(3 3)\"><path d=\"M22.5,15l3.4,3.4-3.4,3.4\" transform=\"translate(-15.896 -11.793)\" fill=\"none\" stroke=\"#717171\" stroke-linecap=\"round\" stroke-width=\"1.4\"\/><path d=\"M6,6v4.2a2.452,2.452,0,0,0,2.5,2.4H16\" transform=\"translate(-6 -6)\" fill=\"none\" stroke=\"#717171\" stroke-linecap=\"round\" stroke-width=\"1.4\"\/><\/g><\/svg><\/span><span class=\"postViewMore_post-view-more-link-text__hO_kM\">Primeira Turma do STF julga n\u00facleo 4 do suposto plano de golpe nesta ter\u00e7a<\/span><\/li>\n<\/ul>\n<\/div>\n<h2 class=\"postParagraph_post-paragraph__juWZN postParagraph_type-tag-h2__TtFkT\">Moraes utiliza julgamento do n\u00facleo 1 para ancorar novo voto<\/h2>\n<p class=\"postParagraph_post-paragraph__juWZN\">Vitorioso em seu voto no julgamento do n\u00facleo 1, Moraes utiliza a vit\u00f3ria para sustentar seu voto. O ministro diz, por exemplo, que a materialidade dos crimes j\u00e1 foi verificada no julgamento que envolveu Bolsonaro. Agora, segundo ele, o objetivo seria averiguar se os r\u00e9us do n\u00facleo 4 constitu\u00edram &#8220;mil\u00edcia digital&#8221;, a fim de &#8220;descredibilizar o sistema eleitoral&#8221;.<\/p>\n<p class=\"postParagraph_post-paragraph__juWZN\">O ministro ainda argumenta que a defesa das elei\u00e7\u00f5es \u00e9 um desafio nas democracias ocidentais. O chamado &#8220;n\u00facleo de desinforma\u00e7\u00e3o&#8221; teria, nesse sentido, atuado para instituir uma &#8220;ruptura institucional&#8221;. A estrat\u00e9gia para isso seria, al\u00e9m de propagar suposto discurso de \u00f3dio, atacar autoridades, sobretudo ministros do STF e do Tribunal Superior Eleitoral.<\/p>\n<\/div>\n<p><br \/>\n<br \/>Fonte: <a href=\"https:\/\/www.gazetadopovo.com.br\/republica\/nucleo-4-moraes-diz-que-ira-ignorar-erro-da-pgr\/\">Revista Oeste<\/a><\/p>\n","protected":false},"excerpt":{"rendered":"<p>O ministro do Supremo Tribunal Federal Alexandre de Moraes disse que ir\u00e1 ignorar uma prova mencionada pela Procuradoria-Geral da Rep\u00fablica que n\u00e3o consta nos autos. No entanto, o relator do julgamento do n\u00facleo 4, acusado de suposto golpe de Estado, assinala que o problema n\u00e3o anula integralmente. &#8220;Houve men\u00e7\u00e3o, nas alega\u00e7\u00f5es da Procuradoria-Geral da Rep\u00fablica, [&hellip;]<\/p>\n","protected":false},"author":5,"featured_media":50419,"comment_status":"open","ping_status":"open","sticky":false,"template":"","format":"standard","meta":{"_seopress_robots_primary_cat":"","_seopress_titles_title":"","_seopress_titles_desc":"","_seopress_robots_index":"","footnotes":""},"categories":[1],"tags":[],"class_list":["post-50418","post","type-post","status-publish","format-standard","has-post-thumbnail","hentry","category-ultimas-noticias"],"_links":{"self":[{"href":"https:\/\/mussicom.com\/noticias\/wp-json\/wp\/v2\/posts\/50418","targetHints":{"allow":["GET"]}}],"collection":[{"href":"https:\/\/mussicom.com\/noticias\/wp-json\/wp\/v2\/posts"}],"about":[{"href":"https:\/\/mussicom.com\/noticias\/wp-json\/wp\/v2\/types\/post"}],"author":[{"embeddable":true,"href":"https:\/\/mussicom.com\/noticias\/wp-json\/wp\/v2\/users\/5"}],"replies":[{"embeddable":true,"href":"https:\/\/mussicom.com\/noticias\/wp-json\/wp\/v2\/comments?post=50418"}],"version-history":[{"count":0,"href":"https:\/\/mussicom.com\/noticias\/wp-json\/wp\/v2\/posts\/50418\/revisions"}],"wp:featuredmedia":[{"embeddable":true,"href":"https:\/\/mussicom.com\/noticias\/wp-json\/wp\/v2\/media\/50419"}],"wp:attachment":[{"href":"https:\/\/mussicom.com\/noticias\/wp-json\/wp\/v2\/media?parent=50418"}],"wp:term":[{"taxonomy":"category","embeddable":true,"href":"https:\/\/mussicom.com\/noticias\/wp-json\/wp\/v2\/categories?post=50418"},{"taxonomy":"post_tag","embeddable":true,"href":"https:\/\/mussicom.com\/noticias\/wp-json\/wp\/v2\/tags?post=50418"}],"curies":[{"name":"wp","href":"https:\/\/api.w.org\/{rel}","templated":true}]}}