{"id":50290,"date":"2025-10-20T18:34:14","date_gmt":"2025-10-20T21:34:14","guid":{"rendered":"https:\/\/mussicom.com\/a-importancia-de-jon-landau-para-bruce-springsteen\/"},"modified":"2025-10-20T18:34:14","modified_gmt":"2025-10-20T21:34:14","slug":"a-importancia-de-jon-landau-para-bruce-springsteen","status":"publish","type":"post","link":"https:\/\/mussicom.com\/noticias\/a-importancia-de-jon-landau-para-bruce-springsteen\/","title":{"rendered":"A import\u00e2ncia de Jon Landau para Bruce Springsteen"},"content":{"rendered":"<p> <br \/>\n<\/p>\n<div>\n<p>Com lan\u00e7amento marcado para 30 de outubro, a cinebiografia <strong><em>Springsteen: Salve-me do Desconhecido<\/em><\/strong> retratar\u00e1 v\u00e1rios aspectos da vida de <strong>Bruce Springsteen<\/strong> no in\u00edcio da d\u00e9cada de 1980. Um deles \u00e9 a rela\u00e7\u00e3o com <strong>Jon Landau<\/strong>, empres\u00e1rio que teve papel decisivo em sua carreira.<\/p>\n<p>A import\u00e2ncia de Landau na ascens\u00e3o de Springsteen, entretanto, \u00e9 anterior \u00e0 liga\u00e7\u00e3o direta entre os dois. Seu primeiro impacto na trajet\u00f3ria do artista foi como jornalista, em 1974, quando elogiou uma performance do m\u00fasico na cidade de <strong>Cambridge<\/strong>, <strong>Massachusetts<\/strong> (EUA).<\/p>\n<p>Na \u00e9poca, ele escreveu no jornal <strong>The Real Paper<\/strong> (via <strong>Clash<\/strong>):<\/p>\n<blockquote>\n<p><em>\u201cEu vi o futuro do rock and roll e seu nome \u00e9 Bruce Springsteen.\u201d<\/em><\/p>\n<\/blockquote>\n<figure id=\"attachment_260721\" aria-describedby=\"caption-attachment-260721\" style=\"width: 1920px\" class=\"wp-caption aligncenter\"><figcaption id=\"caption-attachment-260721\" class=\"wp-caption-text\">Bruce Springsteen e Jon Landau em 1980, durante as grava\u00e7\u00f5es de \u2018The River\u2019 (Foto: David Gahr\/Getty Images)<\/figcaption><\/figure>\n<p>At\u00e9 ent\u00e3o, Springsteen vinha de dois discos com pouco destaque e quase nenhum apelo comercial. Mesmo assim, Landau viu potencial no cantor e compositor de <strong>Nova Jersey<\/strong> e exaltou no mesmo artigo:<\/p>\n<blockquote>\n<p><em>\u201cEm uma noite em que eu precisava me sentir jovem, ele me fez sentir como se estivesse ouvindo m\u00fasica pela primeira vez.\u201d<\/em><\/p>\n<\/blockquote>\n<h2>Jon Landau e Bruce Springsteen<\/h2>\n<p>A partir da\u00ed, a carreira de Bruce Springsteen ganhou f\u00f4lego novo. Jon Landau foi recrutado para trabalhar como coprodutor em seu terceiro \u00e1lbum, <em><strong>Born to Run<\/strong><\/em> (1975). O disco foi um sucesso e se tornou o ponto de virada para o artista.<\/p>\n<p>Em 1978, Landau se tornou empres\u00e1rio de Springsteen, ap\u00f3s um complicado rompimento com o profissional anterior, <strong>Mike Appel<\/strong>. Ele tamb\u00e9m continuou sendo creditado como coprodutor em todos os discos do m\u00fasico at\u00e9 1995 \u2013 com exce\u00e7\u00e3o de <em><strong>Nebraska<\/strong><\/em> (1982).<\/p>\n<p>Segundo o pr\u00f3prio Bruce Springsteen, Jon Landau foi importante at\u00e9 mesmo nos momentos mais dif\u00edceis de sua carreira. O m\u00fasico conta que o empres\u00e1rio teve papel fundamental quando ele sofreu de depress\u00e3o, levando-o ao tratamento adequado com profissionais especializados.<\/p>\n<p>Ao site <strong>NJArts<\/strong>, Springsteen afirmou em 2020:<\/p>\n<blockquote>\n<p><em>\u201cQuando olhei para baixo e vi o fundo do po\u00e7o, Jon me ajudou a encontrar ajuda que me reorientaria e mudaria o curso da minha vida. Tenho uma grande d\u00edvida com meu amigo por sua gentileza, generosidade e amor. Ele tamb\u00e9m fez um \u00f3timo trabalho de gest\u00e3o.\u201d<\/em><\/p>\n<\/blockquote>\n<figure id=\"attachment_260720\" aria-describedby=\"caption-attachment-260720\" style=\"width: 1920px\" class=\"wp-caption aligncenter\"><img loading=\"lazy\" loading=\"lazy\" decoding=\"async\" class=\"size-full wp-image-260720 img-fluid lazy\" alt=\"Bruce Springsteen e Jon Landau em 2017 (Foto: Jim Spellman\/Getty Images)\" width=\"1920\" height=\"1080\" src=\"https:\/\/rollingstone.com.br\/wp-content\/uploads\/2025\/09\/bruce-springsteen-jon-landau-2017-foto-Jim-Spellman-Getty-Images-679827660.jpg\" srcset=\"https:\/\/rollingstone.com.br\/wp-content\/uploads\/2025\/09\/bruce-springsteen-jon-landau-2017-foto-Jim-Spellman-Getty-Images-679827660.jpg 1920w, https:\/\/rollingstone.com.br\/wp-content\/uploads\/2025\/09\/bruce-springsteen-jon-landau-2017-foto-Jim-Spellman-Getty-Images-679827660-406x228.jpg 406w, https:\/\/rollingstone.com.br\/wp-content\/uploads\/2025\/09\/bruce-springsteen-jon-landau-2017-foto-Jim-Spellman-Getty-Images-679827660-800x450.jpg 800w, https:\/\/rollingstone.com.br\/wp-content\/uploads\/2025\/09\/bruce-springsteen-jon-landau-2017-foto-Jim-Spellman-Getty-Images-679827660-768x432.jpg 768w, https:\/\/rollingstone.com.br\/wp-content\/uploads\/2025\/09\/bruce-springsteen-jon-landau-2017-foto-Jim-Spellman-Getty-Images-679827660-1536x864.jpg 1536w\" sizes=\"auto, (max-width: 1920px) 100vw, 1920px\"\/><figcaption id=\"caption-attachment-260720\" class=\"wp-caption-text\">Bruce Springsteen e Jon Landau em 2017 (Foto: Jim Spellman\/Getty Images)<\/figcaption><\/figure>\n<h2>Colabora\u00e7\u00e3o transcendental<\/h2>\n<p>De jornalista a empres\u00e1rio, passando por produtor, confidente, amigo e bra\u00e7o direito de Bruce Springsteen, Jon Landau fez de tudo um pouco nos \u00faltimos 50 anos ao lado de The Boss.<\/p>\n<p>Ele brinca:<\/p>\n<blockquote>\n<p><em>\u201cEu nunca quis ser empres\u00e1rio. Foi apenas uma colabora\u00e7\u00e3o que transcendeu todas as categorias.\u201d<\/em><\/p>\n<\/blockquote>\n<h2>Mais sobre o filme<\/h2>\n<p>Em <em><strong>Springsteen: Salve-me do Desconhecido<\/strong><\/em>, Bruce Springsteen ser\u00e1 interpretado por <strong>Jeremy Allen White<\/strong>, o <strong>Carmy<\/strong>, de <em><strong>The Bear<\/strong><\/em>. J\u00e1 o papel de Jon Landau ficou com <strong>Jeremy Strong<\/strong>, que fez <strong>Kendall Roy<\/strong> na s\u00e9rie <em><strong>Succession<\/strong><\/em>.<\/p>\n<p>O filme ter\u00e1 como enfoque a jornada de produ\u00e7\u00e3o de <em><strong>Nebraska<\/strong><\/em>, disco respons\u00e1vel por marcar uma dire\u00e7\u00e3o art\u00edstica diferente do cantor. Leia sinopse a seguir.<\/p>\n<blockquote>\n<p><em>\u201c<strong>Springsteen: Salve-me do Desconhecido<\/strong> apresenta Bruce Springsteen, interpretado por Jeremy Allen White, no processo de concep\u00e7\u00e3o e produ\u00e7\u00e3o do \u00e1lbum <strong>Nebraska<\/strong> (1982), quando ele era um jovem m\u00fasico \u00e0 beira do estrelato global, lutando para conciliar as press\u00f5es do sucesso com os fantasmas de seu passado. Feito no quarto do artista, em New Jersey, em um gravador de 4 canais, <strong>Nebraska<\/strong> marcou um ponto de virada em sua vida e \u00e9 considerado um de seus trabalhos mais perdur\u00e1veis, um disco ac\u00fastico cru e assombrado, povoado por almas perdidas em busca de uma raz\u00e3o para acreditar.\u201d<\/em><\/p>\n<\/blockquote>\n<h2>Rolling Stone Brasil: Avenged Sevenfold na capa<\/h2>\n<p>A nova edi\u00e7\u00e3o da Rolling Stone Brasil traz uma entrevista exclusiva com os 5 integrantes do <strong>Avenged Sevenfold<\/strong>, \u00e0s v\u00e9speras de seus maiores shows solo no Brasil. Tamb\u00e9m h\u00e1 um bate-papo com <strong>Planet Hemp<\/strong>, um especial <strong>Bruce Springsteen<\/strong>, homenagem a <strong>Ozzy Osbourne<\/strong>\u00a0e muito mais. Compre pelo site da Loja Perfil.<\/p>\n<p class=\"text-center\"><img alt=\"\" loading=\"lazy\" loading=\"lazy\" decoding=\"async\" class=\"aligncenter size-full wp-image-259384 img-fluid lazy\" alt=\"\" width=\"1337\" height=\"1600\" src=\"https:\/\/rollingstone.com.br\/wp-content\/uploads\/2025\/09\/rolling-stone-brasil-avenged-sevenfold-capa.jpeg\" srcset=\"https:\/\/rollingstone.com.br\/wp-content\/uploads\/2025\/09\/rolling-stone-brasil-avenged-sevenfold-capa.jpeg 1337w, https:\/\/rollingstone.com.br\/wp-content\/uploads\/2025\/09\/rolling-stone-brasil-avenged-sevenfold-capa-191x228.jpeg 191w, https:\/\/rollingstone.com.br\/wp-content\/uploads\/2025\/09\/rolling-stone-brasil-avenged-sevenfold-capa-376x450.jpeg 376w, https:\/\/rollingstone.com.br\/wp-content\/uploads\/2025\/09\/rolling-stone-brasil-avenged-sevenfold-capa-768x919.jpeg 768w, https:\/\/rollingstone.com.br\/wp-content\/uploads\/2025\/09\/rolling-stone-brasil-avenged-sevenfold-capa-1284x1536.jpeg 1284w\" sizes=\"auto, (max-width: 1337px) 100vw, 1337px\"\/><\/p>\n<p><strong>+++ LEIA MAIS: A banda de heavy metal que contou com Bruce Springsteen antes da E Street Band<\/strong><br \/><strong>+++ LEIA MAIS: Walter Salles e Bruce Springsteen ser\u00e3o homenageados pelo Museu do Oscar<\/strong><br \/><strong>+++ LEIA MAIS: Bruce Springsteen diz que novo filme retrata dias \u2018dolorosos demais\u2019<\/strong><\/p>\n<ul class=\"terms-list post_tag list-inline\">\n<li class=\"bruce-springsteen list-inline-item\">\n\t\t\t\t\tBruce Springsteen\n\t\t\t\t<\/li>\n<li class=\"jon-landau list-inline-item\">\n\t\t\t\t\tJon Landau\n\t\t\t\t<\/li>\n<\/ul><\/div>\n<p><br \/>\n<br \/>Fonte: <a href=\"https:\/\/rollingstone.com.br\/cinema\/jon-landau-importancia-para-bruce-springsteen\/\">rollingstone.com.br<\/a><\/p>\n","protected":false},"excerpt":{"rendered":"<p>Com lan\u00e7amento marcado para 30 de outubro, a cinebiografia Springsteen: Salve-me do Desconhecido retratar\u00e1 v\u00e1rios aspectos da vida de Bruce Springsteen no in\u00edcio da d\u00e9cada de 1980. Um deles \u00e9 a rela\u00e7\u00e3o com Jon Landau, empres\u00e1rio que teve papel decisivo em sua carreira. A import\u00e2ncia de Landau na ascens\u00e3o de Springsteen, entretanto, \u00e9 anterior \u00e0 [&hellip;]<\/p>\n","protected":false},"author":5,"featured_media":50291,"comment_status":"open","ping_status":"open","sticky":false,"template":"","format":"standard","meta":{"_seopress_robots_primary_cat":"","_seopress_titles_title":"","_seopress_titles_desc":"","_seopress_robots_index":"","footnotes":""},"categories":[51],"tags":[],"class_list":["post-50290","post","type-post","status-publish","format-standard","has-post-thumbnail","hentry","category-musica"],"_links":{"self":[{"href":"https:\/\/mussicom.com\/noticias\/wp-json\/wp\/v2\/posts\/50290","targetHints":{"allow":["GET"]}}],"collection":[{"href":"https:\/\/mussicom.com\/noticias\/wp-json\/wp\/v2\/posts"}],"about":[{"href":"https:\/\/mussicom.com\/noticias\/wp-json\/wp\/v2\/types\/post"}],"author":[{"embeddable":true,"href":"https:\/\/mussicom.com\/noticias\/wp-json\/wp\/v2\/users\/5"}],"replies":[{"embeddable":true,"href":"https:\/\/mussicom.com\/noticias\/wp-json\/wp\/v2\/comments?post=50290"}],"version-history":[{"count":0,"href":"https:\/\/mussicom.com\/noticias\/wp-json\/wp\/v2\/posts\/50290\/revisions"}],"wp:featuredmedia":[{"embeddable":true,"href":"https:\/\/mussicom.com\/noticias\/wp-json\/wp\/v2\/media\/50291"}],"wp:attachment":[{"href":"https:\/\/mussicom.com\/noticias\/wp-json\/wp\/v2\/media?parent=50290"}],"wp:term":[{"taxonomy":"category","embeddable":true,"href":"https:\/\/mussicom.com\/noticias\/wp-json\/wp\/v2\/categories?post=50290"},{"taxonomy":"post_tag","embeddable":true,"href":"https:\/\/mussicom.com\/noticias\/wp-json\/wp\/v2\/tags?post=50290"}],"curies":[{"name":"wp","href":"https:\/\/api.w.org\/{rel}","templated":true}]}}