{"id":50142,"date":"2025-10-19T13:05:16","date_gmt":"2025-10-19T16:05:16","guid":{"rendered":"https:\/\/mussicom.com\/fred-durst-publica-video-em-homenagem-a-sam-rivers\/"},"modified":"2025-10-19T13:05:16","modified_gmt":"2025-10-19T16:05:16","slug":"fred-durst-publica-video-em-homenagem-a-sam-rivers","status":"publish","type":"post","link":"https:\/\/mussicom.com\/noticias\/fred-durst-publica-video-em-homenagem-a-sam-rivers\/","title":{"rendered":"Fred Durst publica v\u00eddeo em homenagem a Sam Rivers"},"content":{"rendered":"<p> <br \/>\n<\/p>\n<div>\n<p>O vocalista do <strong>Limp Bizkit<\/strong>, <strong>Fred Durst<\/strong>, publicou um v\u00eddeo em suas redes sociais neste domingo, 19, em homenagem ao colega de banda e amigo de longa data, <strong>Sam Rivers<\/strong>, que faleceu no \u00faltimo s\u00e1bado aos 47 anos. No v\u00eddeo, gravado em tom \u00edntimo e emocionado, <strong>Durst<\/strong> relembra o primeiro encontro com <strong>Rivers<\/strong> ainda na juventude em Jacksonville, Fl\u00f3rida, e descreve a conex\u00e3o instant\u00e2nea que sentiu com o baixista:<\/p>\n<blockquote>\n<p>\u201cEu vi o <strong>Sam<\/strong> no palco e fiquei impressionado\u2026 Ele era t\u00e3o suave, t\u00e3o bom. Tudo ao redor desapareceu, e s\u00f3 dava pra ouvir ele\u201d.<\/p>\n<\/blockquote>\n<p>No relato, o cantor tamb\u00e9m detalhou a forma\u00e7\u00e3o inicial do <strong>Limp Bizkit<\/strong>, contando que foi o pr\u00f3prio <strong>Sam<\/strong> quem sugeriu a entrada de <strong>John Otto<\/strong>, seu primo e futuro baterista da banda.<\/p>\n<blockquote>\n<p>\u201c<strong>John<\/strong> era um baterista de jazz, o que trouxe aquele balan\u00e7o que a gente queria\u2026 Quando os dois tocavam juntos, era algo m\u00e1gico\u201d.<\/p>\n<\/blockquote>\n<p><strong>Durst<\/strong> destacou ainda o lado sens\u00edvel e musicalmente sofisticado de <strong>Sam Rivers<\/strong>, revelando a paix\u00e3o que o baixista tinha pelo grunge e por bandas como <strong>Alice in Chains<\/strong>, <strong>Mother Love Bone<\/strong> e <strong>Stone Temple Pilots<\/strong>.<\/p>\n<blockquote>\n<p>\u201cEle conseguia extrair uma tristeza linda do baixo. Tocava acordes com uma profundidade que eu nunca tinha visto\u201d.<\/p>\n<\/blockquote>\n<p>Visivelmente emocionado, <strong>Fred<\/strong> disse ter chorado \u201cbaldes de l\u00e1grimas\u201d desde a not\u00edcia da morte. \u201cSam era uma lenda\u2026 Ele viveu. Compartilhamos tantos momentos \u2014 selvagens, lindos, ca\u00f3ticos. Sei que onde quer que esteja agora, ele t\u00e1 sorrindo e pensando: \u2018Eu consegui\u2019. E conseguiu mesmo\u201d, finalizou.<\/p>\n<h2><strong>Vida e carreira de Sam Rivers<\/strong><\/h2>\n<p>Em resumo, <strong>Samuel Robert Rivers<\/strong>, mais conhecido no mundo da m\u00fasica como <strong>Sam Rivers<\/strong>, nasceu em dois de setembro de 1977, em Jacksonville, Fl\u00f3rida, nos Estados Unidos.<\/p>\n<p>Sua rela\u00e7\u00e3o com a arte come\u00e7ou logo cedo, na inf\u00e2ncia: aprendeu a tocar tuba, mas se interessou pela guitarra na adolesc\u00eancia \u2014 at\u00e9 que, por sugest\u00e3o de um professor, adotou o baixo, instrumento que definiria sua carreira, na qual tamb\u00e9m integrou o grupo <strong>Sleepkillers<\/strong> e atuou como produtor, colaborando em discos de bandas como <strong>Burn Season<\/strong> e <strong>The Embraced<\/strong>.<\/p>\n<p>Durante a juventude, <strong>Rivers<\/strong> conheceu <strong>Fred Durst<\/strong>, vocalista e l\u00edder do <strong>Limp Bizkit<\/strong>, enquanto ambos trabalhavam em uma rede de fast food em um shopping de Jacksonville. A parceria resultou na cria\u00e7\u00e3o da banda <strong>Malachi Sage<\/strong>, embri\u00e3o do que mais tarde se tornaria a ic\u00f4nica banda de nu metal, j\u00e1 com a chegada do baterista <strong>John Otto<\/strong>. J\u00e1 <strong>DJ Lethal<\/strong> e o guitarrista <strong>Wes Borland<\/strong> completariam a forma\u00e7\u00e3o em outro momento.<\/p>\n<p>Por fim, como baixista, <strong>Sam<\/strong> participou de todos os seis \u00e1lbuns de est\u00fadio do <strong>Limp Bizkit<\/strong>. Em <em><strong>Results May Vary<\/strong><\/em> (2003), gravou partes de guitarra durante o per\u00edodo no qual <strong>Borland<\/strong> estava fora da forma\u00e7\u00e3o do grupo. Em 2015, foi anunciado seu afastamento tempor\u00e1rio da banda devido a um suposto problema na coluna. Mais tarde, revelou-se que <strong>Rivers<\/strong> enfrentava uma doen\u00e7a hep\u00e1tica causada pelo consumo excessivo de \u00e1lcool \u2014 condi\u00e7\u00e3o que o levou a passar por um transplante de f\u00edgado.<\/p>\n<p><strong>+++LEIA MAIS: Sam Rivers, do Limp Bizkit, sofria de doen\u00e7a hep\u00e1tica; entenda<\/strong><\/p>\n<p><strong>+++LEIA MAIS: Morre Sam Rivers, baixista do Limp Bizkit, aos 48 anos<\/strong><\/p>\n<div class=\"author-box clearfix mb-4\">\n<div class=\"d-flex align-items-center\">\n<div class=\"author-avatar\">\n        &#13;<br \/>\n          \n      <\/div>\n<div class=\"author-info ms-3\">\n<p>Kadu Soares \u00e9 formando em Jornalismo pela Faculdade C\u00e1sper L\u00edbero, passa o dia consumindo m\u00fasica, esportes, filmes e s\u00e9ries. Possui um perfil no TikTok e um blog no Substack, onde faz reviews de projetos musicais.<\/p>\n<\/p><\/div>\n<\/p><\/div>\n<\/p><\/div>\n<\/p><\/div>\n<p><br \/>\n<br \/>Fonte: <a href=\"https:\/\/rollingstone.com.br\/musica\/fred-durst-publica-video-emocionado-em-homenagem-a-sam-rivers-do-limp-bizkit\/\">rollingstone.com.br<\/a><\/p>\n","protected":false},"excerpt":{"rendered":"<p>O vocalista do Limp Bizkit, Fred Durst, publicou um v\u00eddeo em suas redes sociais neste domingo, 19, em homenagem ao colega de banda e amigo de longa data, Sam Rivers, que faleceu no \u00faltimo s\u00e1bado aos 47 anos. No v\u00eddeo, gravado em tom \u00edntimo e emocionado, Durst relembra o primeiro encontro com Rivers ainda na [&hellip;]<\/p>\n","protected":false},"author":5,"featured_media":50143,"comment_status":"open","ping_status":"open","sticky":false,"template":"","format":"standard","meta":{"_seopress_robots_primary_cat":"","_seopress_titles_title":"","_seopress_titles_desc":"","_seopress_robots_index":"","footnotes":""},"categories":[51],"tags":[],"class_list":["post-50142","post","type-post","status-publish","format-standard","has-post-thumbnail","hentry","category-musica"],"_links":{"self":[{"href":"https:\/\/mussicom.com\/noticias\/wp-json\/wp\/v2\/posts\/50142","targetHints":{"allow":["GET"]}}],"collection":[{"href":"https:\/\/mussicom.com\/noticias\/wp-json\/wp\/v2\/posts"}],"about":[{"href":"https:\/\/mussicom.com\/noticias\/wp-json\/wp\/v2\/types\/post"}],"author":[{"embeddable":true,"href":"https:\/\/mussicom.com\/noticias\/wp-json\/wp\/v2\/users\/5"}],"replies":[{"embeddable":true,"href":"https:\/\/mussicom.com\/noticias\/wp-json\/wp\/v2\/comments?post=50142"}],"version-history":[{"count":0,"href":"https:\/\/mussicom.com\/noticias\/wp-json\/wp\/v2\/posts\/50142\/revisions"}],"wp:featuredmedia":[{"embeddable":true,"href":"https:\/\/mussicom.com\/noticias\/wp-json\/wp\/v2\/media\/50143"}],"wp:attachment":[{"href":"https:\/\/mussicom.com\/noticias\/wp-json\/wp\/v2\/media?parent=50142"}],"wp:term":[{"taxonomy":"category","embeddable":true,"href":"https:\/\/mussicom.com\/noticias\/wp-json\/wp\/v2\/categories?post=50142"},{"taxonomy":"post_tag","embeddable":true,"href":"https:\/\/mussicom.com\/noticias\/wp-json\/wp\/v2\/tags?post=50142"}],"curies":[{"name":"wp","href":"https:\/\/api.w.org\/{rel}","templated":true}]}}