{"id":50127,"date":"2025-10-19T07:55:14","date_gmt":"2025-10-19T10:55:14","guid":{"rendered":"https:\/\/mussicom.com\/jessica-ferreira-conquista-bronze-no-mundial-de-triatlo-paralimpico\/"},"modified":"2025-10-19T07:55:14","modified_gmt":"2025-10-19T10:55:14","slug":"jessica-ferreira-conquista-bronze-no-mundial-de-triatlo-paralimpico","status":"publish","type":"post","link":"https:\/\/mussicom.com\/noticias\/jessica-ferreira-conquista-bronze-no-mundial-de-triatlo-paralimpico\/","title":{"rendered":"J\u00e9ssica Ferreira conquista bronze no Mundial de triatlo paral\u00edmpico"},"content":{"rendered":"<p> <br \/>\n<\/p>\n<div>\n<p>A brasileira J\u00e9ssica Ferreira conquistou, na \u00faltima sexta-feira (17), o bronze na prova individual da classe PTWC (de cadeirantes) do Campeonato Mundial de triatlo paral\u00edmpico disputado em Wollongong (Austr\u00e1lia) com o tempo de 1h12min45.<img decoding=\"async\" src=\"https:\/\/agenciabrasil.ebc.com.br\/ebc.gif?id=1663461&amp;o=node\" style=\"width:1px; height:1px; display:inline;\"\/><\/p>\n<p>A triatleta paulista ficou atr\u00e1s apenas da australiana Lauren Parker, atual campe\u00e3 paral\u00edmpica da prova, que ficou com o ouro com o tempo de 1h10min43s, e da norte-americana Emelia Perry, prata com o tempo de 1h11min53s.<\/p>\n<p>Al\u00e9m de J\u00e9ssica, o Brasil foi representado na categoria feminina pela mineira Let\u00edcia Freitas, da classe PTVI (defici\u00eancia visual), que, guiada por Pamella Oliveira, finalizou em quinto lugar com o tempo de 1h09min33s. J\u00e1 a capixaba \u00c9rica da Rosa, da classe PTS5 (defici\u00eancia f\u00edsico-motora), tamb\u00e9m terminou na quinta posi\u00e7\u00e3o, mas com o tempo de 1h16min53s.<\/p>\n<p>Na categoria masculina, o catarinense Jorge Fonseca (PTS4, defici\u00eancia f\u00edsico-motora) encerrou em nono lugar com o tempo de 1h06min05s, enquanto o goiano Ruiter Gon\u00e7alves (PTS5) completou em d\u00e9cimo, com 1h03min02s.<\/p>\n<p>      <!-- Relacionada --><\/p>\n<p>            <!-- Relacionada -->\n    <\/div>\n<p><br \/>\n<br \/>Fonte: <a href=\"https:\/\/agenciabrasil.ebc.com.br\/esportes\/noticia\/2025-10\/jessica-ferreira-conquista-bronze-no-mundial-de-triatlo-paralimpico\">Ag\u00eancia Brasil<\/a><\/p>\n","protected":false},"excerpt":{"rendered":"<p>A brasileira J\u00e9ssica Ferreira conquistou, na \u00faltima sexta-feira (17), o bronze na prova individual da classe PTWC (de cadeirantes) do Campeonato Mundial de triatlo paral\u00edmpico disputado em Wollongong (Austr\u00e1lia) com o tempo de 1h12min45. A triatleta paulista ficou atr\u00e1s apenas da australiana Lauren Parker, atual campe\u00e3 paral\u00edmpica da prova, que ficou com o ouro com [&hellip;]<\/p>\n","protected":false},"author":5,"featured_media":50128,"comment_status":"open","ping_status":"open","sticky":false,"template":"","format":"standard","meta":{"_seopress_robots_primary_cat":"","_seopress_titles_title":"","_seopress_titles_desc":"","_seopress_robots_index":"","footnotes":""},"categories":[40],"tags":[],"class_list":["post-50127","post","type-post","status-publish","format-standard","has-post-thumbnail","hentry","category-esportes"],"_links":{"self":[{"href":"https:\/\/mussicom.com\/noticias\/wp-json\/wp\/v2\/posts\/50127","targetHints":{"allow":["GET"]}}],"collection":[{"href":"https:\/\/mussicom.com\/noticias\/wp-json\/wp\/v2\/posts"}],"about":[{"href":"https:\/\/mussicom.com\/noticias\/wp-json\/wp\/v2\/types\/post"}],"author":[{"embeddable":true,"href":"https:\/\/mussicom.com\/noticias\/wp-json\/wp\/v2\/users\/5"}],"replies":[{"embeddable":true,"href":"https:\/\/mussicom.com\/noticias\/wp-json\/wp\/v2\/comments?post=50127"}],"version-history":[{"count":0,"href":"https:\/\/mussicom.com\/noticias\/wp-json\/wp\/v2\/posts\/50127\/revisions"}],"wp:featuredmedia":[{"embeddable":true,"href":"https:\/\/mussicom.com\/noticias\/wp-json\/wp\/v2\/media\/50128"}],"wp:attachment":[{"href":"https:\/\/mussicom.com\/noticias\/wp-json\/wp\/v2\/media?parent=50127"}],"wp:term":[{"taxonomy":"category","embeddable":true,"href":"https:\/\/mussicom.com\/noticias\/wp-json\/wp\/v2\/categories?post=50127"},{"taxonomy":"post_tag","embeddable":true,"href":"https:\/\/mussicom.com\/noticias\/wp-json\/wp\/v2\/tags?post=50127"}],"curies":[{"name":"wp","href":"https:\/\/api.w.org\/{rel}","templated":true}]}}