{"id":50087,"date":"2025-10-18T21:30:15","date_gmt":"2025-10-19T00:30:15","guid":{"rendered":"https:\/\/mussicom.com\/gilson-machado-diz-que-jair-bolsonaro-esta-morrendo-aos-poucos\/"},"modified":"2025-10-18T21:30:15","modified_gmt":"2025-10-19T00:30:15","slug":"gilson-machado-diz-que-jair-bolsonaro-esta-morrendo-aos-poucos","status":"publish","type":"post","link":"https:\/\/mussicom.com\/noticias\/gilson-machado-diz-que-jair-bolsonaro-esta-morrendo-aos-poucos\/","title":{"rendered":"Gilson Machado diz que Jair Bolsonaro est\u00e1 morrendo aos poucos"},"content":{"rendered":"<p> <br \/>\n<\/p>\n<div>\n<p class=\"postParagraph_post-paragraph__juWZN\">O ex-ministro do Turismo, Gilson Machado, afirmou neste s\u00e1bado (18) que o ex-presidente Jair Bolsonaro (PL) \u201cest\u00e1 morrendo aos poucos\u201d. Em publica\u00e7\u00e3o na rede X, ele criticou aliados e pediu o fim das disputas pol\u00edticas dentro da direita.<\/p>\n<p class=\"postParagraph_post-paragraph__juWZN\">Machado declarou conhecer Bolsonaro \u201ccomo poucos\u201d e afirmou que o ex-presidente sofre com os efeitos emocionais do isolamento. \u201cEle est\u00e1 somatizando todo esse sofrimento a ele imposto. Bolsonaro est\u00e1 morrendo aos poucos\u201d, disse.<\/p>\n<p class=\"postParagraph_post-paragraph__juWZN\">O ex-presidente, de 70 anos, cumpre pris\u00e3o domiciliar em Bras\u00edlia desde agosto. Ele enfrenta crises de solu\u00e7o e passou por pelo menos 13 hospitaliza\u00e7\u00f5es desde o atentado de 2018, quando foi esfaqueado durante a campanha eleitoral.<\/p>\n<h2 class=\"postParagraph_post-paragraph__juWZN postParagraph_type-tag-h2__TtFkT\">Ex-ministro critica aliados por briga pelo &#8220;esp\u00f3lio&#8221; de Jair Bolsonaro<\/h2>\n<p class=\"postParagraph_post-paragraph__juWZN\">Machado tamb\u00e9m defendeu unidade entre os apoiadores. \u201cAs pessoas que se elegeram por sua causa deveriam parar de lutar pelo esp\u00f3lio do nosso maior l\u00edder, que ainda est\u00e1 vivo\u201d, escreveu. Ele afirmou que Bolsonaro continua sendo o centro das disputas e pediu foco \u201cna volta da liberdade no pa\u00eds\u201d.<\/p>\n<p class=\"postParagraph_post-paragraph__juWZN\">O ex-ministro declarou que teme o impacto pol\u00edtico caso Bolsonaro morra sob cust\u00f3dia. \u201cN\u00e3o sei o que ser\u00e1 do Brasil se Bolsonaro morrer no c\u00e1rcere\u201d, alertou.<\/p>\n<div class=\"postImage_post-content-image__2CJdu\"><picture class=\"imageDefault_image-container__XGd8_\"><source type=\"image\/webp\" srcset=\"https:\/\/media.gazetadopovo.com.br\/2025\/10\/18195020\/gilson-1280x720.jpg.webp 1280w, https:\/\/media.gazetadopovo.com.br\/2025\/10\/18195020\/gilson-960x540.jpg.webp 960w, https:\/\/media.gazetadopovo.com.br\/2025\/10\/18195020\/gilson-660x372.jpg.webp 660w, https:\/\/media.gazetadopovo.com.br\/2025\/10\/18195020\/gilson-540x332.jpg.webp 540w, https:\/\/media.gazetadopovo.com.br\/2025\/10\/18195020\/gilson-380x214.jpg.webp 380w, https:\/\/media.gazetadopovo.com.br\/2025\/10\/18195020\/gilson-720x720.jpg.webp 720w, https:\/\/media.gazetadopovo.com.br\/2025\/10\/18195020\/gilson-540x540.jpg.webp 540w, https:\/\/media.gazetadopovo.com.br\/2025\/10\/18195020\/gilson-372x372.jpg.webp 372w, https:\/\/media.gazetadopovo.com.br\/2025\/10\/18195020\/gilson-214x214.jpg.webp 214w, https:\/\/media.gazetadopovo.com.br\/2025\/10\/18195020\/gilson.jpg.webp 1535w\" sizes=\"(max-width: 767px) 328px, 638px\"\/><source type=\"image\/jpeg\" srcset=\"https:\/\/media.gazetadopovo.com.br\/2025\/10\/18195020\/gilson-1280x720.jpg.webp 1280w, https:\/\/media.gazetadopovo.com.br\/2025\/10\/18195020\/gilson-960x540.jpg.webp 960w, https:\/\/media.gazetadopovo.com.br\/2025\/10\/18195020\/gilson-660x372.jpg.webp 660w, https:\/\/media.gazetadopovo.com.br\/2025\/10\/18195020\/gilson-540x332.jpg.webp 540w, https:\/\/media.gazetadopovo.com.br\/2025\/10\/18195020\/gilson-380x214.jpg.webp 380w, https:\/\/media.gazetadopovo.com.br\/2025\/10\/18195020\/gilson-720x720.jpg.webp 720w, https:\/\/media.gazetadopovo.com.br\/2025\/10\/18195020\/gilson-540x540.jpg.webp 540w, https:\/\/media.gazetadopovo.com.br\/2025\/10\/18195020\/gilson-372x372.jpg.webp 372w, https:\/\/media.gazetadopovo.com.br\/2025\/10\/18195020\/gilson-214x214.jpg.webp 214w, https:\/\/media.gazetadopovo.com.br\/2025\/10\/18195020\/gilson.jpg.webp 1535w\" sizes=\"(max-width: 767px) 328px, 638px\"\/><\/picture><i class=\"postImage_post-image-caption__yoE82\">Gilson Machado usa rede X para afirmar que Bolsonaro &#8220;est\u00e1 morrendo aos poucos&#8221; e cobrar uni\u00e3o da direita.<!-- --> <!-- -->(Foto: Gilson Machado\/Reprodu\u00e7\u00e3o Rede X)<\/i><\/div>\n<p class=\"postParagraph_post-paragraph__juWZN\">A declara\u00e7\u00e3o ocorre em meio ao debate sobre a sucess\u00e3o da direita para 2026. Nesta semana, a senadora Tereza Cristina (PP-MS), tamb\u00e9m ex-ministra de Bolsonaro, disse que a oposi\u00e7\u00e3o precisa de um nome com viabilidade eleitoral contra o presidente Lula. Ela citou Tarc\u00edsio de Freitas (Republicanos-SP), Ratinho J\u00fanior (PSD-PR) e Michelle Bolsonaro (PL-DF) como op\u00e7\u00f5es, mas excluiu Eduardo Bolsonaro (PL-RJ) da lista.<\/p>\n<p class=\"postParagraph_post-paragraph__juWZN\">Eduardo respondeu nas redes sociais e criticou a exclus\u00e3o. Ele afirmou que as pesquisas mostram o oposto do que Tereza Cristina declarou. Segundo ele, figuras pol\u00edticas que cresceram gra\u00e7as a Bolsonaro agora \u201cse acham no direito de escolher o pr\u00f3ximo candidato\u201d.<\/p>\n<h2 class=\"postParagraph_post-paragraph__juWZN postParagraph_type-tag-h2__TtFkT\">Michelle diz que pris\u00e3o de Bolsonaro atrapalhou a festa de 15 anos da filha<\/h2>\n<p class=\"postParagraph_post-paragraph__juWZN\">Em meio ao impasse pol\u00edtico, Michelle Bolsonaro tamb\u00e9m se pronunciou. No Instagram, lamentou n\u00e3o poder celebrar o anivers\u00e1rio de 15 anos da filha, Laura, como gostariam de organizar o evento, devido \u00e0 pris\u00e3o do marido.<\/p>\n<p class=\"postParagraph_post-paragraph__juWZN\">\u201cInfelizmente, n\u00e3o poderemos celebrar como pretend\u00edamos, por conta de uma injusti\u00e7a que hoje mant\u00e9m seu pai em pris\u00e3o domiciliar\u201d, escreveu.<\/p>\n<p class=\"postParagraph_post-paragraph__juWZN\">Na sexta-feira (17), o ministro Alexandre de Moraes, do Supremo Tribunal Federal, autorizou um almo\u00e7o em comemora\u00e7\u00e3o. O encontro podia ter at\u00e9 nove convidados, entre eles a senadora Damares Alves, o maquiador Agustin Fernandez e integrantes do grupo de ora\u00e7\u00e3o liderado por Michelle Bolsonaro.<\/p>\n<\/div>\n<p><br \/>\n<br \/>Fonte: <a href=\"https:\/\/www.gazetadopovo.com.br\/republica\/jair-bolsonaro-esta-morrendo-aos-poucos-diz-ex-ministro-do-turismo\/\">Revista Oeste<\/a><\/p>\n","protected":false},"excerpt":{"rendered":"<p>O ex-ministro do Turismo, Gilson Machado, afirmou neste s\u00e1bado (18) que o ex-presidente Jair Bolsonaro (PL) \u201cest\u00e1 morrendo aos poucos\u201d. Em publica\u00e7\u00e3o na rede X, ele criticou aliados e pediu o fim das disputas pol\u00edticas dentro da direita. Machado declarou conhecer Bolsonaro \u201ccomo poucos\u201d e afirmou que o ex-presidente sofre com os efeitos emocionais do [&hellip;]<\/p>\n","protected":false},"author":5,"featured_media":50088,"comment_status":"open","ping_status":"open","sticky":false,"template":"","format":"standard","meta":{"_seopress_robots_primary_cat":"","_seopress_titles_title":"","_seopress_titles_desc":"","_seopress_robots_index":"","footnotes":""},"categories":[1],"tags":[],"class_list":["post-50087","post","type-post","status-publish","format-standard","has-post-thumbnail","hentry","category-ultimas-noticias"],"_links":{"self":[{"href":"https:\/\/mussicom.com\/noticias\/wp-json\/wp\/v2\/posts\/50087","targetHints":{"allow":["GET"]}}],"collection":[{"href":"https:\/\/mussicom.com\/noticias\/wp-json\/wp\/v2\/posts"}],"about":[{"href":"https:\/\/mussicom.com\/noticias\/wp-json\/wp\/v2\/types\/post"}],"author":[{"embeddable":true,"href":"https:\/\/mussicom.com\/noticias\/wp-json\/wp\/v2\/users\/5"}],"replies":[{"embeddable":true,"href":"https:\/\/mussicom.com\/noticias\/wp-json\/wp\/v2\/comments?post=50087"}],"version-history":[{"count":0,"href":"https:\/\/mussicom.com\/noticias\/wp-json\/wp\/v2\/posts\/50087\/revisions"}],"wp:featuredmedia":[{"embeddable":true,"href":"https:\/\/mussicom.com\/noticias\/wp-json\/wp\/v2\/media\/50088"}],"wp:attachment":[{"href":"https:\/\/mussicom.com\/noticias\/wp-json\/wp\/v2\/media?parent=50087"}],"wp:term":[{"taxonomy":"category","embeddable":true,"href":"https:\/\/mussicom.com\/noticias\/wp-json\/wp\/v2\/categories?post=50087"},{"taxonomy":"post_tag","embeddable":true,"href":"https:\/\/mussicom.com\/noticias\/wp-json\/wp\/v2\/tags?post=50087"}],"curies":[{"name":"wp","href":"https:\/\/api.w.org\/{rel}","templated":true}]}}