{"id":50058,"date":"2025-10-18T15:24:15","date_gmt":"2025-10-18T18:24:15","guid":{"rendered":"https:\/\/mussicom.com\/ciro-gomes-volta-ao-psdb-e-deve-disputar-governo-do-ceara\/"},"modified":"2025-10-18T15:24:15","modified_gmt":"2025-10-18T18:24:15","slug":"ciro-gomes-volta-ao-psdb-e-deve-disputar-governo-do-ceara","status":"publish","type":"post","link":"https:\/\/mussicom.com\/noticias\/ciro-gomes-volta-ao-psdb-e-deve-disputar-governo-do-ceara\/","title":{"rendered":"Ciro Gomes volta ao PSDB e deve disputar governo do Cear\u00e1"},"content":{"rendered":"<p> <br \/>\n<\/p>\n<div>\n<p class=\"postParagraph_post-paragraph__juWZN\">Ap\u00f3s entregar sua carta de desfilia\u00e7\u00e3o do PDT ao presidente da sigla Carlos Lupi, encerrando uma jornada de uma d\u00e9cada na agremia\u00e7\u00e3o trabalhista, Ciro Gomes voltou a integrar o PSDB. A informa\u00e7\u00e3o foi confirmada por Ozires Pontes, presidente do partido no Cear\u00e1, na noite de sexta-feira (17).<\/p>\n<p class=\"postParagraph_post-paragraph__juWZN\">O dirigente tamb\u00e9m anunciou que Ciro deve concorrer ao governo do estado em 2026, afastando de vez a especula\u00e7\u00e3o de que ele voltaria a se candidatar \u00e0 presid\u00eancia. Segundo Pontes, o ex-senador Tasso Jereissati foi o principal respons\u00e1vel por articular o retorno do pol\u00edtico ao ninho tucano.<\/p>\n<p class=\"postParagraph_post-paragraph__juWZN\">Ciro fez parte do PSDB na d\u00e9cada de 1990, sendo eleito governador de seu estado pelo partido. \u00c0 \u00e9poca, os tucanos ainda n\u00e3o tinham conquistado o governo de nenhum estado, ent\u00e3o a elei\u00e7\u00e3o de Ciro no Cear\u00e1 virou um marco dentro do partido. Ap\u00f3s discordar dos rumos da presid\u00eancia de Fernando Henrique Cardoso, o cearense deixou a sigla.<\/p>\n<p class=\"postParagraph_post-paragraph__juWZN\">O PSDB vai celebrar o retorno de seu quadro na pr\u00f3xima quarta-feira (22), com um evento no Hotel Mareiro, em Fortaleza, a partir das 9h30. Se confirmada sua inten\u00e7\u00e3o de concorrer mais uma vez ao governo do estado, Ciro bater\u00e1 de frente com seu antigo partido, uma vez que sua principal diverg\u00eancia com o PDT estadual tinha a ver com a aproxima\u00e7\u00e3o da sigla com o governo em turno, exercido por Elmano de Freitas, do PT.<\/p>\n<div class=\"postViewMore_post-view-more-container___5wai\" data-mrf-recirculation=\"Post - Veja tamb\u00e9m\">\n<p class=\"gp-styles-module-size-small-afeYRa gp-styles-module-font-family2-afeYRa gp-styles-module-color-secondary-afeYRa gp-styles-module-weight-bold-afeYRa\">VEJA TAMB\u00c9M:<\/p>\n<ul class=\"postViewMore_post-view-more-list__CU_CE\">\n<li class=\"postViewMore_post-view-more-item__2MzRb\">\n<div class=\"postViewMore_post-view-more-image__5gUSe\"><picture class=\"imageDefault_image-container__XGd8_\"><\/picture><\/div>\n<p>Ciro Gomes sai do PDT depois de 10 anos<\/li>\n<li class=\"postViewMore_post-view-more-item__2MzRb\">\n<div class=\"postViewMore_post-view-more-image__5gUSe\"><picture class=\"imageDefault_image-container__XGd8_\"><img decoding=\"async\" class=\"imageDefault_image-item__lU2Dk\" src=\"https:\/\/media.gazetadopovo.com.br\/2025\/10\/17104031\/rodrigo-maia-psdb-ex-presidente-camara-deputados-foto-joedson-alves-efe-380x214.jpg.webp\" alt=\"Rodrigo Maia\" width=\"72\" height=\"72\"\/><\/picture><\/div>\n<p>Ex-presidente da C\u00e2mara diz que candidato apoiador de pautas de Bolsonaro \u201cn\u00e3o ser\u00e1 presidente\u201d<\/li>\n<\/ul>\n<\/div>\n<\/div>\n<p><br \/>\n<br \/>Fonte: <a href=\"https:\/\/www.gazetadopovo.com.br\/republica\/ciro-gomes-volta-ao-psdb-e-deve-disputar-governo-do-ceara-diz-dirigente\/\">Revista Oeste<\/a><\/p>\n","protected":false},"excerpt":{"rendered":"<p>Ap\u00f3s entregar sua carta de desfilia\u00e7\u00e3o do PDT ao presidente da sigla Carlos Lupi, encerrando uma jornada de uma d\u00e9cada na agremia\u00e7\u00e3o trabalhista, Ciro Gomes voltou a integrar o PSDB. A informa\u00e7\u00e3o foi confirmada por Ozires Pontes, presidente do partido no Cear\u00e1, na noite de sexta-feira (17). O dirigente tamb\u00e9m anunciou que Ciro deve concorrer [&hellip;]<\/p>\n","protected":false},"author":5,"featured_media":50059,"comment_status":"open","ping_status":"open","sticky":false,"template":"","format":"standard","meta":{"_seopress_robots_primary_cat":"","_seopress_titles_title":"","_seopress_titles_desc":"","_seopress_robots_index":"","footnotes":""},"categories":[1],"tags":[],"class_list":["post-50058","post","type-post","status-publish","format-standard","has-post-thumbnail","hentry","category-ultimas-noticias"],"_links":{"self":[{"href":"https:\/\/mussicom.com\/noticias\/wp-json\/wp\/v2\/posts\/50058","targetHints":{"allow":["GET"]}}],"collection":[{"href":"https:\/\/mussicom.com\/noticias\/wp-json\/wp\/v2\/posts"}],"about":[{"href":"https:\/\/mussicom.com\/noticias\/wp-json\/wp\/v2\/types\/post"}],"author":[{"embeddable":true,"href":"https:\/\/mussicom.com\/noticias\/wp-json\/wp\/v2\/users\/5"}],"replies":[{"embeddable":true,"href":"https:\/\/mussicom.com\/noticias\/wp-json\/wp\/v2\/comments?post=50058"}],"version-history":[{"count":0,"href":"https:\/\/mussicom.com\/noticias\/wp-json\/wp\/v2\/posts\/50058\/revisions"}],"wp:featuredmedia":[{"embeddable":true,"href":"https:\/\/mussicom.com\/noticias\/wp-json\/wp\/v2\/media\/50059"}],"wp:attachment":[{"href":"https:\/\/mussicom.com\/noticias\/wp-json\/wp\/v2\/media?parent=50058"}],"wp:term":[{"taxonomy":"category","embeddable":true,"href":"https:\/\/mussicom.com\/noticias\/wp-json\/wp\/v2\/categories?post=50058"},{"taxonomy":"post_tag","embeddable":true,"href":"https:\/\/mussicom.com\/noticias\/wp-json\/wp\/v2\/tags?post=50058"}],"curies":[{"name":"wp","href":"https:\/\/api.w.org\/{rel}","templated":true}]}}