{"id":50035,"date":"2025-10-18T09:28:19","date_gmt":"2025-10-18T12:28:19","guid":{"rendered":"https:\/\/mussicom.com\/neo-mama-celebra-outubro-rosa-com-14a-caminhada-em-santos\/"},"modified":"2025-10-18T09:28:19","modified_gmt":"2025-10-18T12:28:19","slug":"neo-mama-celebra-outubro-rosa-com-14a-caminhada-em-santos","status":"publish","type":"post","link":"https:\/\/mussicom.com\/noticias\/neo-mama-celebra-outubro-rosa-com-14a-caminhada-em-santos\/","title":{"rendered":"Neo Mama celebra Outubro Rosa com 14\u00aa Caminhada em Santos"},"content":{"rendered":"<p> <br \/>\n<\/p>\n<div><\/p>\n<div>O Instituto Neo Mama, refer\u00eancia em acolhimento e apoio a pessoas com c\u00e2ncer, comemora em 2025 seus 25 anos de funda\u00e7\u00e3o.<\/div>\n<\/div>\n<p><br \/>\n<br \/>Fonte: <a href=\"https:\/\/jornaldaorla.com.br\/noticias\/neo-mama-celebra-outubro-rosa-com-14a-caminhada-em-santos\/\">Jornal Da Orla<\/a><\/p>\n","protected":false},"excerpt":{"rendered":"<p>O Instituto Neo Mama, refer\u00eancia em acolhimento e apoio a pessoas com c\u00e2ncer, comemora em 2025 seus 25 anos de funda\u00e7\u00e3o. Fonte: Jornal Da Orla<\/p>\n","protected":false},"author":5,"featured_media":50036,"comment_status":"open","ping_status":"open","sticky":false,"template":"","format":"standard","meta":{"_seopress_robots_primary_cat":"","_seopress_titles_title":"","_seopress_titles_desc":"","_seopress_robots_index":"","footnotes":""},"categories":[52],"tags":[],"class_list":["post-50035","post","type-post","status-publish","format-standard","has-post-thumbnail","hentry","category-santoseregiao"],"_links":{"self":[{"href":"https:\/\/mussicom.com\/noticias\/wp-json\/wp\/v2\/posts\/50035","targetHints":{"allow":["GET"]}}],"collection":[{"href":"https:\/\/mussicom.com\/noticias\/wp-json\/wp\/v2\/posts"}],"about":[{"href":"https:\/\/mussicom.com\/noticias\/wp-json\/wp\/v2\/types\/post"}],"author":[{"embeddable":true,"href":"https:\/\/mussicom.com\/noticias\/wp-json\/wp\/v2\/users\/5"}],"replies":[{"embeddable":true,"href":"https:\/\/mussicom.com\/noticias\/wp-json\/wp\/v2\/comments?post=50035"}],"version-history":[{"count":0,"href":"https:\/\/mussicom.com\/noticias\/wp-json\/wp\/v2\/posts\/50035\/revisions"}],"wp:featuredmedia":[{"embeddable":true,"href":"https:\/\/mussicom.com\/noticias\/wp-json\/wp\/v2\/media\/50036"}],"wp:attachment":[{"href":"https:\/\/mussicom.com\/noticias\/wp-json\/wp\/v2\/media?parent=50035"}],"wp:term":[{"taxonomy":"category","embeddable":true,"href":"https:\/\/mussicom.com\/noticias\/wp-json\/wp\/v2\/categories?post=50035"},{"taxonomy":"post_tag","embeddable":true,"href":"https:\/\/mussicom.com\/noticias\/wp-json\/wp\/v2\/tags?post=50035"}],"curies":[{"name":"wp","href":"https:\/\/api.w.org\/{rel}","templated":true}]}}