{"id":50034,"date":"2025-10-18T09:22:14","date_gmt":"2025-10-18T12:22:14","guid":{"rendered":"https:\/\/mussicom.com\/brasil-amplia-importacoes-seletivas\/"},"modified":"2025-10-18T09:22:14","modified_gmt":"2025-10-18T12:22:14","slug":"brasil-amplia-importacoes-seletivas","status":"publish","type":"post","link":"https:\/\/mussicom.com\/noticias\/brasil-amplia-importacoes-seletivas\/","title":{"rendered":"Brasil amplia importa\u00e7\u00f5es seletivas"},"content":{"rendered":"<p> <br \/>\n<\/p>\n<div>\n<p>As importa\u00e7\u00f5es brasileiras avan\u00e7am de forma seletiva em 2025, mesmo com o com\u00e9rcio global em desacelera\u00e7\u00e3o. Segundo a Associa\u00e7\u00e3o de Com\u00e9rcio Exterior do Brasil (AEB), o pa\u00eds importou US$ 135,8 bilh\u00f5es no primeiro semestre, alta de 8,3% em rela\u00e7\u00e3o ao mesmo per\u00edodo de 2024. O cen\u00e1rio, por\u00e9m, ocorre em meio a um contexto internacional de tarifas mais altas e c\u00e2mbio inst\u00e1vel. O Banco Mundial projeta crescimento global de 2,3% para 2025, enquanto a Organiza\u00e7\u00e3o Mundial do Com\u00e9rcio (OMC) estima retra\u00e7\u00e3o de 0,2% no com\u00e9rcio internacional.&#13;\n<\/p>\n<p>De acordo com Thiago Oliveira, especialista em com\u00e9rcio exterior e c\u00e2mbio e CEO da Saygo, o movimento brasileiro \u00e9 de expans\u00e3o seletiva em setores estrat\u00e9gicos como tecnologia, sa\u00fade, insumos industriais e bens de consumo, com maior diversifica\u00e7\u00e3o de fornecedores na \u00c1sia e na Uni\u00e3o Europeia. O principal risco para o importador em 2025 \u00e9 o d\u00f3lar vol\u00e1til e o aumento de tarifas, enquanto a oportunidade est\u00e1 em redesenhar origens de compra e otimizar contratos cambiais para capturar pre\u00e7os mais competitivos.<\/p>\n<p>\u201cPara o quarto trimestre, a tend\u00eancia \u00e9 de expans\u00e3o seletiva das compras externas em setores como tecnologia, sa\u00fade, insumos industriais e bens de consumo, com diversifica\u00e7\u00e3o de fornecedores na \u00c1sia e na Uni\u00e3o Europeia\u201d, avalia .<\/p>\n<p>O especialista recomenda tr\u00eas ajustes imediatos: contratar em m\u00faltiplas moedas, dividindo opera\u00e7\u00f5es entre d\u00f3lar e euro conforme a origem; revisar Incoterms e seguros, priorizando coberturas mais amplas em rotas asi\u00e1ticas e europeias; e refor\u00e7ar o compliance documental, reduzindo riscos de custos adicionais e atrasos na libera\u00e7\u00e3o de cargas.&#13;\n<\/p>\n<p>\u201cA recomposi\u00e7\u00e3o vir\u00e1 menos pelo volume generalizado e mais por compras direcionadas em novas origens, ancoradas em contratos cambiais bem estruturados. Quem transformar a \u00e1rea de importa\u00e7\u00e3o em \u00e1rea de estrat\u00e9gia (e n\u00e3o s\u00f3 de compras) atravessa 2025 preservando caixa e competitividade\u201d, conclui Oliveira.<\/p>\n<\/p><\/div>\n<p><script data-cfasync=\"false\">\n    !function (f, b, e, v, n, t, s) {\n        if (f.fbq) return; n = f.fbq = function () {\n            n.callMethod ?\n                n.callMethod.apply(n, arguments) : n.queue.push(arguments)\n        };\n        if (!f._fbq) f._fbq = n; n.push = n; n.loaded = !0; n.version = '2.0';\n        n.queue = []; t = b.createElement(e); t.async = !0;\n        t.src = v; s = b.getElementsByTagName(e)[0];\n        s.parentNode.insertBefore(t, s)\n    }(window, document, 'script',\n        'https:\/\/connect.facebook.net\/en_US\/fbevents.js');\n    fbq('init', '522546078623747');\n    fbq('track', 'PageView');\n<\/script><br \/>\n<br \/><br \/>\n<br \/>Fonte: <a href=\"https:\/\/www.agrolink.com.br\/noticias\/brasil-amplia-importacoes-seletivas_507064.html\">AGROLINK<\/a><\/p>\n","protected":false},"excerpt":{"rendered":"<p>As importa\u00e7\u00f5es brasileiras avan\u00e7am de forma seletiva em 2025, mesmo com o com\u00e9rcio global em desacelera\u00e7\u00e3o. Segundo a Associa\u00e7\u00e3o de Com\u00e9rcio Exterior do Brasil (AEB), o pa\u00eds importou US$ 135,8 bilh\u00f5es no primeiro semestre, alta de 8,3% em rela\u00e7\u00e3o ao mesmo per\u00edodo de 2024. O cen\u00e1rio, por\u00e9m, ocorre em meio a um contexto internacional de [&hellip;]<\/p>\n","protected":false},"author":5,"featured_media":30151,"comment_status":"open","ping_status":"open","sticky":false,"template":"","format":"standard","meta":{"_seopress_robots_primary_cat":"","_seopress_titles_title":"","_seopress_titles_desc":"","_seopress_robots_index":"","footnotes":""},"categories":[53],"tags":[],"class_list":["post-50034","post","type-post","status-publish","format-standard","has-post-thumbnail","hentry","category-agronegocio"],"_links":{"self":[{"href":"https:\/\/mussicom.com\/noticias\/wp-json\/wp\/v2\/posts\/50034","targetHints":{"allow":["GET"]}}],"collection":[{"href":"https:\/\/mussicom.com\/noticias\/wp-json\/wp\/v2\/posts"}],"about":[{"href":"https:\/\/mussicom.com\/noticias\/wp-json\/wp\/v2\/types\/post"}],"author":[{"embeddable":true,"href":"https:\/\/mussicom.com\/noticias\/wp-json\/wp\/v2\/users\/5"}],"replies":[{"embeddable":true,"href":"https:\/\/mussicom.com\/noticias\/wp-json\/wp\/v2\/comments?post=50034"}],"version-history":[{"count":0,"href":"https:\/\/mussicom.com\/noticias\/wp-json\/wp\/v2\/posts\/50034\/revisions"}],"wp:featuredmedia":[{"embeddable":true,"href":"https:\/\/mussicom.com\/noticias\/wp-json\/wp\/v2\/media\/30151"}],"wp:attachment":[{"href":"https:\/\/mussicom.com\/noticias\/wp-json\/wp\/v2\/media?parent=50034"}],"wp:term":[{"taxonomy":"category","embeddable":true,"href":"https:\/\/mussicom.com\/noticias\/wp-json\/wp\/v2\/categories?post=50034"},{"taxonomy":"post_tag","embeddable":true,"href":"https:\/\/mussicom.com\/noticias\/wp-json\/wp\/v2\/tags?post=50034"}],"curies":[{"name":"wp","href":"https:\/\/api.w.org\/{rel}","templated":true}]}}