{"id":50008,"date":"2025-10-18T03:12:16","date_gmt":"2025-10-18T06:12:16","guid":{"rendered":"https:\/\/mussicom.com\/moraes-reabre-inquerito-e-avanca-sobre-cla-bolsonaro\/"},"modified":"2025-10-18T03:12:16","modified_gmt":"2025-10-18T06:12:16","slug":"moraes-reabre-inquerito-e-avanca-sobre-cla-bolsonaro","status":"publish","type":"post","link":"https:\/\/mussicom.com\/noticias\/moraes-reabre-inquerito-e-avanca-sobre-cla-bolsonaro\/","title":{"rendered":"Moraes reabre inqu\u00e9rito e avan\u00e7a sobre cl\u00e3 Bolsonaro"},"content":{"rendered":"<p> <br \/>\n<\/p>\n<div>\n<p class=\"postParagraph_post-paragraph__juWZN\">O cen\u00e1rio pol\u00edtico \u00e9 marcado pela ofensiva do Judici\u00e1rio, com o ministro Alexandre de Moraes reabrindo inqu\u00e9rito contra Jair Bolsonaro e determinando a defesa de seu filho, Eduardo. Em paralelo, o governo Lula articula-se em duas frentes: uma externa, na aproxima\u00e7\u00e3o com os EUA em busca de al\u00edvio tarif\u00e1rio, e outra interna, ao barrar a convoca\u00e7\u00e3o do irm\u00e3o do presidente na CPMI do INSS e adiar a an\u00e1lise de vetos cruciais no Congresso.<\/p>\n<h2 class=\"postParagraph_post-paragraph__juWZN postParagraph_type-tag-h2__TtFkT\">Rela\u00e7\u00f5es Brasil-EUA: encontro de ministros e expectativa por tarifas<\/h2>\n<p class=\"postParagraph_post-paragraph__juWZN\">O chanceler Mauro Vieira teve uma reuni\u00e3o com o Secret\u00e1rio de Estado americano, Marco Rubio. O encontro foi descrito como &#8220;positivo&#8221; e &#8220;muito construtivo&#8221; por Vieira. A conversa prepara um poss\u00edvel futuro encontro entre os presidentes Lula e Trump. A aproxima\u00e7\u00e3o gera otimismo no setor empresarial brasileiro. Eles esperam um al\u00edvio nas tarifas de importa\u00e7\u00e3o impostas pelos EUA. No entanto, a solu\u00e7\u00e3o para o &#8220;tarifa\u00e7o&#8221; ainda \u00e9 considerada incerta. Antes da reuni\u00e3o, o PT havia criticado a\u00e7\u00f5es dos EUA na Venezuela.<\/p>\n<h2 class=\"postParagraph_post-paragraph__juWZN postParagraph_type-tag-h2__TtFkT\">Ofensiva de Moraes<\/h2>\n<p class=\"postParagraph_post-paragraph__juWZN\">O ministro Alexandre de Moraes, do STF, reabriu um inqu\u00e9rito contra Jair Bolsonaro. A investiga\u00e7\u00e3o apura uma suposta interfer\u00eancia na Pol\u00edcia Federal. Em outro caso, Moraes determinou que a defensoria p\u00fablica assuma a defesa de Eduardo Bolsonaro. O filho do ex-presidente perdeu o prazo para se apresentar em um processo. Em outra frente, a C\u00e2mara dos Deputados suspendeu uma a\u00e7\u00e3o penal no STF contra o deputado Gustavo Gayer.<\/p>\n<h2 class=\"postParagraph_post-paragraph__juWZN postParagraph_type-tag-h2__TtFkT\">Governo barra convoca\u00e7\u00e3o de irm\u00e3o de Lula na CPMI do INSS<\/h2>\n<p class=\"postParagraph_post-paragraph__juWZN\">A base governista obteve uma vit\u00f3ria importante na CPMI do INSS. Os parlamentares rejeitaram a convoca\u00e7\u00e3o de Frei Chico, irm\u00e3o do presidente Lula. A oposi\u00e7\u00e3o agora tenta organizar uma rea\u00e7\u00e3o ap\u00f3s a derrota. A comiss\u00e3o tamb\u00e9m aprovou a quebra de sigilo do advogado que denunciou a fraude. Opositores classificaram a medida como uma forma de intimida\u00e7\u00e3o.<\/p>\n<h2 class=\"postParagraph_post-paragraph__juWZN postParagraph_type-tag-h2__TtFkT\">Primeira-dama Janja ganha mais espa\u00e7o no governo<\/h2>\n<p class=\"postParagraph_post-paragraph__juWZN\">A influ\u00eancia da primeira-dama, Janja da Silva, parece estar crescendo. Um decreto recente ampliou o apoio do gabinete presidencial a ela. Com isso, Janja representou o presidente Lula em um evento oficial em Roma. As not\u00edcias apontam para o crescimento de seu poder e papel no governo.<\/p>\n<div class=\"postViewMore_post-view-more-container___5wai\" data-mrf-recirculation=\"Post - Veja tamb\u00e9m\">\n<p class=\"gp-styles-module-size-small-afeYRa gp-styles-module-font-family2-afeYRa gp-styles-module-color-secondary-afeYRa gp-styles-module-weight-bold-afeYRa\">VEJA TAMB\u00c9M:<\/p>\n<ul class=\"postViewMore_post-view-more-list__CU_CE\">\n<li class=\"postViewMore_post-view-more-item__2MzRb\"><span class=\"postViewMore_post-view-more-link-icon___stPC\"><svg xmlns=\"http:\/\/www.w3.org\/2000\/svg\" width=\"16\" height=\"16\" viewbox=\"0 0 16 16\"><rect width=\"16\" height=\"16\" fill=\"none\"\/><g transform=\"translate(3 3)\"><path d=\"M22.5,15l3.4,3.4-3.4,3.4\" transform=\"translate(-15.896 -11.793)\" fill=\"none\" stroke=\"#717171\" stroke-linecap=\"round\" stroke-width=\"1.4\"\/><path d=\"M6,6v4.2a2.452,2.452,0,0,0,2.5,2.4H16\" transform=\"translate(-6 -6)\" fill=\"none\" stroke=\"#717171\" stroke-linecap=\"round\" stroke-width=\"1.4\"\/><\/g><\/svg><\/span><span class=\"postViewMore_post-view-more-link-text__hO_kM\">Nove fatos que indicam o crescimento do poder e da influ\u00eancia de Janja da Silva<\/span><\/li>\n<li class=\"postViewMore_post-view-more-item__2MzRb\"><span class=\"postViewMore_post-view-more-link-icon___stPC\"><svg xmlns=\"http:\/\/www.w3.org\/2000\/svg\" width=\"16\" height=\"16\" viewbox=\"0 0 16 16\"><rect width=\"16\" height=\"16\" fill=\"none\"\/><g transform=\"translate(3 3)\"><path d=\"M22.5,15l3.4,3.4-3.4,3.4\" transform=\"translate(-15.896 -11.793)\" fill=\"none\" stroke=\"#717171\" stroke-linecap=\"round\" stroke-width=\"1.4\"\/><path d=\"M6,6v4.2a2.452,2.452,0,0,0,2.5,2.4H16\" transform=\"translate(-6 -6)\" fill=\"none\" stroke=\"#717171\" stroke-linecap=\"round\" stroke-width=\"1.4\"\/><\/g><\/svg><\/span><span class=\"postViewMore_post-view-more-link-text__hO_kM\">Janja representa Lula em evento em Roma ap\u00f3s decreto que amplia apoio do gabinete presidencial<\/span><\/li>\n<\/ul>\n<\/div>\n<h2 class=\"postParagraph_post-paragraph__juWZN postParagraph_type-tag-h2__TtFkT\">Congresso Nacional adia vetos e avan\u00e7a em pautas de costumes<\/h2>\n<p class=\"postParagraph_post-paragraph__juWZN\">A sess\u00e3o do Congresso que analisaria vetos presidenciais foi cancelada. A manobra articulada por Davi Alcolumbre foi vista como uma forma de evitar uma nova derrota para o governo. O adiamento da vota\u00e7\u00e3o sobre o licenciamento ambiental gerou rea\u00e7\u00e3o do setor produtivo. Enquanto isso, um projeto que pro\u00edbe o aborto ap\u00f3s cinco meses e meio de gesta\u00e7\u00e3o avan\u00e7ou no Senado. A oposi\u00e7\u00e3o tamb\u00e9m se articula para criar uma CPI dos Correios.<\/p>\n<h2 class=\"postParagraph_post-paragraph__juWZN postParagraph_type-tag-h2__TtFkT\">TCU alivia regra fiscal para o governo<\/h2>\n<p class=\"postParagraph_post-paragraph__juWZN\">O Tribunal de Contas da Uni\u00e3o (TCU) suspendeu uma decis\u00e3o anterior. A medida suspensa obrigava o governo a perseguir o centro da meta fiscal. Essa mudan\u00e7a d\u00e1 mais flexibilidade \u00e0 gest\u00e3o das contas p\u00fablicas.<\/p>\n<div class=\"postViewMore_post-view-more-container___5wai\" data-mrf-recirculation=\"Post - Veja tamb\u00e9m\">\n<p class=\"gp-styles-module-size-small-afeYRa gp-styles-module-font-family2-afeYRa gp-styles-module-color-secondary-afeYRa gp-styles-module-weight-bold-afeYRa\">VEJA TAMB\u00c9M:<\/p>\n<ul class=\"postViewMore_post-view-more-list__CU_CE\">\n<li class=\"postViewMore_post-view-more-item__2MzRb\"><span class=\"postViewMore_post-view-more-link-icon___stPC\"><svg xmlns=\"http:\/\/www.w3.org\/2000\/svg\" width=\"16\" height=\"16\" viewbox=\"0 0 16 16\"><rect width=\"16\" height=\"16\" fill=\"none\"\/><g transform=\"translate(3 3)\"><path d=\"M22.5,15l3.4,3.4-3.4,3.4\" transform=\"translate(-15.896 -11.793)\" fill=\"none\" stroke=\"#717171\" stroke-linecap=\"round\" stroke-width=\"1.4\"\/><path d=\"M6,6v4.2a2.452,2.452,0,0,0,2.5,2.4H16\" transform=\"translate(-6 -6)\" fill=\"none\" stroke=\"#717171\" stroke-linecap=\"round\" stroke-width=\"1.4\"\/><\/g><\/svg><\/span><span class=\"postViewMore_post-view-more-link-text__hO_kM\">TCU suspende decis\u00e3o que obrigava governo a perseguir o centro da meta fiscal<\/span><\/li>\n<\/ul>\n<\/div>\n<p class=\"postParagraph_post-paragraph-innerHtml__Q5vwc\"><strong>Este conte\u00fado foi produzido com aux\u00edlio de intelig\u00eancia artificial, utilizando reportagens da Gazeta do Povo. O material passou por rigoroso processo de revis\u00e3o e verifica\u00e7\u00e3o factual para assegurar a precis\u00e3o e conformidade com nossos padr\u00f5es jornal\u00edsticos. Por se tratar de uma tecnologia experimental, pode haver alguma discrep\u00e2ncia de informa\u00e7\u00e3o. Nos ajude a melhorar: caso encontre algum erro, por favor entre em contato neste email [jonesr@gazetadopovo.com.br].<\/strong><\/p>\n<\/div>\n<p><br \/>\n<br \/>Fonte: <a href=\"https:\/\/www.gazetadopovo.com.br\/republica\/politica-em-foco-moraes-avanca-sobre-bolsonaros-e-governo-articula-em-brasilia-e-washington\/\">Revista Oeste<\/a><\/p>\n","protected":false},"excerpt":{"rendered":"<p>O cen\u00e1rio pol\u00edtico \u00e9 marcado pela ofensiva do Judici\u00e1rio, com o ministro Alexandre de Moraes reabrindo inqu\u00e9rito contra Jair Bolsonaro e determinando a defesa de seu filho, Eduardo. Em paralelo, o governo Lula articula-se em duas frentes: uma externa, na aproxima\u00e7\u00e3o com os EUA em busca de al\u00edvio tarif\u00e1rio, e outra interna, ao barrar a [&hellip;]<\/p>\n","protected":false},"author":5,"featured_media":50009,"comment_status":"open","ping_status":"open","sticky":false,"template":"","format":"standard","meta":{"_seopress_robots_primary_cat":"","_seopress_titles_title":"","_seopress_titles_desc":"","_seopress_robots_index":"","footnotes":""},"categories":[1],"tags":[],"class_list":["post-50008","post","type-post","status-publish","format-standard","has-post-thumbnail","hentry","category-ultimas-noticias"],"_links":{"self":[{"href":"https:\/\/mussicom.com\/noticias\/wp-json\/wp\/v2\/posts\/50008","targetHints":{"allow":["GET"]}}],"collection":[{"href":"https:\/\/mussicom.com\/noticias\/wp-json\/wp\/v2\/posts"}],"about":[{"href":"https:\/\/mussicom.com\/noticias\/wp-json\/wp\/v2\/types\/post"}],"author":[{"embeddable":true,"href":"https:\/\/mussicom.com\/noticias\/wp-json\/wp\/v2\/users\/5"}],"replies":[{"embeddable":true,"href":"https:\/\/mussicom.com\/noticias\/wp-json\/wp\/v2\/comments?post=50008"}],"version-history":[{"count":0,"href":"https:\/\/mussicom.com\/noticias\/wp-json\/wp\/v2\/posts\/50008\/revisions"}],"wp:featuredmedia":[{"embeddable":true,"href":"https:\/\/mussicom.com\/noticias\/wp-json\/wp\/v2\/media\/50009"}],"wp:attachment":[{"href":"https:\/\/mussicom.com\/noticias\/wp-json\/wp\/v2\/media?parent=50008"}],"wp:term":[{"taxonomy":"category","embeddable":true,"href":"https:\/\/mussicom.com\/noticias\/wp-json\/wp\/v2\/categories?post=50008"},{"taxonomy":"post_tag","embeddable":true,"href":"https:\/\/mussicom.com\/noticias\/wp-json\/wp\/v2\/tags?post=50008"}],"curies":[{"name":"wp","href":"https:\/\/api.w.org\/{rel}","templated":true}]}}