{"id":49994,"date":"2025-10-18T00:27:14","date_gmt":"2025-10-18T03:27:14","guid":{"rendered":"https:\/\/mussicom.com\/foo-fighters-anunciam-nova-musica-prestes-a-voar\/"},"modified":"2025-10-18T00:27:14","modified_gmt":"2025-10-18T03:27:14","slug":"foo-fighters-anunciam-nova-musica-prestes-a-voar","status":"publish","type":"post","link":"https:\/\/mussicom.com\/noticias\/foo-fighters-anunciam-nova-musica-prestes-a-voar\/","title":{"rendered":"Foo Fighters anunciam nova m\u00fasica: &#8216;Prestes a voar&#8217;"},"content":{"rendered":"<p> <br \/>\n<\/p>\n<div>\n<p><strong>Foo Fighters<\/strong> aparentemente compartilhou um clipe de uma nova m\u00fasica no <strong>Instagram<\/strong> ontem \u00e0 noite. O v\u00eddeo curto apresenta a imagem de um p\u00e1ssaro verde sentado sobre uma pilha de amplificadores na frente do logo da banda de rock. A legenda observa que o grupo est\u00e1 \u201cprestes a decolar\u201d.<\/p>\n<blockquote class=\"instagram-media\" style=\"background: #FFF; border: 0; border-radius: 3px; box-shadow: 0 0 1px 0 rgba(0,0,0,0.5),0 1px 10px 0 rgba(0,0,0,0.15); margin: 1px; max-width: 540px; min-width: 326px; padding: 0; width: calc(100% - 2px);\" data-instgrm-captioned=\"\" data-instgrm-permalink=\"https:\/\/www.instagram.com\/reel\/DP4rCdojarw\/?utm_source=ig_embed&amp;utm_campaign=loading\" data-instgrm-version=\"14\"><\/blockquote>\n<p>A banda n\u00e3o anunciou oficialmente o lan\u00e7amento de nenhuma m\u00fasica nova. No in\u00edcio deste m\u00eas, <strong>Foo Fighters<\/strong> lan\u00e7ou um \u00e1lbum ao vivo, <em><strong>Are Playing Where??? Vol. I<\/strong><\/em>, via <strong>Bandcamp<\/strong>. Ele apresenta m\u00fasicas gravadas nos primeiros shows ao vivo do grupo em mais de um ano, que aconteceram em setembro em San Luis Obispo, Calif\u00f3rnia; Santa Ana, Calif\u00f3rnia; Washington, D.C.; e New Haven, Connecticut.<\/p>\n<p>\u201cPague o quanto quiser \u2014 o valor arrecadado vai para institui\u00e7\u00f5es de caridade locais que combatem a inseguran\u00e7a alimentar nas quatro cidades onde os shows aconteceram, ent\u00e3o d\u00ea o que puder\u201d, escreveu a banda sobre o lan\u00e7amento de seis m\u00fasicas. \u201cE enquanto estiver l\u00e1, confira e apoie outros artistas. Descubra algo novo ou redescubra alguns velhos favoritos\u201d.<\/p>\n<p>O \u00e1lbum ao vivo veio na sequ\u00eancia de um v\u00eddeo teaser assistido por intelig\u00eancia artificial que a banda compartilhou no YouTube. O v\u00eddeo curto terminou com as palavras: \u201cFiquem ligados\u2026 tem mais por vir\u201d! No in\u00edcio deste ano, <strong>Foo Fighters<\/strong> lan\u00e7ou sua primeira m\u00fasica nova desde <em><strong>But Here We Are<\/strong><\/em> (2023): a nova faixa <strong>\u201cToday\u2019s Song\u201d<\/strong> e um cover de <strong>\u201cI Don\u2019t Wanna Hear It\u201d<\/strong> do <strong>Minor Threat<\/strong>.<\/p>\n<p>Embora n\u00e3o esteja claro o que <strong>Foo Fighters<\/strong> est\u00e3o tramando, os f\u00e3s est\u00e3o curtindo a especula\u00e7\u00e3o. Alguns sugeriram que <strong>Foo Fighters<\/strong> est\u00e3o indo para o Brasil gra\u00e7as \u00e0s cores no p\u00e1ssaro do seu novo teaser, enquanto outros est\u00e3o torcendo por uma turn\u00ea completa.As apresenta\u00e7\u00f5es recentes da banda marcaram a estreia de seu novo baterista <strong>Ilan Rubin<\/strong>, que entrou para a banda neste ver\u00e3o depois que os <strong>Foos<\/strong> se separaram de <strong>Josh Freese<\/strong>, que havia assumido ap\u00f3s a morte em 2022 do baterista de longa data <strong>Taylor Hawkins<\/strong>. <strong>Grohl<\/strong> apresentou <strong>Rubin<\/strong> do palco do <strong>Fremont Theater<\/strong> de <strong>San Luis Obispo<\/strong>, <strong>Calif\u00f3rnia<\/strong>, com capacidade para 900 pessoas, no m\u00eas passado, dizendo: \u201cTodos os outros j\u00e1 disseram. Finalmente tenho a oportunidade de dizer: \u2018Senhoras e senhores, por favor deem as boas-vindas\u2026\u2019 O filho da m\u00e3e mais foda, <strong>Ilan Rubin<\/strong>, est\u00e1 tocando bateria no <strong>Foo Fighters<\/strong> agora. \u00c9 oficial. Pode carimbar o passaporte\u201d.<\/p>\n<p><strong>+++LEIA MAIS: Ace Frehley foi um grande guitarrista \u2014 e merece ser mais reconhecido por isso<\/strong><\/p>\n<\/p><\/div>\n<p><script async src=\"\/\/www.instagram.com\/embed.js\"><\/script><br \/>\n<br \/><br \/>\n<br \/>Fonte: <a href=\"https:\/\/rollingstone.com.br\/musica\/foo-fighters-anunciam-nova-musica-prestes-a-voar\/\">rollingstone.com.br<\/a><\/p>\n","protected":false},"excerpt":{"rendered":"<p>Foo Fighters aparentemente compartilhou um clipe de uma nova m\u00fasica no Instagram ontem \u00e0 noite. O v\u00eddeo curto apresenta a imagem de um p\u00e1ssaro verde sentado sobre uma pilha de amplificadores na frente do logo da banda de rock. A legenda observa que o grupo est\u00e1 \u201cprestes a decolar\u201d. A banda n\u00e3o anunciou oficialmente o [&hellip;]<\/p>\n","protected":false},"author":5,"featured_media":49995,"comment_status":"open","ping_status":"open","sticky":false,"template":"","format":"standard","meta":{"_seopress_robots_primary_cat":"","_seopress_titles_title":"","_seopress_titles_desc":"","_seopress_robots_index":"","footnotes":""},"categories":[51],"tags":[],"class_list":["post-49994","post","type-post","status-publish","format-standard","has-post-thumbnail","hentry","category-musica"],"_links":{"self":[{"href":"https:\/\/mussicom.com\/noticias\/wp-json\/wp\/v2\/posts\/49994","targetHints":{"allow":["GET"]}}],"collection":[{"href":"https:\/\/mussicom.com\/noticias\/wp-json\/wp\/v2\/posts"}],"about":[{"href":"https:\/\/mussicom.com\/noticias\/wp-json\/wp\/v2\/types\/post"}],"author":[{"embeddable":true,"href":"https:\/\/mussicom.com\/noticias\/wp-json\/wp\/v2\/users\/5"}],"replies":[{"embeddable":true,"href":"https:\/\/mussicom.com\/noticias\/wp-json\/wp\/v2\/comments?post=49994"}],"version-history":[{"count":0,"href":"https:\/\/mussicom.com\/noticias\/wp-json\/wp\/v2\/posts\/49994\/revisions"}],"wp:featuredmedia":[{"embeddable":true,"href":"https:\/\/mussicom.com\/noticias\/wp-json\/wp\/v2\/media\/49995"}],"wp:attachment":[{"href":"https:\/\/mussicom.com\/noticias\/wp-json\/wp\/v2\/media?parent=49994"}],"wp:term":[{"taxonomy":"category","embeddable":true,"href":"https:\/\/mussicom.com\/noticias\/wp-json\/wp\/v2\/categories?post=49994"},{"taxonomy":"post_tag","embeddable":true,"href":"https:\/\/mussicom.com\/noticias\/wp-json\/wp\/v2\/tags?post=49994"}],"curies":[{"name":"wp","href":"https:\/\/api.w.org\/{rel}","templated":true}]}}