{"id":49942,"date":"2025-10-17T18:03:21","date_gmt":"2025-10-17T21:03:21","guid":{"rendered":"https:\/\/mussicom.com\/moraes-arquiva-acao-de-deputado-do-pt-contra-tarcisio\/"},"modified":"2025-10-17T18:03:21","modified_gmt":"2025-10-17T21:03:21","slug":"moraes-arquiva-acao-de-deputado-do-pt-contra-tarcisio","status":"publish","type":"post","link":"https:\/\/mussicom.com\/noticias\/moraes-arquiva-acao-de-deputado-do-pt-contra-tarcisio\/","title":{"rendered":"Moraes arquiva a\u00e7\u00e3o de deputado do PT contra Tarc\u00edsio"},"content":{"rendered":"<p> <br \/>\n<\/p>\n<div>\n<p class=\"postParagraph_post-paragraph__juWZN\">O ministro do Supremo Tribunal Federal (STF) Alexandre de Moraes arquivou nesta quinta-feira (16) o pedido do deputado federal Rui Falc\u00e3o (PT-SP) para investigar o governador de S\u00e3o Paulo, Tarc\u00edsio de Freitas (Republicanos), pela articula\u00e7\u00e3o da anistia, em Bras\u00edlia.<\/p>\n<p class=\"postParagraph_post-paragraph-innerHtml__Q5vwc\">Moraes acatou o parecer da Procuradoria-Geral da Rep\u00fablica (PGR), que defendeu o arquivamento da not\u00edcia-crime. A PGR refor\u00e7ou que a abertura da investiga\u00e7\u00e3o depende de uma den\u00fancia do Minist\u00e9rio P\u00fablico, portanto, o deputado n\u00e3o est\u00e1 habilitado para mover a a\u00e7\u00e3o.<\/p>\n<p class=\"postParagraph_post-paragraph__juWZN\">O ministro concordou e reiterou o entendimento da Corte, apontando que o \u201cprinc\u00edpio do monop\u00f3lio constitucional da titularidade da a\u00e7\u00e3o penal p\u00fablica no sistema jur\u00eddico brasileiro somente permite a deflagra\u00e7\u00e3o do processo criminal por den\u00fancia do Minist\u00e9rio P\u00fablico\u201d.<\/p>\n<div class=\"postViewMore_post-view-more-container___5wai\" data-mrf-recirculation=\"Post - Veja tamb\u00e9m\">\n<p class=\"gp-styles-module-size-small-afeYRa gp-styles-module-font-family2-afeYRa gp-styles-module-color-secondary-afeYRa gp-styles-module-weight-bold-afeYRa\">VEJA TAMB\u00c9M:<\/p>\n<ul class=\"postViewMore_post-view-more-list__CU_CE\">\n<li class=\"postViewMore_post-view-more-item__2MzRb\"><span class=\"postViewMore_post-view-more-link-icon___stPC\"><svg xmlns=\"http:\/\/www.w3.org\/2000\/svg\" width=\"16\" height=\"16\" viewbox=\"0 0 16 16\"><rect width=\"16\" height=\"16\" fill=\"none\"\/><g transform=\"translate(3 3)\"><path d=\"M22.5,15l3.4,3.4-3.4,3.4\" transform=\"translate(-15.896 -11.793)\" fill=\"none\" stroke=\"#717171\" stroke-linecap=\"round\" stroke-width=\"1.4\"\/><path d=\"M6,6v4.2a2.452,2.452,0,0,0,2.5,2.4H16\" transform=\"translate(-6 -6)\" fill=\"none\" stroke=\"#717171\" stroke-linecap=\"round\" stroke-width=\"1.4\"\/><\/g><\/svg><\/span><span class=\"postViewMore_post-view-more-link-text__hO_kM\">Moraes autoriza Bolsonaro a comemorar anivers\u00e1rio da filha em casa<\/span><\/li>\n<\/ul>\n<\/div>\n<p class=\"postParagraph_post-paragraph-innerHtml__Q5vwc\">Moraes ponderou que a titularidade privativa da a\u00e7\u00e3o penal ao MP \u201cn\u00e3o afasta o dever do Poder Judici\u00e1rio de exercer sua \u2018atividade de supervis\u00e3o judicial\u2019, evitando ou fazendo cessar toda e qualquer ilegal coa\u00e7\u00e3o por<br \/>parte do Estado-acusador\u201d.<\/p>\n<p class=\"postParagraph_post-paragraph-innerHtml__Q5vwc\">Falc\u00e3o acusou Tarc\u00edsio de suposta obstru\u00e7\u00e3o de Justi\u00e7a ao articular o avan\u00e7o do projeto de lei da anistia aos condenados pelos atos de 8 de janeiro de 2023. O governador esteve em Bras\u00edlia para defender a vota\u00e7\u00e3o da proposta durante o in\u00edcio do julgamento do ex-presidente Jair Bolsonaro (PL) pela suposta tentativa de golpe de Estado.<\/p>\n<p class=\"postParagraph_post-paragraph__juWZN\">Para o PGR, a \u201carticula\u00e7\u00e3o pol\u00edtica n\u00e3o constitui il\u00edcito penal, tampouco extrapola os limites da liberdade de express\u00e3o\u201d. O procurador-geral da Rep\u00fablica, Paulo Gonet, afirmou que a concess\u00e3o de anistia \u00e9 mat\u00e9ria reservada ao Congresso e depende da san\u00e7\u00e3o presidencial.<\/p>\n<p class=\"postParagraph_post-paragraph__juWZN\">Segundo o parecer, as acusa\u00e7\u00f5es de Falc\u00e3o \u201cn\u00e3o cont\u00eam elementos informativos m\u00ednimos, que indiquem suficientemente a realidade de il\u00edcito penal, justificadora da deflagra\u00e7\u00e3o da pretendida investiga\u00e7\u00e3o\u201d.<\/p>\n<\/div>\n<p><br \/>\n<br \/>Fonte: <a href=\"https:\/\/www.gazetadopovo.com.br\/republica\/moraes-arquiva-acao-de-deputado-do-pt-contra-tarcisio\/\">Revista Oeste<\/a><\/p>\n","protected":false},"excerpt":{"rendered":"<p>O ministro do Supremo Tribunal Federal (STF) Alexandre de Moraes arquivou nesta quinta-feira (16) o pedido do deputado federal Rui Falc\u00e3o (PT-SP) para investigar o governador de S\u00e3o Paulo, Tarc\u00edsio de Freitas (Republicanos), pela articula\u00e7\u00e3o da anistia, em Bras\u00edlia. Moraes acatou o parecer da Procuradoria-Geral da Rep\u00fablica (PGR), que defendeu o arquivamento da not\u00edcia-crime. A [&hellip;]<\/p>\n","protected":false},"author":5,"featured_media":49943,"comment_status":"open","ping_status":"open","sticky":false,"template":"","format":"standard","meta":{"_seopress_robots_primary_cat":"","_seopress_titles_title":"","_seopress_titles_desc":"","_seopress_robots_index":"","footnotes":""},"categories":[1],"tags":[],"class_list":["post-49942","post","type-post","status-publish","format-standard","has-post-thumbnail","hentry","category-ultimas-noticias"],"_links":{"self":[{"href":"https:\/\/mussicom.com\/noticias\/wp-json\/wp\/v2\/posts\/49942","targetHints":{"allow":["GET"]}}],"collection":[{"href":"https:\/\/mussicom.com\/noticias\/wp-json\/wp\/v2\/posts"}],"about":[{"href":"https:\/\/mussicom.com\/noticias\/wp-json\/wp\/v2\/types\/post"}],"author":[{"embeddable":true,"href":"https:\/\/mussicom.com\/noticias\/wp-json\/wp\/v2\/users\/5"}],"replies":[{"embeddable":true,"href":"https:\/\/mussicom.com\/noticias\/wp-json\/wp\/v2\/comments?post=49942"}],"version-history":[{"count":0,"href":"https:\/\/mussicom.com\/noticias\/wp-json\/wp\/v2\/posts\/49942\/revisions"}],"wp:featuredmedia":[{"embeddable":true,"href":"https:\/\/mussicom.com\/noticias\/wp-json\/wp\/v2\/media\/49943"}],"wp:attachment":[{"href":"https:\/\/mussicom.com\/noticias\/wp-json\/wp\/v2\/media?parent=49942"}],"wp:term":[{"taxonomy":"category","embeddable":true,"href":"https:\/\/mussicom.com\/noticias\/wp-json\/wp\/v2\/categories?post=49942"},{"taxonomy":"post_tag","embeddable":true,"href":"https:\/\/mussicom.com\/noticias\/wp-json\/wp\/v2\/tags?post=49942"}],"curies":[{"name":"wp","href":"https:\/\/api.w.org\/{rel}","templated":true}]}}