{"id":49902,"date":"2025-10-17T14:03:14","date_gmt":"2025-10-17T17:03:14","guid":{"rendered":"https:\/\/mussicom.com\/silo-de-graos-desaba-em-illinois-e-deixa-regiao-sem-energia\/"},"modified":"2025-10-17T14:03:14","modified_gmt":"2025-10-17T17:03:14","slug":"silo-de-graos-desaba-em-illinois-e-deixa-regiao-sem-energia","status":"publish","type":"post","link":"https:\/\/mussicom.com\/noticias\/silo-de-graos-desaba-em-illinois-e-deixa-regiao-sem-energia\/","title":{"rendered":"Silo de gr\u00e3os desaba em Illinois e deixa regi\u00e3o sem energia"},"content":{"rendered":"<p> <br \/>\n<\/p>\n<div>\n<div class=\"row\">\n<div class=\"col-lg col-infos mt-0 mt-lg-0\">\n<div class=\"section-sub-title\">\n<p itemprop=\"description\">&#13;<br \/>\n                                N\u00e3o h\u00e1 relatos de feridos&#13;\n                            <\/p>\n<\/p><\/div>\n<div class=\"container\">\n<div class=\"row\">\n<div class=\"col-lg p-0\">\n<div>\n<div class=\"block-news-main-infos mt-3 text-start\">\n<p>                                            <strong class=\"fn\" itemprop=\"author\" style=\"color: rgb(112, 112, 112); \">&#13;<br \/>\n                                                Agrolink&#13;<br \/>\n&#13;<br \/>\n                                                    &#8211; Aline Merladete&#13;<br \/>\n&#13;<br \/>\n                                            <\/strong><br \/>\n                                        <\/p>\n<p>                                            <abbr><time datetime=\"2025 - 10 - 17T12:01\" itemprop=\"datePublished dateModified\"> Publicado em 17\/10\/2025 \u00e0s 12:01h.<\/time><\/abbr>\n                                    <\/div>\n<\/p><\/div>\n<\/p><\/div>\n<div class=\"col-lg p-0 text-lg-end\">\n<div>\n<div id=\"mdEnviarPagina\" class=\"modal fade\" role=\"dialog\">\n<div class=\"modal-dialog\">\n<div class=\"modal-content\">\n<div class=\"modal-body\">\n<p><strong>Estimado usu\u00e1rio.<\/strong><br \/>Preencha o formul\u00e1rio abaixo para remeter a p\u00e1gina.<\/p>\n<\/p><\/div>\n<\/p><\/div>\n<\/p><\/div>\n<\/div><\/div>\n<\/p><\/div>\n<\/p><\/div>\n<\/p><\/div>\n<\/p><\/div>\n<\/p><\/div>\n<div class=\"row justify-content-md-center mt-3\">\n<div class=\"col-lg-auto col-image block-news-main-image\">\n<p>                                <br \/>\n                                                <span class=\"publicity-photo d-block mt-1\">Foto: Reprodu\u00e7\u00e3o &#8211; Internet<\/span><\/p><\/div>\n<\/p><\/div>\n<div class=\"section-description section-description-noticias mt-3\">\n<p style=\"text-align:justify\">Na \u00faltima quarta-feira (15), a cidade de Martinton, em Illinois (EUA), foi palco de um grave incidente com um silo de gr\u00e3os que colapsou repentinamente, espalhando toneladas de gr\u00e3os por uma ampla \u00e1rea. O acidente gerou momentos de tens\u00e3o entre trabalhadores e moradores pr\u00f3ximos.&#13;\n<\/p>\n<p style=\"text-align:justify\">Imagens compartilhadas nas redes sociais mostram o instante em que a estrutura cede, rachando ao meio e levantando uma grande nuvem de poeira. No topo do silo, fa\u00edscas vis\u00edveis antecedem o colapso, indicando a quebra de cabos el\u00e9tricos, o que resultou em cortes de energia para centenas de pessoas.&#13;\n<\/p>\n<p style=\"text-align:justify\">Segundo autoridades locais, sinais de desgaste j\u00e1 haviam sido notados na constru\u00e7\u00e3o, o que permitiu a evacua\u00e7\u00e3o dos funcion\u00e1rios momentos antes do desabamento. T\u00e9cnicos que trabalhavam na limpeza do local perceberam uma rachadura lateral pouco antes do acidente, mas n\u00e3o houve tempo suficiente para conter o colapso da estrutura.&#13;\n<\/p>\n<p style=\"text-align:justify\">Apesar da for\u00e7a do impacto e dos clar\u00f5es causados pela ruptura el\u00e9trica, n\u00e3o h\u00e1 relatos de feridos.\u00a0<\/p>\n<\/p><\/div>\n<\/p><\/div>\n<p><script data-cfasync=\"false\">\n    !function (f, b, e, v, n, t, s) {\n        if (f.fbq) return; n = f.fbq = function () {\n            n.callMethod ?\n                n.callMethod.apply(n, arguments) : n.queue.push(arguments)\n        };\n        if (!f._fbq) f._fbq = n; n.push = n; n.loaded = !0; n.version = '2.0';\n        n.queue = []; t = b.createElement(e); t.async = !0;\n        t.src = v; s = b.getElementsByTagName(e)[0];\n        s.parentNode.insertBefore(t, s)\n    }(window, document, 'script',\n        'https:\/\/connect.facebook.net\/en_US\/fbevents.js');\n    fbq('init', '522546078623747');\n    fbq('track', 'PageView');\n<\/script><br \/>\n<br \/><br \/>\n<br \/>Fonte: <a href=\"https:\/\/www.agrolink.com.br\/noticias\/silo-de-graos-desaba-em-illinois-e-deixa-regiao-sem-energia_507069.html\">AGROLINK<\/a><\/p>\n","protected":false},"excerpt":{"rendered":"<p>&#13; N\u00e3o h\u00e1 relatos de feridos&#13; &#13; Agrolink&#13; &#13; &#8211; Aline Merladete&#13; &#13; Publicado em 17\/10\/2025 \u00e0s 12:01h. Estimado usu\u00e1rio.Preencha o formul\u00e1rio abaixo para remeter a p\u00e1gina. Foto: Reprodu\u00e7\u00e3o &#8211; Internet Na \u00faltima quarta-feira (15), a cidade de Martinton, em Illinois (EUA), foi palco de um grave incidente com um silo de gr\u00e3os que colapsou [&hellip;]<\/p>\n","protected":false},"author":5,"featured_media":49903,"comment_status":"open","ping_status":"open","sticky":false,"template":"","format":"standard","meta":{"_seopress_robots_primary_cat":"","_seopress_titles_title":"","_seopress_titles_desc":"","_seopress_robots_index":"","footnotes":""},"categories":[53],"tags":[],"class_list":["post-49902","post","type-post","status-publish","format-standard","has-post-thumbnail","hentry","category-agronegocio"],"_links":{"self":[{"href":"https:\/\/mussicom.com\/noticias\/wp-json\/wp\/v2\/posts\/49902","targetHints":{"allow":["GET"]}}],"collection":[{"href":"https:\/\/mussicom.com\/noticias\/wp-json\/wp\/v2\/posts"}],"about":[{"href":"https:\/\/mussicom.com\/noticias\/wp-json\/wp\/v2\/types\/post"}],"author":[{"embeddable":true,"href":"https:\/\/mussicom.com\/noticias\/wp-json\/wp\/v2\/users\/5"}],"replies":[{"embeddable":true,"href":"https:\/\/mussicom.com\/noticias\/wp-json\/wp\/v2\/comments?post=49902"}],"version-history":[{"count":0,"href":"https:\/\/mussicom.com\/noticias\/wp-json\/wp\/v2\/posts\/49902\/revisions"}],"wp:featuredmedia":[{"embeddable":true,"href":"https:\/\/mussicom.com\/noticias\/wp-json\/wp\/v2\/media\/49903"}],"wp:attachment":[{"href":"https:\/\/mussicom.com\/noticias\/wp-json\/wp\/v2\/media?parent=49902"}],"wp:term":[{"taxonomy":"category","embeddable":true,"href":"https:\/\/mussicom.com\/noticias\/wp-json\/wp\/v2\/categories?post=49902"},{"taxonomy":"post_tag","embeddable":true,"href":"https:\/\/mussicom.com\/noticias\/wp-json\/wp\/v2\/tags?post=49902"}],"curies":[{"name":"wp","href":"https:\/\/api.w.org\/{rel}","templated":true}]}}