{"id":49855,"date":"2025-10-17T09:12:13","date_gmt":"2025-10-17T12:12:13","guid":{"rendered":"https:\/\/mussicom.com\/o-auto-da-compadecida-2-vai-ganhar-versao-em-minisserie-e-capitulo-inedito\/"},"modified":"2025-10-17T09:12:13","modified_gmt":"2025-10-17T12:12:13","slug":"o-auto-da-compadecida-2-vai-ganhar-versao-em-minisserie-e-capitulo-inedito","status":"publish","type":"post","link":"https:\/\/mussicom.com\/noticias\/o-auto-da-compadecida-2-vai-ganhar-versao-em-minisserie-e-capitulo-inedito\/","title":{"rendered":"&#8216;O Auto da Compadecida 2&#8217; vai ganhar vers\u00e3o em miniss\u00e9rie e cap\u00edtulo in\u00e9dito"},"content":{"rendered":"<p> <br \/>\n<\/p>\n<div>\n<p><strong><em>O Auto da Compadecida 2<\/em><\/strong>, sequ\u00eancia da miniss\u00e9rie de sucesso de 1999, estrelada por <strong>Matheus Nachtergaele\u00a0<\/strong>(<em>Cidade de Deus<\/em>) e\u00a0<strong>Selton Mello\u00a0<\/strong>(<em>Ainda Estou Aqui<\/em>), vai ganhar uma miniss\u00e9rie na Globo em 2026. A informa\u00e7\u00e3o foi revelada pelo int\u00e9rprete de Jo\u00e3o Grilo durante o programa <em>Encontro com Patr\u00edcia Poeta<\/em>.<\/p>\n<p>\u201c<em>Estreia no dia 6 de janeiro de 2026 O Auto da Compadecida 2, que fez um sucesso estrondoso no cinema, com 4,5 milh\u00f5es de espectadores, 25 anos depois do primeiro Auto<\/em>\u201c, adiantou. \u201c<em>O primeiro Auto estreou aqui na Globo como uma miniss\u00e9rie de quatro cap\u00edtulos, a\u00ed o Guel Arraes [diretor] condensou o material e fez um filme que foi para o cinema e teve um \u00eaxito. Agora a gente fez o contr\u00e1rio<\/em>\u201c, disse <strong>Matheus<\/strong>.<\/p>\n<p>O artista tamb\u00e9m revelou que o material que ser\u00e1 exibido na TV contar\u00e1 com trechos in\u00e9ditos que n\u00e3o foram usados nos cinemas. \u201c<em>Tem um material in\u00e9dito que a gente fez, que n\u00e3o foi ao cinema, e que s\u00f3 quem assistir \u00e0 s\u00e9rie vai poder conferir. Tem um cap\u00edtulo inteiro in\u00e9dito. Tem dois atores importantes que n\u00e3o est\u00e3o no filme e est\u00e3o na s\u00e9rie<\/em>\u201c, afirmou <strong>Matheus<\/strong>.<\/p>\n<h2><strong>Qual \u00e9 a hist\u00f3ria de\u00a0<em>O Auto da Compadecida 2<\/em>?<\/strong><\/h2>\n<p>Na novidade, ap\u00f3s ressuscitar dos mortos, <strong>Jo\u00e3o Grilo<\/strong> (<strong>Matheus Nachtergaele<\/strong>) \u00e9 elevado ao patamar de santo e passa a ser disputado por <strong>Arlindo<\/strong> (<strong>Eduardo Sterblitch<\/strong>, <em>Grande Sert\u00e3o<\/em>), que quer apoio divino para conquistar um cargo pol\u00edtico em Tapero\u00e1. Por\u00e9m, toda a aten\u00e7\u00e3o tamb\u00e9m atrai as pessoas erradas, o que leva o ex-morto a carregar <strong>Chic\u00f3<\/strong> (<strong>Selton Mello<\/strong>) em uma nova aventura.<\/p>\n<h2><strong>Quem mais est\u00e1 no elenco do filme?<\/strong><\/h2>\n<p>Al\u00e9m de <strong>Selton Mello <\/strong>e <strong>Matheus Nachtergale<\/strong>, <strong>Virginia Cavendish<\/strong> e <strong>Enrique Diaz<\/strong>, que viveram, respectivamente, <strong>Rosinha<\/strong> e <strong>Joaquim Brejeito<\/strong>, tamb\u00e9m est\u00e3o de volta. Junto com <strong>Eduardo Sterblitch<\/strong>,\u00a0<strong>Humberto Martins<\/strong> (<em>Travessia<\/em>),\u00a0<strong>Fabiula Nascimento<\/strong> (<em>Est\u00f4mago<\/em>) e <strong>Luis Miranda<\/strong> (<em>Encantado\u2019s<\/em>) completam o elenco.<\/p>\n<h2><strong>Onde assistir a <em>O Auto da Compadecida 2<\/em>?<\/strong><\/h2>\n<p><strong><em>O Auto da Compadecida 2<\/em><\/strong>, que \u00e9 dirigido por <strong>Guel Arraes<\/strong>, respons\u00e1vel pelo primeiro filme, e <strong>Fl\u00e1via Lacerda<\/strong> (<em>Medida Provis\u00f3ria<\/em>), <strong>est\u00e1 dispon\u00edvel no cat\u00e1logo do Prime Video<\/strong>, sem custos adicionais para os assinantes da plataforma de streaming. Assista ao trailer:<\/p>\n<div>\n<div id=\"polls-15-loading\" class=\"wp-polls-loading\">\u00a0Loading &#8230;<\/div>\n<\/div>\n<div class=\"author-box clearfix mb-4\">\n<div class=\"d-flex align-items-center\">\n<div class=\"author-avatar\">\n        &#13;<br \/>\n          <img decoding=\"async\" alt=\"Angelo Cordeiro (@angelocordeirosilva)\" src=\"https:\/\/rollingstone.com.br\/wp-content\/uploads\/2025\/09\/imagem_do_whatsapp_de_2024-07-18_as_11.51.54_a5047e29-150x150.jpg\" class=\"avatar avatar-115 photo rounded-circle\" height=\"115\" width=\"115\"\/>\n      <\/div>\n<div class=\"author-info ms-3\">\n<p><strong>Angelo Cordeiro<\/strong> \u00e9 rep\u00f3rter do n\u00facleo de cinema da Editora Perfil, que inclui CineBuzz, Rolling Stone Brasil e Contigo. Formado em Jornalismo pela Universidade S\u00e3o Judas, escreve sobre filmes desde 2014. Paulistano do bairro de Interlagos e fan\u00e1tico por F\u00f3rmula 1. Pisciano, mas n\u00e3o acredita em astrologia. S\u00e3o-paulino, pai de pet e cin\u00e9filo obcecado por listas\u00a0e\u00a0rankings.<\/p>\n<\/p><\/div>\n<\/p><\/div>\n<\/p><\/div>\n<\/p><\/div>\n<p><br \/>\n<br \/>Fonte: <a href=\"https:\/\/rollingstone.com.br\/tv\/o-auto-da-compadecida-2-versao-minisserie-capitulo-inedito\/\">rollingstone.com.br<\/a><\/p>\n","protected":false},"excerpt":{"rendered":"<p>O Auto da Compadecida 2, sequ\u00eancia da miniss\u00e9rie de sucesso de 1999, estrelada por Matheus Nachtergaele\u00a0(Cidade de Deus) e\u00a0Selton Mello\u00a0(Ainda Estou Aqui), vai ganhar uma miniss\u00e9rie na Globo em 2026. A informa\u00e7\u00e3o foi revelada pelo int\u00e9rprete de Jo\u00e3o Grilo durante o programa Encontro com Patr\u00edcia Poeta. \u201cEstreia no dia 6 de janeiro de 2026 O [&hellip;]<\/p>\n","protected":false},"author":5,"featured_media":49856,"comment_status":"open","ping_status":"open","sticky":false,"template":"","format":"standard","meta":{"_seopress_robots_primary_cat":"","_seopress_titles_title":"","_seopress_titles_desc":"","_seopress_robots_index":"","footnotes":""},"categories":[51],"tags":[],"class_list":["post-49855","post","type-post","status-publish","format-standard","has-post-thumbnail","hentry","category-musica"],"_links":{"self":[{"href":"https:\/\/mussicom.com\/noticias\/wp-json\/wp\/v2\/posts\/49855","targetHints":{"allow":["GET"]}}],"collection":[{"href":"https:\/\/mussicom.com\/noticias\/wp-json\/wp\/v2\/posts"}],"about":[{"href":"https:\/\/mussicom.com\/noticias\/wp-json\/wp\/v2\/types\/post"}],"author":[{"embeddable":true,"href":"https:\/\/mussicom.com\/noticias\/wp-json\/wp\/v2\/users\/5"}],"replies":[{"embeddable":true,"href":"https:\/\/mussicom.com\/noticias\/wp-json\/wp\/v2\/comments?post=49855"}],"version-history":[{"count":0,"href":"https:\/\/mussicom.com\/noticias\/wp-json\/wp\/v2\/posts\/49855\/revisions"}],"wp:featuredmedia":[{"embeddable":true,"href":"https:\/\/mussicom.com\/noticias\/wp-json\/wp\/v2\/media\/49856"}],"wp:attachment":[{"href":"https:\/\/mussicom.com\/noticias\/wp-json\/wp\/v2\/media?parent=49855"}],"wp:term":[{"taxonomy":"category","embeddable":true,"href":"https:\/\/mussicom.com\/noticias\/wp-json\/wp\/v2\/categories?post=49855"},{"taxonomy":"post_tag","embeddable":true,"href":"https:\/\/mussicom.com\/noticias\/wp-json\/wp\/v2\/tags?post=49855"}],"curies":[{"name":"wp","href":"https:\/\/api.w.org\/{rel}","templated":true}]}}