{"id":49853,"date":"2025-10-17T09:10:14","date_gmt":"2025-10-17T12:10:14","guid":{"rendered":"https:\/\/mussicom.com\/cpi-dos-correios-avanca-e-governo-ganha-folga-fiscal\/"},"modified":"2025-10-17T09:10:14","modified_gmt":"2025-10-17T12:10:14","slug":"cpi-dos-correios-avanca-e-governo-ganha-folga-fiscal","status":"publish","type":"post","link":"https:\/\/mussicom.com\/noticias\/cpi-dos-correios-avanca-e-governo-ganha-folga-fiscal\/","title":{"rendered":"CPI dos Correios avan\u00e7a e governo ganha folga fiscal"},"content":{"rendered":"<p> <br \/>\n<\/p>\n<div>\n<p class=\"postParagraph_post-paragraph__juWZN\">A articula\u00e7\u00e3o por uma CPI dos Correios mobiliza a oposi\u00e7\u00e3o no Congresso, colocando a gest\u00e3o de estatais no centro do debate pol\u00edtico e econ\u00f4mico. Ao mesmo tempo, o governo federal ganha f\u00f4lego fiscal com a suspens\u00e3o de uma regra do TCU que amarrava a execu\u00e7\u00e3o dos gastos p\u00fablicos. O dia tamb\u00e9m foi marcado por um recorde hist\u00f3rico nas exporta\u00e7\u00f5es brasileiras, que contrastou com um alerta da Aneel sobre a seguran\u00e7a do sistema el\u00e9trico nacional.<\/p>\n<h2 class=\"postParagraph_post-paragraph__juWZN postParagraph_type-tag-h2__TtFkT\">Crise nos Correios mobiliza oposi\u00e7\u00e3o no Congresso<\/h2>\n<p class=\"postParagraph_post-paragraph__juWZN\">A oposi\u00e7\u00e3o no Congresso articula a cria\u00e7\u00e3o de uma CPI dos Correios. A iniciativa surgiu ap\u00f3s o an\u00fancio de um empr\u00e9stimo bilion\u00e1rio para a estatal. O tema da gest\u00e3o de empresas p\u00fablicas tamb\u00e9m gerou cr\u00edticas. O governador Tarc\u00edsio de Freitas afirmou que estatais d\u00e3o preju\u00edzo sob gest\u00f5es do PT.<\/p>\n<div class=\"postViewMore_post-view-more-container___5wai\" data-mrf-recirculation=\"Post - Veja tamb\u00e9m\">\n<p class=\"gp-styles-module-size-small-afeYRa gp-styles-module-font-family2-afeYRa gp-styles-module-color-secondary-afeYRa gp-styles-module-weight-bold-afeYRa\">VEJA TAMB\u00c9M:<\/p>\n<ul class=\"postViewMore_post-view-more-list__CU_CE\">\n<li class=\"postViewMore_post-view-more-item__2MzRb\"><span class=\"postViewMore_post-view-more-link-icon___stPC\"><svg xmlns=\"http:\/\/www.w3.org\/2000\/svg\" width=\"16\" height=\"16\" viewbox=\"0 0 16 16\"><rect width=\"16\" height=\"16\" fill=\"none\"\/><g transform=\"translate(3 3)\"><path d=\"M22.5,15l3.4,3.4-3.4,3.4\" transform=\"translate(-15.896 -11.793)\" fill=\"none\" stroke=\"#717171\" stroke-linecap=\"round\" stroke-width=\"1.4\"\/><path d=\"M6,6v4.2a2.452,2.452,0,0,0,2.5,2.4H16\" transform=\"translate(-6 -6)\" fill=\"none\" stroke=\"#717171\" stroke-linecap=\"round\" stroke-width=\"1.4\"\/><\/g><\/svg><\/span><span class=\"postViewMore_post-view-more-link-text__hO_kM\">&#8220;Oposi\u00e7\u00e3o articula cria\u00e7\u00e3o de CPI dos Correios ap\u00f3s an\u00fancio de empr\u00e9stimo bilion\u00e1rio&#8221;<\/span><\/li>\n<li class=\"postViewMore_post-view-more-item__2MzRb\"><span class=\"postViewMore_post-view-more-link-icon___stPC\"><svg xmlns=\"http:\/\/www.w3.org\/2000\/svg\" width=\"16\" height=\"16\" viewbox=\"0 0 16 16\"><rect width=\"16\" height=\"16\" fill=\"none\"\/><g transform=\"translate(3 3)\"><path d=\"M22.5,15l3.4,3.4-3.4,3.4\" transform=\"translate(-15.896 -11.793)\" fill=\"none\" stroke=\"#717171\" stroke-linecap=\"round\" stroke-width=\"1.4\"\/><path d=\"M6,6v4.2a2.452,2.452,0,0,0,2.5,2.4H16\" transform=\"translate(-6 -6)\" fill=\"none\" stroke=\"#717171\" stroke-linecap=\"round\" stroke-width=\"1.4\"\/><\/g><\/svg><\/span><span class=\"postViewMore_post-view-more-link-text__hO_kM\">&#8220;\u201cEstatais sempre d\u00e3o preju\u00edzo com PT\u201d, diz Tarc\u00edsio&#8221;<\/span><\/li>\n<\/ul>\n<\/div>\n<h2 class=\"postParagraph_post-paragraph__juWZN postParagraph_type-tag-h2__TtFkT\">Governo ganha flexibilidade nos gastos p\u00fablicos<\/h2>\n<p class=\"postParagraph_post-paragraph__juWZN\">O Tribunal de Contas da Uni\u00e3o (TCU) suspendeu uma decis\u00e3o anterior. Essa regra obrigava o governo a buscar o centro da meta fiscal. Com a mudan\u00e7a, a gest\u00e3o federal ganha mais flexibilidade para administrar os gastos. A medida pode alterar o planejamento das contas p\u00fablicas do pa\u00eds.<\/p>\n<div class=\"postViewMore_post-view-more-container___5wai\" data-mrf-recirculation=\"Post - Veja tamb\u00e9m\">\n<p class=\"gp-styles-module-size-small-afeYRa gp-styles-module-font-family2-afeYRa gp-styles-module-color-secondary-afeYRa gp-styles-module-weight-bold-afeYRa\">VEJA TAMB\u00c9M:<\/p>\n<ul class=\"postViewMore_post-view-more-list__CU_CE\">\n<li class=\"postViewMore_post-view-more-item__2MzRb\"><span class=\"postViewMore_post-view-more-link-icon___stPC\"><svg xmlns=\"http:\/\/www.w3.org\/2000\/svg\" width=\"16\" height=\"16\" viewbox=\"0 0 16 16\"><rect width=\"16\" height=\"16\" fill=\"none\"\/><g transform=\"translate(3 3)\"><path d=\"M22.5,15l3.4,3.4-3.4,3.4\" transform=\"translate(-15.896 -11.793)\" fill=\"none\" stroke=\"#717171\" stroke-linecap=\"round\" stroke-width=\"1.4\"\/><path d=\"M6,6v4.2a2.452,2.452,0,0,0,2.5,2.4H16\" transform=\"translate(-6 -6)\" fill=\"none\" stroke=\"#717171\" stroke-linecap=\"round\" stroke-width=\"1.4\"\/><\/g><\/svg><\/span><span class=\"postViewMore_post-view-more-link-text__hO_kM\">&#8220;TCU suspende decis\u00e3o que obrigava governo a perseguir o centro da meta fiscal&#8221;<\/span><\/li>\n<\/ul>\n<\/div>\n<h2 class=\"postParagraph_post-paragraph__juWZN postParagraph_type-tag-h2__TtFkT\">Destaques setoriais da economia<\/h2>\n<p class=\"postParagraph_post-paragraph__juWZN\">As exporta\u00e7\u00f5es do Brasil registraram um recorde hist\u00f3rico em agosto. O resultado positivo foi alcan\u00e7ado apesar das sobretaxas aplicadas por Trump. Em outra frente, a Aneel alertou sobre a situa\u00e7\u00e3o do sistema el\u00e9trico nacional. O fato foi comentado pelo senador Fl\u00e1vio Bolsonaro. No Congresso, avan\u00e7a um projeto para proibir a cobran\u00e7a por malas de m\u00e3o em voos. A proposta foi colocada em vota\u00e7\u00e3o com urg\u00eancia. Por fim, a maior empresa privada de saneamento do pa\u00eds busca novas concess\u00f5es. A empresa opera perto do seu limite de endividamento.<\/p>\n<p class=\"postParagraph_post-paragraph-innerHtml__Q5vwc\"><strong>Este conte\u00fado foi produzido com aux\u00edlio de intelig\u00eancia artificial, utilizando reportagens da Gazeta do Povo. O material passou por rigoroso processo de revis\u00e3o e verifica\u00e7\u00e3o factual para assegurar a precis\u00e3o e conformidade com nossos padr\u00f5es jornal\u00edsticos. Por se tratar de uma tecnologia experimental, pode haver alguma discrep\u00e2ncia de informa\u00e7\u00e3o. Nos ajude a melhorar: caso encontre algum erro, por favor entre em contato neste email [jonesr@gazetadopovo.com.br].<\/strong><\/p>\n<\/div>\n<p><br \/>\n<br \/>Fonte: <a href=\"https:\/\/www.gazetadopovo.com.br\/economia\/economia-em-foco-oposicao-mira-correios-e-governo-ganha-folga-no-orcamento-para-gastos\/\">Gazeta do Povo<\/a><\/p>\n","protected":false},"excerpt":{"rendered":"<p>A articula\u00e7\u00e3o por uma CPI dos Correios mobiliza a oposi\u00e7\u00e3o no Congresso, colocando a gest\u00e3o de estatais no centro do debate pol\u00edtico e econ\u00f4mico. Ao mesmo tempo, o governo federal ganha f\u00f4lego fiscal com a suspens\u00e3o de uma regra do TCU que amarrava a execu\u00e7\u00e3o dos gastos p\u00fablicos. O dia tamb\u00e9m foi marcado por um [&hellip;]<\/p>\n","protected":false},"author":5,"featured_media":49854,"comment_status":"open","ping_status":"open","sticky":false,"template":"","format":"standard","meta":{"_seopress_robots_primary_cat":"","_seopress_titles_title":"","_seopress_titles_desc":"","_seopress_robots_index":"","footnotes":""},"categories":[45],"tags":[],"class_list":["post-49853","post","type-post","status-publish","format-standard","has-post-thumbnail","hentry","category-economia"],"_links":{"self":[{"href":"https:\/\/mussicom.com\/noticias\/wp-json\/wp\/v2\/posts\/49853","targetHints":{"allow":["GET"]}}],"collection":[{"href":"https:\/\/mussicom.com\/noticias\/wp-json\/wp\/v2\/posts"}],"about":[{"href":"https:\/\/mussicom.com\/noticias\/wp-json\/wp\/v2\/types\/post"}],"author":[{"embeddable":true,"href":"https:\/\/mussicom.com\/noticias\/wp-json\/wp\/v2\/users\/5"}],"replies":[{"embeddable":true,"href":"https:\/\/mussicom.com\/noticias\/wp-json\/wp\/v2\/comments?post=49853"}],"version-history":[{"count":0,"href":"https:\/\/mussicom.com\/noticias\/wp-json\/wp\/v2\/posts\/49853\/revisions"}],"wp:featuredmedia":[{"embeddable":true,"href":"https:\/\/mussicom.com\/noticias\/wp-json\/wp\/v2\/media\/49854"}],"wp:attachment":[{"href":"https:\/\/mussicom.com\/noticias\/wp-json\/wp\/v2\/media?parent=49853"}],"wp:term":[{"taxonomy":"category","embeddable":true,"href":"https:\/\/mussicom.com\/noticias\/wp-json\/wp\/v2\/categories?post=49853"},{"taxonomy":"post_tag","embeddable":true,"href":"https:\/\/mussicom.com\/noticias\/wp-json\/wp\/v2\/tags?post=49853"}],"curies":[{"name":"wp","href":"https:\/\/api.w.org\/{rel}","templated":true}]}}