{"id":49828,"date":"2025-10-17T05:54:14","date_gmt":"2025-10-17T08:54:14","guid":{"rendered":"https:\/\/mussicom.com\/reforma-tributaria-desafia-agronegocio-brasileiro\/"},"modified":"2025-10-17T05:54:14","modified_gmt":"2025-10-17T08:54:14","slug":"reforma-tributaria-desafia-agronegocio-brasileiro","status":"publish","type":"post","link":"https:\/\/mussicom.com\/noticias\/reforma-tributaria-desafia-agronegocio-brasileiro\/","title":{"rendered":"Reforma tribut\u00e1ria desafia agroneg\u00f3cio brasileiro"},"content":{"rendered":"<p> <br \/>\n<\/p>\n<div>\n<div class=\"row\">\n<div class=\"col-lg col-infos mt-0 mt-lg-0\">\n<div class=\"section-sub-title\">\n<p itemprop=\"description\">&#13;<br \/>\n                                O modelo dual proposto substitui o ICMS por dois tributos&#13;\n                            <\/p>\n<\/p><\/div>\n<div class=\"container\">\n<div class=\"row\">\n<div class=\"col-lg p-0\">\n<div>\n<div class=\"block-news-main-infos mt-3 text-start\">\n<p>                                            <strong class=\"fn\" itemprop=\"author\" style=\"color: rgb(112, 112, 112); \">&#13;<br \/>\n                                                Agrolink&#13;<br \/>\n&#13;<br \/>\n                                                    &#8211; Leonardo Gottems&#13;<br \/>\n&#13;<br \/>\n                                            <\/strong><br \/>\n                                        <\/p>\n<p>                                            <abbr><time datetime=\"2025 - 10 - 17T02:30\" itemprop=\"datePublished dateModified\"> Publicado em 17\/10\/2025 \u00e0s 02:30h.<\/time><\/abbr>\n                                    <\/div>\n<\/p><\/div>\n<\/p><\/div>\n<div class=\"col-lg p-0 text-lg-end\">\n<div>\n<div id=\"mdEnviarPagina\" class=\"modal fade\" role=\"dialog\">\n<div class=\"modal-dialog\">\n<div class=\"modal-content\">\n<div class=\"modal-body\">\n<p><strong>Estimado usu\u00e1rio.<\/strong><br \/>Preencha o formul\u00e1rio abaixo para remeter a p\u00e1gina.<\/p>\n<\/p><\/div>\n<\/p><\/div>\n<\/p><\/div>\n<\/div><\/div>\n<\/p><\/div>\n<\/p><\/div>\n<\/p><\/div>\n<\/p><\/div>\n<\/p><\/div>\n<div class=\"row justify-content-md-center mt-3\">\n<div class=\"col-lg-auto col-image block-news-main-image\">\n<p>                                <br \/>\n                                                <span class=\"d-block mt-1\">O modelo dual proposto substitui o ICMS por dois tributos &#8211; Foto: Pixabay<\/span><\/p><\/div>\n<\/p><\/div>\n<div class=\"section-description section-description-noticias mt-3\">\n<p>O Brasil se torna o \u00fanico pa\u00eds do mundo a fracionar o mesmo tributo entre estados e munic\u00edpios com al\u00edquotas diferentes, gerando desafios in\u00e9ditos para setores estrat\u00e9gicos como o agroneg\u00f3cio. Especialistas reunidos no 1\u00ba AgroLegal Summit, promovido pela AASP, discutiram os impactos da reforma tribut\u00e1ria sobre produ\u00e7\u00e3o, log\u00edstica e competitividade no campo.&#13;\n<\/p>\n<p>O modelo dual proposto substitui o ICMS por dois tributos: a CBS, federal, e o IBS, compartilhado entre estados e munic\u00edpios. Al\u00e9m disso, a tributa\u00e7\u00e3o passa a ocorrer no destino da mercadoria, e n\u00e3o mais na origem, encerrando a hist\u00f3rica guerra fiscal entre unidades da federa\u00e7\u00e3o. Embora a mudan\u00e7a busque simplifica\u00e7\u00e3o, a complexidade e os custos adicionais de adapta\u00e7\u00e3o ainda preocupam o setor.<\/p>\n<p>\u201cDiscutir a Reforma Tribut\u00e1ria no contexto do agroneg\u00f3cio \u00e9 essencial, afinal, estamos diante de uma mudan\u00e7a que afetar\u00e1 toda a cadeia produtiva, do pequeno produtor \u00e0 grande agroind\u00fastria. O setor precisa estar preparado para lidar com os impactos e oportunidades que esse novo modelo trar\u00e1. Nosso objetivo com este painel foi justamente promover um espa\u00e7o de di\u00e1logo, reunindo especialistas para antecipar desafios e buscar caminhos de adapta\u00e7\u00e3o mais seguros e eficientes\u201d, afirmou Antonio Freitas, Diretor da AASP e Coordenador da primeira edi\u00e7\u00e3o do AgroLegal Summit.&#13;\n<\/p>\n<p>No agroneg\u00f3cio, que depende de fatores fixos como solo e clima, a transi\u00e7\u00e3o pode ser particularmente impactante. Incentivos estaduais que estimulavam a produ\u00e7\u00e3o podem desaparecer, elevando custos e pressionando margens. Plantios permanentes e culturas de longo ciclo enfrentam maiores dificuldades para se adaptar \u00e0s novas regras.<\/p>\n<p>Embora esteja prevista a cria\u00e7\u00e3o de um fundo de ressarcimento, o acesso tende a ser burocr\u00e1tico, aumentando o risco de desamparo durante o per\u00edodo de transi\u00e7\u00e3o. A expectativa \u00e9 que a regulamenta\u00e7\u00e3o avance e o di\u00e1logo entre governo e setor produtivo permita reduzir riscos e tornar a transi\u00e7\u00e3o mais segura.<br \/>&#13;<br \/>\n\u00a0&#13;\n<\/p>\n<\/p><\/div>\n<\/p><\/div>\n<p><script data-cfasync=\"false\">\n    !function (f, b, e, v, n, t, s) {\n        if (f.fbq) return; n = f.fbq = function () {\n            n.callMethod ?\n                n.callMethod.apply(n, arguments) : n.queue.push(arguments)\n        };\n        if (!f._fbq) f._fbq = n; n.push = n; n.loaded = !0; n.version = '2.0';\n        n.queue = []; t = b.createElement(e); t.async = !0;\n        t.src = v; s = b.getElementsByTagName(e)[0];\n        s.parentNode.insertBefore(t, s)\n    }(window, document, 'script',\n        'https:\/\/connect.facebook.net\/en_US\/fbevents.js');\n    fbq('init', '522546078623747');\n    fbq('track', 'PageView');\n<\/script><br \/>\n<br \/><br \/>\n<br \/>Fonte: <a href=\"https:\/\/www.agrolink.com.br\/noticias\/reforma-tributaria-desafia-agronegocio-brasileiro_507048.html\">AGROLINK<\/a><\/p>\n","protected":false},"excerpt":{"rendered":"<p>&#13; O modelo dual proposto substitui o ICMS por dois tributos&#13; &#13; Agrolink&#13; &#13; &#8211; Leonardo Gottems&#13; &#13; Publicado em 17\/10\/2025 \u00e0s 02:30h. Estimado usu\u00e1rio.Preencha o formul\u00e1rio abaixo para remeter a p\u00e1gina. O modelo dual proposto substitui o ICMS por dois tributos &#8211; Foto: Pixabay O Brasil se torna o \u00fanico pa\u00eds do mundo a [&hellip;]<\/p>\n","protected":false},"author":5,"featured_media":40049,"comment_status":"open","ping_status":"open","sticky":false,"template":"","format":"standard","meta":{"_seopress_robots_primary_cat":"","_seopress_titles_title":"","_seopress_titles_desc":"","_seopress_robots_index":"","footnotes":""},"categories":[53],"tags":[],"class_list":["post-49828","post","type-post","status-publish","format-standard","has-post-thumbnail","hentry","category-agronegocio"],"_links":{"self":[{"href":"https:\/\/mussicom.com\/noticias\/wp-json\/wp\/v2\/posts\/49828","targetHints":{"allow":["GET"]}}],"collection":[{"href":"https:\/\/mussicom.com\/noticias\/wp-json\/wp\/v2\/posts"}],"about":[{"href":"https:\/\/mussicom.com\/noticias\/wp-json\/wp\/v2\/types\/post"}],"author":[{"embeddable":true,"href":"https:\/\/mussicom.com\/noticias\/wp-json\/wp\/v2\/users\/5"}],"replies":[{"embeddable":true,"href":"https:\/\/mussicom.com\/noticias\/wp-json\/wp\/v2\/comments?post=49828"}],"version-history":[{"count":0,"href":"https:\/\/mussicom.com\/noticias\/wp-json\/wp\/v2\/posts\/49828\/revisions"}],"wp:featuredmedia":[{"embeddable":true,"href":"https:\/\/mussicom.com\/noticias\/wp-json\/wp\/v2\/media\/40049"}],"wp:attachment":[{"href":"https:\/\/mussicom.com\/noticias\/wp-json\/wp\/v2\/media?parent=49828"}],"wp:term":[{"taxonomy":"category","embeddable":true,"href":"https:\/\/mussicom.com\/noticias\/wp-json\/wp\/v2\/categories?post=49828"},{"taxonomy":"post_tag","embeddable":true,"href":"https:\/\/mussicom.com\/noticias\/wp-json\/wp\/v2\/tags?post=49828"}],"curies":[{"name":"wp","href":"https:\/\/api.w.org\/{rel}","templated":true}]}}