{"id":49792,"date":"2025-10-17T00:45:15","date_gmt":"2025-10-17T03:45:15","guid":{"rendered":"https:\/\/mussicom.com\/estatais-sempre-dao-prejuizo-com-o-pt-diz-tarcisio\/"},"modified":"2025-10-17T00:45:15","modified_gmt":"2025-10-17T03:45:15","slug":"estatais-sempre-dao-prejuizo-com-o-pt-diz-tarcisio","status":"publish","type":"post","link":"https:\/\/mussicom.com\/noticias\/estatais-sempre-dao-prejuizo-com-o-pt-diz-tarcisio\/","title":{"rendered":"&#8220;Estatais sempre d\u00e3o preju\u00edzo com o PT&#8221;, diz Tarc\u00edsio"},"content":{"rendered":"<p> <br \/>\n<\/p>\n<div>\n<p class=\"postParagraph_post-paragraph__juWZN\">O governador de S\u00e3o Paulo, Tarc\u00edsio de Freitas (Republicanos), criticou o governo Lula e sua gest\u00e3o de estatais. Ao respostar nas redes sociais um v\u00eddeo com um gr\u00e1fico sobre os preju\u00edzos nos Correios, Tarc\u00edsio afirmou que \u201cestatais sempre d\u00e3o preju\u00edzo\u201d em governos do PT.<\/p>\n<p class=\"postParagraph_post-paragraph__juWZN\">&#8220;Precisa comentar alguma coisa? O gr\u00e1fico fala por si. As estatais sempre d\u00e3o preju\u00edzo nos governos do PT. Eles t\u00eam o que eu chamo de desconhecimento detalhado do assunto no que diz respeito \u00e0 gest\u00e3o p\u00fablica. E sabe quem paga a conta? Voc\u00ea, eu e todos os brasileiros&#8221;, escreveu em sua conta no X.<\/p>\n<div class=\"postViewMore_post-view-more-container___5wai\" data-mrf-recirculation=\"Post - Veja tamb\u00e9m\">\n<p class=\"gp-styles-module-size-small-afeYRa gp-styles-module-font-family2-afeYRa gp-styles-module-color-secondary-afeYRa gp-styles-module-weight-bold-afeYRa\">VEJA TAMB\u00c9M:<\/p>\n<ul class=\"postViewMore_post-view-more-list__CU_CE\">\n<li class=\"postViewMore_post-view-more-item__2MzRb\"><span class=\"postViewMore_post-view-more-link-icon___stPC\"><svg xmlns=\"http:\/\/www.w3.org\/2000\/svg\" width=\"16\" height=\"16\" viewbox=\"0 0 16 16\"><rect width=\"16\" height=\"16\" fill=\"none\"\/><g transform=\"translate(3 3)\"><path d=\"M22.5,15l3.4,3.4-3.4,3.4\" transform=\"translate(-15.896 -11.793)\" fill=\"none\" stroke=\"#717171\" stroke-linecap=\"round\" stroke-width=\"1.4\"\/><path d=\"M6,6v4.2a2.452,2.452,0,0,0,2.5,2.4H16\" transform=\"translate(-6 -6)\" fill=\"none\" stroke=\"#717171\" stroke-linecap=\"round\" stroke-width=\"1.4\"\/><\/g><\/svg><\/span><span class=\"postViewMore_post-view-more-link-text__hO_kM\">Oposi\u00e7\u00e3o articula cria\u00e7\u00e3o de CPI dos Correios ap\u00f3s an\u00fancio de empr\u00e9stimo bilion\u00e1rio<\/span><\/li>\n<li class=\"postViewMore_post-view-more-item__2MzRb\"><span class=\"postViewMore_post-view-more-link-icon___stPC\"><svg xmlns=\"http:\/\/www.w3.org\/2000\/svg\" width=\"16\" height=\"16\" viewbox=\"0 0 16 16\"><rect width=\"16\" height=\"16\" fill=\"none\"\/><g transform=\"translate(3 3)\"><path d=\"M22.5,15l3.4,3.4-3.4,3.4\" transform=\"translate(-15.896 -11.793)\" fill=\"none\" stroke=\"#717171\" stroke-linecap=\"round\" stroke-width=\"1.4\"\/><path d=\"M6,6v4.2a2.452,2.452,0,0,0,2.5,2.4H16\" transform=\"translate(-6 -6)\" fill=\"none\" stroke=\"#717171\" stroke-linecap=\"round\" stroke-width=\"1.4\"\/><\/g><\/svg><\/span><span class=\"postViewMore_post-view-more-link-text__hO_kM\">Entenda a crise nos Correios: preju\u00edzos, rombo bilion\u00e1rio e a pior fase da estatal em d\u00e9cadas<\/span><\/li>\n<\/ul>\n<\/div>\n<p class=\"postParagraph_post-paragraph__juWZN\">O governador \u2013 que pode sair candidato a Presidente como uma alternativa da direita \u00e0 impossibilidade de Bolsonaro \u2013 ainda aproveitou para fazer campanha de sua gest\u00e3o e dizer que o estado est\u00e1 no caminho certo.<\/p>\n<h2 class=\"postParagraph_post-paragraph__juWZN postParagraph_type-tag-h2__TtFkT\">Correios em crise<\/h2>\n<p class=\"postParagraph_post-paragraph-innerHtml__Q5vwc\">A\u00a0crise financeira\u00a0dos Correios chegou ao auge em 2025, com um\u00a0rombo hist\u00f3rico\u00a0que j\u00e1 supera todos os preju\u00edzos registrados desde 2016. A estatal est\u00e1 no vermelho desde um \u00faltimo lucro em 2021 e enfrenta uma escalada de d\u00e9ficits bilion\u00e1rios provocada por aumento de custos, perda de competitividade, m\u00e1 gest\u00e3o e queda dr\u00e1stica nas encomendas internacionais \u2014 agravada pela chamada\u00a0\u201ctaxa das blusinhas\u201d, implementada pelo governo Lula.<\/p>\n<p class=\"postParagraph_post-paragraph__juWZN\">Entre as principais causas est\u00e3o a perda de mercado para empresas privadas, o impacto da tributa\u00e7\u00e3o sobre remessas internacionais \u2014 que reduziu a receita em cerca de R$ 2,2 bilh\u00f5es \u2014 e a baixa lucratividade das ag\u00eancias: apenas 15% operam no azul. A gest\u00e3o sob influ\u00eancia pol\u00edtica tamb\u00e9m \u00e9 alvo de cr\u00edticas, com acusa\u00e7\u00f5es de loteamento de cargos e interfer\u00eancia partid\u00e1ria.<\/p>\n<\/div>\n<p><br \/>\n<br \/>Fonte: <a href=\"https:\/\/www.gazetadopovo.com.br\/republica\/tarcisio-critica-gestao-do-pt-nos-correios\/\">Revista Oeste<\/a><\/p>\n","protected":false},"excerpt":{"rendered":"<p>O governador de S\u00e3o Paulo, Tarc\u00edsio de Freitas (Republicanos), criticou o governo Lula e sua gest\u00e3o de estatais. Ao respostar nas redes sociais um v\u00eddeo com um gr\u00e1fico sobre os preju\u00edzos nos Correios, Tarc\u00edsio afirmou que \u201cestatais sempre d\u00e3o preju\u00edzo\u201d em governos do PT. &#8220;Precisa comentar alguma coisa? O gr\u00e1fico fala por si. As estatais [&hellip;]<\/p>\n","protected":false},"author":5,"featured_media":49793,"comment_status":"open","ping_status":"open","sticky":false,"template":"","format":"standard","meta":{"_seopress_robots_primary_cat":"","_seopress_titles_title":"","_seopress_titles_desc":"","_seopress_robots_index":"","footnotes":""},"categories":[1],"tags":[],"class_list":["post-49792","post","type-post","status-publish","format-standard","has-post-thumbnail","hentry","category-ultimas-noticias"],"_links":{"self":[{"href":"https:\/\/mussicom.com\/noticias\/wp-json\/wp\/v2\/posts\/49792","targetHints":{"allow":["GET"]}}],"collection":[{"href":"https:\/\/mussicom.com\/noticias\/wp-json\/wp\/v2\/posts"}],"about":[{"href":"https:\/\/mussicom.com\/noticias\/wp-json\/wp\/v2\/types\/post"}],"author":[{"embeddable":true,"href":"https:\/\/mussicom.com\/noticias\/wp-json\/wp\/v2\/users\/5"}],"replies":[{"embeddable":true,"href":"https:\/\/mussicom.com\/noticias\/wp-json\/wp\/v2\/comments?post=49792"}],"version-history":[{"count":0,"href":"https:\/\/mussicom.com\/noticias\/wp-json\/wp\/v2\/posts\/49792\/revisions"}],"wp:featuredmedia":[{"embeddable":true,"href":"https:\/\/mussicom.com\/noticias\/wp-json\/wp\/v2\/media\/49793"}],"wp:attachment":[{"href":"https:\/\/mussicom.com\/noticias\/wp-json\/wp\/v2\/media?parent=49792"}],"wp:term":[{"taxonomy":"category","embeddable":true,"href":"https:\/\/mussicom.com\/noticias\/wp-json\/wp\/v2\/categories?post=49792"},{"taxonomy":"post_tag","embeddable":true,"href":"https:\/\/mussicom.com\/noticias\/wp-json\/wp\/v2\/tags?post=49792"}],"curies":[{"name":"wp","href":"https:\/\/api.w.org\/{rel}","templated":true}]}}