{"id":49754,"date":"2025-10-16T20:45:24","date_gmt":"2025-10-16T23:45:24","guid":{"rendered":"https:\/\/mussicom.com\/plantio-da-soja-avanca-no-parana-apesar-da-seca\/"},"modified":"2025-10-16T20:45:24","modified_gmt":"2025-10-16T23:45:24","slug":"plantio-da-soja-avanca-no-parana-apesar-da-seca","status":"publish","type":"post","link":"https:\/\/mussicom.com\/noticias\/plantio-da-soja-avanca-no-parana-apesar-da-seca\/","title":{"rendered":"Plantio da soja avan\u00e7a no Paran\u00e1 apesar da seca"},"content":{"rendered":"<p> <br \/>\n<\/p>\n<div>\n<div class=\"row\">\n<div class=\"col-lg col-infos mt-0 mt-lg-0\">\n<div class=\"section-sub-title\">\n<p itemprop=\"description\">&#13;<br \/>\n                                Chuvas irregulares marcam in\u00edcio do plantio no Paran\u00e1&#13;\n                            <\/p>\n<\/p><\/div>\n<div class=\"container\">\n<div class=\"row\">\n<div class=\"col-lg p-0\">\n<div>\n<div class=\"block-news-main-infos mt-3 text-start\">\n<p>                                            <strong class=\"fn\" itemprop=\"author\" style=\"color: rgb(112, 112, 112); \">&#13;<br \/>\n                                                Agrolink&#13;<br \/>\n&#13;<br \/>\n                                                    &#8211; Seane Lennon&#13;<br \/>\n&#13;<br \/>\n                                            <\/strong><br \/>\n                                        <\/p>\n<p>                                            <abbr><time datetime=\"2025 - 10 - 16T16:47\" itemprop=\"datePublished dateModified\"> Publicado em 16\/10\/2025 \u00e0s 16:47h.<\/time><\/abbr>\n                                    <\/div>\n<\/p><\/div>\n<\/p><\/div>\n<div class=\"col-lg p-0 text-lg-end\">\n<div>\n<div id=\"mdEnviarPagina\" class=\"modal fade\" role=\"dialog\">\n<div class=\"modal-dialog\">\n<div class=\"modal-content\">\n<div class=\"modal-body\">\n<p><strong>Estimado usu\u00e1rio.<\/strong><br \/>Preencha o formul\u00e1rio abaixo para remeter a p\u00e1gina.<\/p>\n<\/p><\/div>\n<\/p><\/div>\n<\/p><\/div>\n<\/div><\/div>\n<\/p><\/div>\n<\/p><\/div>\n<\/p><\/div>\n<\/p><\/div>\n<\/p><\/div>\n<div class=\"row justify-content-md-center mt-3\">\n<div class=\"col-lg-auto col-image block-news-main-image\">\n<p>                                <br \/>\n                                                <span class=\"publicity-photo d-block mt-1\">Foto: Pixabay<\/span><\/p><\/div>\n<\/p><\/div>\n<div class=\"section-description section-description-noticias mt-3\">\n<p style=\"text-align:justify\">O plantio da soja no Paran\u00e1 avan\u00e7ou em setembro, mesmo com irregularidade nas chuvas, de acordo com o 1\u00ba Levantamento da Safra de Gr\u00e3os 2025\/26 divulgado nesta ter\u00e7a-feira (14) pela Companhia Nacional de Abastecimento. O m\u00eas foi marcado por temperaturas amenas e precipita\u00e7\u00f5es ocasionais, com destaque para a metade norte do estado, que apresentou maior falta de chuvas e baixa disponibilidade de \u00e1gua no solo.&#13;\n<\/p>\n<p style=\"text-align:justify\">At\u00e9 meados de outubro, 31% da \u00e1rea prevista para a soja foi semeada. As lavouras est\u00e3o nas fases de germina\u00e7\u00e3o e desenvolvimento vegetativo. A maior parte das \u00e1reas apresenta boas condi\u00e7\u00f5es iniciais de crescimento, embora as chuvas excessivas em pontos isolados tenham causado eros\u00f5es, e a escassez h\u00eddrica na regi\u00e3o norte tenha reduzido a velocidade do plantio.&#13;\n<\/p>\n<p style=\"text-align:justify\">\u201cA irregularidade das chuvas afeta o ritmo das opera\u00e7\u00f5es no norte, mas, no geral, o plantio avan\u00e7a em condi\u00e7\u00f5es adequadas\u201d, aponta a an\u00e1lise t\u00e9cnica da Conab.<\/p>\n<\/p><\/div>\n<\/p><\/div>\n<p><script data-cfasync=\"false\">\n    !function (f, b, e, v, n, t, s) {\n        if (f.fbq) return; n = f.fbq = function () {\n            n.callMethod ?\n                n.callMethod.apply(n, arguments) : n.queue.push(arguments)\n        };\n        if (!f._fbq) f._fbq = n; n.push = n; n.loaded = !0; n.version = '2.0';\n        n.queue = []; t = b.createElement(e); t.async = !0;\n        t.src = v; s = b.getElementsByTagName(e)[0];\n        s.parentNode.insertBefore(t, s)\n    }(window, document, 'script',\n        'https:\/\/connect.facebook.net\/en_US\/fbevents.js');\n    fbq('init', '522546078623747');\n    fbq('track', 'PageView');\n<\/script><br \/>\n<br \/><br \/>\n<br \/>Fonte: <a href=\"https:\/\/www.agrolink.com.br\/noticias\/plantio-da-soja-avanca-no-parana-apesar-da-seca_507043.html\">AGROLINK<\/a><\/p>\n","protected":false},"excerpt":{"rendered":"<p>&#13; Chuvas irregulares marcam in\u00edcio do plantio no Paran\u00e1&#13; &#13; Agrolink&#13; &#13; &#8211; Seane Lennon&#13; &#13; Publicado em 16\/10\/2025 \u00e0s 16:47h. Estimado usu\u00e1rio.Preencha o formul\u00e1rio abaixo para remeter a p\u00e1gina. Foto: Pixabay O plantio da soja no Paran\u00e1 avan\u00e7ou em setembro, mesmo com irregularidade nas chuvas, de acordo com o 1\u00ba Levantamento da Safra de [&hellip;]<\/p>\n","protected":false},"author":5,"featured_media":34339,"comment_status":"open","ping_status":"open","sticky":false,"template":"","format":"standard","meta":{"_seopress_robots_primary_cat":"","_seopress_titles_title":"","_seopress_titles_desc":"","_seopress_robots_index":"","footnotes":""},"categories":[53],"tags":[],"class_list":["post-49754","post","type-post","status-publish","format-standard","has-post-thumbnail","hentry","category-agronegocio"],"_links":{"self":[{"href":"https:\/\/mussicom.com\/noticias\/wp-json\/wp\/v2\/posts\/49754","targetHints":{"allow":["GET"]}}],"collection":[{"href":"https:\/\/mussicom.com\/noticias\/wp-json\/wp\/v2\/posts"}],"about":[{"href":"https:\/\/mussicom.com\/noticias\/wp-json\/wp\/v2\/types\/post"}],"author":[{"embeddable":true,"href":"https:\/\/mussicom.com\/noticias\/wp-json\/wp\/v2\/users\/5"}],"replies":[{"embeddable":true,"href":"https:\/\/mussicom.com\/noticias\/wp-json\/wp\/v2\/comments?post=49754"}],"version-history":[{"count":0,"href":"https:\/\/mussicom.com\/noticias\/wp-json\/wp\/v2\/posts\/49754\/revisions"}],"wp:featuredmedia":[{"embeddable":true,"href":"https:\/\/mussicom.com\/noticias\/wp-json\/wp\/v2\/media\/34339"}],"wp:attachment":[{"href":"https:\/\/mussicom.com\/noticias\/wp-json\/wp\/v2\/media?parent=49754"}],"wp:term":[{"taxonomy":"category","embeddable":true,"href":"https:\/\/mussicom.com\/noticias\/wp-json\/wp\/v2\/categories?post=49754"},{"taxonomy":"post_tag","embeddable":true,"href":"https:\/\/mussicom.com\/noticias\/wp-json\/wp\/v2\/tags?post=49754"}],"curies":[{"name":"wp","href":"https:\/\/api.w.org\/{rel}","templated":true}]}}