{"id":49752,"date":"2025-10-16T20:41:15","date_gmt":"2025-10-16T23:41:15","guid":{"rendered":"https:\/\/mussicom.com\/nove-fatos-que-indicam-crescimento-do-poder-de-janja\/"},"modified":"2025-10-16T20:41:15","modified_gmt":"2025-10-16T23:41:15","slug":"nove-fatos-que-indicam-crescimento-do-poder-de-janja","status":"publish","type":"post","link":"https:\/\/mussicom.com\/noticias\/nove-fatos-que-indicam-crescimento-do-poder-de-janja\/","title":{"rendered":"Nove fatos que indicam crescimento do poder de Janja"},"content":{"rendered":"<p> <br \/>\n<\/p>\n<div>\n<p class=\"postParagraph_post-paragraph-innerHtml__Q5vwc\">A primeira-dama Ros\u00e2ngela Lula da Silva, a Janja, tem aumentado seu prest\u00edgio pol\u00edtico no governo. De um papel informal e simb\u00f3lico, ela evoluiu para ter uma estrutura oficial e uma ag<strong>e<\/strong>nda dentro do governo.<\/p>\n<p class=\"postParagraph_post-paragraph__juWZN\">A crescente visibilidade e a formaliza\u00e7\u00e3o de uma equipe de apoio geraram rea\u00e7\u00e3o imediata da oposi\u00e7\u00e3o, que acusa o presidente Luiz In\u00e1cio Lula da Silva de criar um in\u00e9dito &#8220;gabinete paralelo&#8221; para a primeira-dama.<\/p>\n<p class=\"postParagraph_post-paragraph__juWZN\">Veja, a seguir, nove fatos que sinalizam o crescimento do poder de Janja:<\/p>\n<h2 class=\"postParagraph_post-paragraph__juWZN postParagraph_type-tag-h2__TtFkT\">1) Formaliza\u00e7\u00e3o e aumento da estrutura<\/h2>\n<p class=\"postParagraph_post-paragraph__juWZN\">Desde o in\u00edcio do mandato, Janja contava com uma equipe informal composta por cerca de oito funcion\u00e1rios no gabinete pessoal da Presid\u00eancia, sendo sete da pr\u00f3pria equipe presidencial. Essa atua\u00e7\u00e3o, marcada por participa\u00e7\u00f5es em eventos oficiais e pol\u00eamicas sobre o uso de recursos p\u00fablicos sem fun\u00e7\u00e3o definida, evoluiu para uma estrutura formalizada.<\/p>\n<h2 class=\"postParagraph_post-paragraph__juWZN postParagraph_type-tag-h2__TtFkT\">2) AGU reconhece &#8220;papel simb\u00f3lico&#8221;, mas veta estruturas formais<\/h2>\n<p class=\"postParagraph_post-paragraph-innerHtml__Q5vwc\">Em abril de 2025, a Advocacia-Geral da Uni\u00e3o (AGU) publicou a Orienta\u00e7\u00e3o Normativa n\u00ba 94\/2025, que reconhecia o papel simb\u00f3lico e representativo dela como mulher do presidente, mas vetava o uso de estruturas p\u00fablicas formais.<\/p>\n<h2 class=\"postParagraph_post-paragraph__juWZN postParagraph_type-tag-h2__TtFkT\">3) Decreto presidencial aumenta poderes e estrutura<\/h2>\n<p class=\"postParagraph_post-paragraph-innerHtml__Q5vwc\">A situa\u00e7\u00e3o mudou em 28 de agosto de 2025, quando Lula assinou o Decreto n\u00ba 12.604\/2025. O texto alterou a estrutura administrativa da Presid\u00eancia, incluindo o apoio oficial a Janja em &#8220;atividades de interesse p\u00fablico&#8221;. A medida permite que servidores p\u00fablicos a assessorem, consolidando sua equipe dentro do Gabinete Pessoal.<\/p>\n<h2 class=\"postParagraph_post-paragraph__juWZN postParagraph_type-tag-h2__TtFkT\">4) Oposi\u00e7\u00e3o reage ao decreto <\/h2>\n<p class=\"postParagraph_post-paragraph-innerHtml__Q5vwc\">A rea\u00e7\u00e3o da oposi\u00e7\u00e3o foi imediata. Entre 13 e 14 de outubro, deputados como Zucco (PL-RS), Rodrigo Valadares (Uni\u00e3o-SE), Nikolas Ferreira (PL-MG) e S\u00f3stenes Cavalcante (PL-RJ) protocolaram Projetos de Decreto Legislativo (PDLs) para sustar o decreto. Eles argumentaram que a medida viola a Constitui\u00e7\u00e3o e cria um &#8220;gabinete paralelo&#8221;, criticando o que veem como personaliza\u00e7\u00e3o perigosa da m\u00e1quina p\u00fablica. O deputado Luiz Phillipe de Orleans e Bragan\u00e7a, por sua vez, solicitou esclarecimentos \u00e0 Casa Civil sobre os custos e as fun\u00e7\u00f5es dos servidores que atendem a Janja.<\/p>\n<h2 class=\"postParagraph_post-paragraph__juWZN postParagraph_type-tag-h2__TtFkT\">5) Intensifica\u00e7\u00e3o da Agenda Diplom\u00e1tica e Pautas Sociais<\/h2>\n<p class=\"postParagraph_post-paragraph-innerHtml__Q5vwc\">Em meio \u00e0 tens\u00e3o pol\u00edtica, Janja intensificou suas atividades oficiais no exterior e no Brasil. Em setembro, o presidente Lula anunciou que pretende levar a primeira-dama a um futuro encontro com Donald Trump, refor\u00e7ando sua import\u00e2ncia em agendas diplom\u00e1ticas, apesar de alguns constrangimentos anteriores em um encontro com l\u00edder mundial como Xi Jinping e coment\u00e1rios considerados inapropriados sobre uma figura importante como Elon Musk.<\/p>\n<h2 class=\"postParagraph_post-paragraph__juWZN postParagraph_type-tag-h2__TtFkT\">6) Representa\u00e7\u00e3o do Brasil em Roma ap\u00f3s viagem com Lula<\/h2>\n<p class=\"postParagraph_post-paragraph-innerHtml__Q5vwc\">Em outubro, Janja acompanhou Lula em viagem a Roma, onde participaram de audi\u00eancia com o Papa <strong>Le\u00e3o XIV<\/strong> e eventos da FAO. Ap\u00f3s o retorno do presidente, ela permaneceu na It\u00e1lia, representando-o no F\u00f3rum Mundial da Alimenta\u00e7\u00e3o, discursando como promotora da Alian\u00e7a Global Contra a Fome e embaixadora da alimenta\u00e7\u00e3o escolar.<\/p>\n<h2 class=\"postParagraph_post-paragraph__juWZN postParagraph_type-tag-h2__TtFkT\">7) Janja representa o governo em Paris em semin\u00e1rio internacional<\/h2>\n<p class=\"postParagraph_post-paragraph-innerHtml__Q5vwc\">Seu papel diplom\u00e1tico foi ainda mais refor\u00e7ado quando, entre 19 e 21 de outubro, ela foi escolhida pelo Minist\u00e9rio das Rela\u00e7\u00f5es Exteriores para representar o Brasil em um semin\u00e1rio sobre transi\u00e7\u00e3o energ\u00e9tica em Paris, sendo descrita pela organizadora como &#8220;enviada especial para mulheres na COP 30&#8221;. De acordo com o governo, foi uma viagem &#8220;sem gastos p\u00fablicos&#8221;.<\/p>\n<h2 class=\"postParagraph_post-paragraph__juWZN postParagraph_type-tag-h2__TtFkT\">8) Busca por redu\u00e7\u00e3o da rejei\u00e7\u00e3o de Lula entre evang\u00e9licos<\/h2>\n<p class=\"postParagraph_post-paragraph-innerHtml__Q5vwc\">No cen\u00e1rio interno, Janja tem atuado ativamente para reduzir a alta rejei\u00e7\u00e3o a Lula em segmentos espec\u00edficos. Em outubro, ela intensificou encontros com grupos religiosos, participando de reuni\u00f5es com mulheres evang\u00e9licas em Salvador (14 de outubro) e promovendo di\u00e1logo inter-religioso, buscando atuar como ponte para o presidente em segmentos como o evang\u00e9lico, onde a rejei\u00e7\u00e3o a Lula \u00e9 alta (55% segundo o Datafolha).<\/p>\n<h2 class=\"postParagraph_post-paragraph__juWZN postParagraph_type-tag-h2__TtFkT\">9) Defesa da urg\u00eancia na regula\u00e7\u00e3o das redes sociais<\/h2>\n<p class=\"postParagraph_post-paragraph-innerHtml__Q5vwc\">Al\u00e9m disso, em 12 de outubro, ela defendeu a &#8220;urg\u00eancia&#8221; na regula\u00e7\u00e3o das redes sociais, comparando o tema \u00e0 soberania nacional em resposta \u00e0s den\u00fancias do youtuber Felca sobre adultiza\u00e7\u00e3o infantil, posicionando-se como voz influente na pol\u00edtica digital do governo.<\/p>\n<\/div>\n<p><br \/>\n<br \/>Fonte: <a href=\"https:\/\/www.gazetadopovo.com.br\/republica\/nove-fatos-que-indicam-o-crescimento-do-poder-e-da-influencia-de-janja-da-silva\/\">Revista Oeste<\/a><\/p>\n","protected":false},"excerpt":{"rendered":"<p>A primeira-dama Ros\u00e2ngela Lula da Silva, a Janja, tem aumentado seu prest\u00edgio pol\u00edtico no governo. De um papel informal e simb\u00f3lico, ela evoluiu para ter uma estrutura oficial e uma agenda dentro do governo. A crescente visibilidade e a formaliza\u00e7\u00e3o de uma equipe de apoio geraram rea\u00e7\u00e3o imediata da oposi\u00e7\u00e3o, que acusa o presidente Luiz [&hellip;]<\/p>\n","protected":false},"author":5,"featured_media":49753,"comment_status":"open","ping_status":"open","sticky":false,"template":"","format":"standard","meta":{"_seopress_robots_primary_cat":"","_seopress_titles_title":"","_seopress_titles_desc":"","_seopress_robots_index":"","footnotes":""},"categories":[1],"tags":[],"class_list":["post-49752","post","type-post","status-publish","format-standard","has-post-thumbnail","hentry","category-ultimas-noticias"],"_links":{"self":[{"href":"https:\/\/mussicom.com\/noticias\/wp-json\/wp\/v2\/posts\/49752","targetHints":{"allow":["GET"]}}],"collection":[{"href":"https:\/\/mussicom.com\/noticias\/wp-json\/wp\/v2\/posts"}],"about":[{"href":"https:\/\/mussicom.com\/noticias\/wp-json\/wp\/v2\/types\/post"}],"author":[{"embeddable":true,"href":"https:\/\/mussicom.com\/noticias\/wp-json\/wp\/v2\/users\/5"}],"replies":[{"embeddable":true,"href":"https:\/\/mussicom.com\/noticias\/wp-json\/wp\/v2\/comments?post=49752"}],"version-history":[{"count":0,"href":"https:\/\/mussicom.com\/noticias\/wp-json\/wp\/v2\/posts\/49752\/revisions"}],"wp:featuredmedia":[{"embeddable":true,"href":"https:\/\/mussicom.com\/noticias\/wp-json\/wp\/v2\/media\/49753"}],"wp:attachment":[{"href":"https:\/\/mussicom.com\/noticias\/wp-json\/wp\/v2\/media?parent=49752"}],"wp:term":[{"taxonomy":"category","embeddable":true,"href":"https:\/\/mussicom.com\/noticias\/wp-json\/wp\/v2\/categories?post=49752"},{"taxonomy":"post_tag","embeddable":true,"href":"https:\/\/mussicom.com\/noticias\/wp-json\/wp\/v2\/tags?post=49752"}],"curies":[{"name":"wp","href":"https:\/\/api.w.org\/{rel}","templated":true}]}}