{"id":49608,"date":"2025-10-16T03:22:14","date_gmt":"2025-10-16T06:22:14","guid":{"rendered":"https:\/\/mussicom.com\/pl-mulher-acusa-lindbergh-farias-do-pt-de-perseguir-michelle\/"},"modified":"2025-10-16T03:22:14","modified_gmt":"2025-10-16T06:22:14","slug":"pl-mulher-acusa-lindbergh-farias-do-pt-de-perseguir-michelle","status":"publish","type":"post","link":"https:\/\/mussicom.com\/noticias\/pl-mulher-acusa-lindbergh-farias-do-pt-de-perseguir-michelle\/","title":{"rendered":"PL Mulher acusa Lindbergh Farias do PT de perseguir Michelle"},"content":{"rendered":"<p> <br \/>\n<\/p>\n<div>\n<p class=\"postParagraph_post-paragraph__juWZN\">O PL Mulher, presidido por Michelle Bolsonaro, afirmou nesta quarta-feira (15) que a ex-primeira-dama \u00e9 alvo de &#8220;persegui\u00e7\u00e3o pol\u00edtica&#8221; do PT. A acusa\u00e7\u00e3o ocorre depois que o deputado federal Lindbergh Farias (PT-RJ) solicitou \u00e0 Procuradoria-Geral da Rep\u00fablica (PGR) uma investiga\u00e7\u00e3o sobre a atua\u00e7\u00e3o dela no extinto Programa P\u00e1tria Volunt\u00e1ria, que foi coordenado por Michelle durante o governo Bolsonaro (PL).<\/p>\n<p class=\"postParagraph_post-paragraph__juWZN\">Em nota oficial, a legenda disse &#8220;repudiar veementemente a persegui\u00e7\u00e3o pol\u00edtica&#8221; e acusou Lindbergh de abuso de autoridade. O texto destaca que parlamentares t\u00eam o dever de agir em prol do interesse p\u00fablico, mas &#8220;ningu\u00e9m est\u00e1 autorizado a abusar&#8221;.<\/p>\n<div class=\"postViewMore_post-view-more-container___5wai\" data-mrf-recirculation=\"Post - Veja tamb\u00e9m\">\n<p class=\"gp-styles-module-size-small-afeYRa gp-styles-module-font-family2-afeYRa gp-styles-module-color-secondary-afeYRa gp-styles-module-weight-bold-afeYRa\">VEJA TAMB\u00c9M:<\/p>\n<ul class=\"postViewMore_post-view-more-list__CU_CE\">\n<li class=\"postViewMore_post-view-more-item__2MzRb\">\n<div class=\"postViewMore_post-view-more-image__5gUSe\"><picture class=\"imageDefault_image-container__XGd8_\"><\/picture><\/div>\n<p>PT denuncia Michelle Bolsonaro na PGR por programa de voluntariado<\/li>\n<li class=\"postViewMore_post-view-more-item__2MzRb\">\n<div class=\"postViewMore_post-view-more-image__5gUSe\"><picture class=\"imageDefault_image-container__XGd8_\"><img decoding=\"async\" class=\"imageDefault_image-item__lU2Dk\" src=\"https:\/\/media.gazetadopovo.com.br\/2025\/09\/20173140\/michelle-bolsonaro-1-380x214.jpg.webp\" alt=\"Michelle\" width=\"72\" height=\"72\"\/><\/picture><\/div>\n<p>Michelle diz que Lula e Janja demonizam Israel e fala em \u201cesquerda maldita\u201d<\/li>\n<\/ul>\n<\/div>\n<p class=\"postParagraph_post-paragraph__juWZN\">Segundo o PL Mulher, o pedido de investiga\u00e7\u00e3o representa &#8220;vingan\u00e7a pol\u00edtica&#8221; e faz parte de uma estrat\u00e9gia de abuso dos instrumentos jur\u00eddicos para enfraquecer advers\u00e1rios. A nota tamb\u00e9m compara as a\u00e7\u00f5es contra Michelle e outros conservadores brasileiros \u00e0s que teriam sido usadas nos Estados Unidos contra Donald Trump e a oposi\u00e7\u00e3o ao governo de Joe Biden.<\/p>\n<h2 class=\"postParagraph_post-paragraph__juWZN postParagraph_type-tag-h2__TtFkT\">Michelle ironiza Lindbergh<\/h2>\n<p class=\"postParagraph_post-paragraph__juWZN\">Mais cedo, Michelle Bolsonaro ironizou o deputado petista nas redes sociais, ao compartilhar uma not\u00edcia sobre o caso e comentar: &#8220;Ele me ama&#8221;, acompanhada de um emoji de risada.<\/p>\n<p class=\"postParagraph_post-paragraph__juWZN\">O PL afirmou ainda que o caso citado por Lindbergh j\u00e1 foi arquivado pelo Tribunal de Contas da Uni\u00e3o (TCU) em 2023, e acusou o PT de tentar desviar a aten\u00e7\u00e3o de temas como a CPMI do Roubo dos Aposentados, o aumento de impostos e os gastos do governo Lula.<\/p>\n<p class=\"postParagraph_post-paragraph__juWZN\">&#8220;Os petistas liderados por Farias criam cortinas de fuma\u00e7a com mentiras envolvendo a fam\u00edlia Bolsonaro. N\u00e3o conseguir\u00e3o: o povo de bem j\u00e1 sentiu o cheiro das mentiras do l\u00edder dos petistas&#8221;, conclui a nota.<\/p>\n<h2 class=\"postParagraph_post-paragraph__juWZN postParagraph_type-tag-h2__TtFkT\">O que diz o PT<\/h2>\n<p class=\"postParagraph_post-paragraph__juWZN\">Segundo Lindbergh, o programa possu\u00eda &#8220;n\u00edtido prop\u00f3sito de capitaliza\u00e7\u00e3o pol\u00edtica e religiosa da figura da ex-primeira-dama.&#8221; Com isso, ele alega que, por tratar-se de vantagem indevida, Michelle estaria cometendo os crimes de peculato e prevarica\u00e7\u00e3o.<\/p>\n<p class=\"postParagraph_post-paragraph__juWZN\">Al\u00e9m disso, por ser um programa executado por diversos servidores, ele usa a hierarquia do governo federal para atribuir tamb\u00e9m o delito de associa\u00e7\u00e3o criminosa. Al\u00e9m da esfera penal, o deputado atribui a Michelle ato de improbidade administrativa.<\/p>\n<h2 class=\"postParagraph_post-paragraph__juWZN postParagraph_type-tag-h2__TtFkT\">Michelle Bolsonaro cuidou de programa para arrecadar doa\u00e7\u00f5es a vulner\u00e1veis<\/h2>\n<p class=\"postParagraph_post-paragraph__juWZN\">Em 2019, o ex-presidente Jair Bolsonaro instituiu, por meio de decreto, o Programa Nacional de Incentivo ao Voluntariado (PNIV), chamado informalmente de P\u00e1tria Volunt\u00e1ria. A chamada &#8220;arrecada\u00e7\u00e3o solid\u00e1ria&#8221;, no \u00e2mbito do programa, visava ajudar pessoas em situa\u00e7\u00e3o de vulnerabilidade social sem, no entanto, recorrer ao dinheiro p\u00fablico. Um dos focos, por exemplo, era a aquisi\u00e7\u00e3o de cestas b\u00e1sicas para asilos.<\/p>\n<p class=\"postParagraph_post-paragraph__juWZN\">O TCU apurou a movimenta\u00e7\u00e3o de doa\u00e7\u00f5es entre 2020 e 2021. Neste per\u00edodo, o programa direcionou o dinheiro sobretudo ao combate e \u00e0 mitiga\u00e7\u00e3o dos efeitos da pandemia de Covid-19.<\/p>\n<p class=\"postParagraph_post-paragraph__juWZN\">O principal problema para o TCU era que, embora o FBB (Fundo do Programa) cuidasse da arrecada\u00e7\u00e3o e gest\u00e3o, eram a Casa Civil e o Conselho de Solidariedade os respons\u00e1veis por indicar os eventuais benefici\u00e1rios.<\/p>\n<\/div>\n<p><br \/>\n<br \/>Fonte: <a href=\"https:\/\/www.gazetadopovo.com.br\/republica\/pl-mulher-acusa-pt-de-perseguir-michelle\/\">Revista Oeste<\/a><\/p>\n","protected":false},"excerpt":{"rendered":"<p>O PL Mulher, presidido por Michelle Bolsonaro, afirmou nesta quarta-feira (15) que a ex-primeira-dama \u00e9 alvo de &#8220;persegui\u00e7\u00e3o pol\u00edtica&#8221; do PT. A acusa\u00e7\u00e3o ocorre depois que o deputado federal Lindbergh Farias (PT-RJ) solicitou \u00e0 Procuradoria-Geral da Rep\u00fablica (PGR) uma investiga\u00e7\u00e3o sobre a atua\u00e7\u00e3o dela no extinto Programa P\u00e1tria Volunt\u00e1ria, que foi coordenado por Michelle durante [&hellip;]<\/p>\n","protected":false},"author":5,"featured_media":49609,"comment_status":"open","ping_status":"open","sticky":false,"template":"","format":"standard","meta":{"_seopress_robots_primary_cat":"","_seopress_titles_title":"","_seopress_titles_desc":"","_seopress_robots_index":"","footnotes":""},"categories":[1],"tags":[],"class_list":["post-49608","post","type-post","status-publish","format-standard","has-post-thumbnail","hentry","category-ultimas-noticias"],"_links":{"self":[{"href":"https:\/\/mussicom.com\/noticias\/wp-json\/wp\/v2\/posts\/49608","targetHints":{"allow":["GET"]}}],"collection":[{"href":"https:\/\/mussicom.com\/noticias\/wp-json\/wp\/v2\/posts"}],"about":[{"href":"https:\/\/mussicom.com\/noticias\/wp-json\/wp\/v2\/types\/post"}],"author":[{"embeddable":true,"href":"https:\/\/mussicom.com\/noticias\/wp-json\/wp\/v2\/users\/5"}],"replies":[{"embeddable":true,"href":"https:\/\/mussicom.com\/noticias\/wp-json\/wp\/v2\/comments?post=49608"}],"version-history":[{"count":0,"href":"https:\/\/mussicom.com\/noticias\/wp-json\/wp\/v2\/posts\/49608\/revisions"}],"wp:featuredmedia":[{"embeddable":true,"href":"https:\/\/mussicom.com\/noticias\/wp-json\/wp\/v2\/media\/49609"}],"wp:attachment":[{"href":"https:\/\/mussicom.com\/noticias\/wp-json\/wp\/v2\/media?parent=49608"}],"wp:term":[{"taxonomy":"category","embeddable":true,"href":"https:\/\/mussicom.com\/noticias\/wp-json\/wp\/v2\/categories?post=49608"},{"taxonomy":"post_tag","embeddable":true,"href":"https:\/\/mussicom.com\/noticias\/wp-json\/wp\/v2\/tags?post=49608"}],"curies":[{"name":"wp","href":"https:\/\/api.w.org\/{rel}","templated":true}]}}