{"id":49578,"date":"2025-10-16T00:19:14","date_gmt":"2025-10-16T03:19:14","guid":{"rendered":"https:\/\/mussicom.com\/gonet-defende-arquivamento-de-acao-de-petista-contra-tarcisio\/"},"modified":"2025-10-16T00:19:14","modified_gmt":"2025-10-16T03:19:14","slug":"gonet-defende-arquivamento-de-acao-de-petista-contra-tarcisio","status":"publish","type":"post","link":"https:\/\/mussicom.com\/noticias\/gonet-defende-arquivamento-de-acao-de-petista-contra-tarcisio\/","title":{"rendered":"Gonet defende arquivamento de a\u00e7\u00e3o de petista contra Tarc\u00edsio"},"content":{"rendered":"<p> <br \/>\n<\/p>\n<div>\n<p class=\"postParagraph_post-paragraph-innerHtml__Q5vwc\">O procurador-geral da Rep\u00fablica, Paulo Gonet, defendeu nesta quarta-feira (15) o arquivamento da not\u00edcia-crime apresentada pelo deputado federal Rui Falc\u00e3o (PT-SP) contra o governador de S\u00e3o Paulo, Tarc\u00edsio de Freitas (Republicanos). Gonet considerou que o petista n\u00e3o est\u00e1 habilitado para solicitar a abertura de uma investiga\u00e7\u00e3o e a imposi\u00e7\u00e3o de medidas cautelares contra o governador.<\/p>\n<p class=\"postParagraph_post-paragraph-innerHtml__Q5vwc\">Falc\u00e3o acusou Tarc\u00edsio de suposta obstru\u00e7\u00e3o de Justi\u00e7a ao articular o avan\u00e7o do projeto de lei da anistia aos condenados pelos atos de 8 de janeiro de 2023. O governador esteve em Bras\u00edlia para defender a vota\u00e7\u00e3o da proposta durante o in\u00edcio do julgamento do ex-presidente Jair Bolsonaro (PL) pela suposta tentativa de golpe de Estado.<\/p>\n<p class=\"postParagraph_post-paragraph__juWZN\">Para o PGR, a \u201carticula\u00e7\u00e3o pol\u00edtica n\u00e3o constitui il\u00edcito penal, tampouco extrapola os limites da liberdade de express\u00e3o\u201d. Gonet destacou que a concess\u00e3o de anistia \u00e9 mat\u00e9ria reservada ao Congresso e depende da san\u00e7\u00e3o presidencial.<\/p>\n<div class=\"postViewMore_post-view-more-container___5wai\" data-mrf-recirculation=\"Post - Veja tamb\u00e9m\">\n<p class=\"gp-styles-module-size-small-afeYRa gp-styles-module-font-family2-afeYRa gp-styles-module-color-secondary-afeYRa gp-styles-module-weight-bold-afeYRa\">VEJA TAMB\u00c9M:<\/p>\n<ul class=\"postViewMore_post-view-more-list__CU_CE\">\n<li class=\"postViewMore_post-view-more-item__2MzRb\"><span class=\"postViewMore_post-view-more-link-icon___stPC\"><svg xmlns=\"http:\/\/www.w3.org\/2000\/svg\" width=\"16\" height=\"16\" viewbox=\"0 0 16 16\"><rect width=\"16\" height=\"16\" fill=\"none\"\/><g transform=\"translate(3 3)\"><path d=\"M22.5,15l3.4,3.4-3.4,3.4\" transform=\"translate(-15.896 -11.793)\" fill=\"none\" stroke=\"#717171\" stroke-linecap=\"round\" stroke-width=\"1.4\"\/><path d=\"M6,6v4.2a2.452,2.452,0,0,0,2.5,2.4H16\" transform=\"translate(-6 -6)\" fill=\"none\" stroke=\"#717171\" stroke-linecap=\"round\" stroke-width=\"1.4\"\/><\/g><\/svg><\/span><span class=\"postViewMore_post-view-more-link-text__hO_kM\">PGR pede reabertura de inqu\u00e9rito contra Bolsonaro por suposta interfer\u00eancia na PF<\/span><\/li>\n<\/ul>\n<\/div>\n<p class=\"postParagraph_post-paragraph__juWZN\">No parecer, o procurador-geral afirmou que os relatos feitos por Falc\u00e3o \u201cn\u00e3o cont\u00eam elementos informativos m\u00ednimos, que indiquem suficientemente a realidade de il\u00edcito penal, justificadora da deflagra\u00e7\u00e3o da pretendida investiga\u00e7\u00e3o\u201d.<\/p>\n<p class=\"postParagraph_post-paragraph__juWZN\">Ele apontou que n\u00e3o \u00e9 poss\u00edvel deflagrar um processo criminal por meio de uma not\u00edcia-crime, pois a abertura da investiga\u00e7\u00e3o neste caso depende de uma den\u00fancia do Minist\u00e9rio P\u00fablico.<\/p>\n<p class=\"postParagraph_post-paragraph__juWZN\">\u201cEvidente, portanto, a aus\u00eancia de capacidade postulat\u00f3ria do noticiante [Falc\u00e3o], uma vez que a op\u00e7\u00e3o pela representa\u00e7\u00e3o criminal deve ser formulada perante a autoridade policial ou o Minist\u00e9rio P\u00fablico, e n\u00e3o diretamente ao \u00f3rg\u00e3o judicial eventualmente respons\u00e1vel pelo julgamento do noticiado\u201d, disse o procurador-geral.<\/p>\n<p class=\"postParagraph_post-paragraph__juWZN\">O petista pediu a imposi\u00e7\u00e3o de uma s\u00e9rie de restri\u00e7\u00f5es ao governador, como proibi\u00e7\u00e3o de ausentar-se do territ\u00f3rio nacional sem autoriza\u00e7\u00e3o do STF; entrega de passaportes; e proibi\u00e7\u00e3o de manter contato com alvos da a\u00e7\u00e3o sobre a suposta trama golpista e do inqu\u00e9rito que investiga a atua\u00e7\u00e3o do deputado Eduardo Bolsonaro (PL-SP) nos Estados Unidos contra autoridades brasileiras.<\/p>\n<p class=\"postParagraph_post-paragraph__juWZN\">\u201cIneg\u00e1vel, al\u00e9m disso, a flagrante ilegitimidade ativa do requerente para requerer judicialmente medidas cautelares\u201d, disse Gonet.<\/p>\n<\/div>\n<p><br \/>\n<br \/>Fonte: <a href=\"https:\/\/www.gazetadopovo.com.br\/republica\/gonet-defende-arquivamento-de-acao-de-deputado-do-pt-contra-tarcisio\/\">Revista Oeste<\/a><\/p>\n","protected":false},"excerpt":{"rendered":"<p>O procurador-geral da Rep\u00fablica, Paulo Gonet, defendeu nesta quarta-feira (15) o arquivamento da not\u00edcia-crime apresentada pelo deputado federal Rui Falc\u00e3o (PT-SP) contra o governador de S\u00e3o Paulo, Tarc\u00edsio de Freitas (Republicanos). Gonet considerou que o petista n\u00e3o est\u00e1 habilitado para solicitar a abertura de uma investiga\u00e7\u00e3o e a imposi\u00e7\u00e3o de medidas cautelares contra o governador. [&hellip;]<\/p>\n","protected":false},"author":5,"featured_media":49579,"comment_status":"open","ping_status":"open","sticky":false,"template":"","format":"standard","meta":{"_seopress_robots_primary_cat":"","_seopress_titles_title":"","_seopress_titles_desc":"","_seopress_robots_index":"","footnotes":""},"categories":[1],"tags":[],"class_list":["post-49578","post","type-post","status-publish","format-standard","has-post-thumbnail","hentry","category-ultimas-noticias"],"_links":{"self":[{"href":"https:\/\/mussicom.com\/noticias\/wp-json\/wp\/v2\/posts\/49578","targetHints":{"allow":["GET"]}}],"collection":[{"href":"https:\/\/mussicom.com\/noticias\/wp-json\/wp\/v2\/posts"}],"about":[{"href":"https:\/\/mussicom.com\/noticias\/wp-json\/wp\/v2\/types\/post"}],"author":[{"embeddable":true,"href":"https:\/\/mussicom.com\/noticias\/wp-json\/wp\/v2\/users\/5"}],"replies":[{"embeddable":true,"href":"https:\/\/mussicom.com\/noticias\/wp-json\/wp\/v2\/comments?post=49578"}],"version-history":[{"count":0,"href":"https:\/\/mussicom.com\/noticias\/wp-json\/wp\/v2\/posts\/49578\/revisions"}],"wp:featuredmedia":[{"embeddable":true,"href":"https:\/\/mussicom.com\/noticias\/wp-json\/wp\/v2\/media\/49579"}],"wp:attachment":[{"href":"https:\/\/mussicom.com\/noticias\/wp-json\/wp\/v2\/media?parent=49578"}],"wp:term":[{"taxonomy":"category","embeddable":true,"href":"https:\/\/mussicom.com\/noticias\/wp-json\/wp\/v2\/categories?post=49578"},{"taxonomy":"post_tag","embeddable":true,"href":"https:\/\/mussicom.com\/noticias\/wp-json\/wp\/v2\/tags?post=49578"}],"curies":[{"name":"wp","href":"https:\/\/api.w.org\/{rel}","templated":true}]}}