{"id":49470,"date":"2025-10-15T13:28:13","date_gmt":"2025-10-15T16:28:13","guid":{"rendered":"https:\/\/mussicom.com\/caramelo-entra-para-o-top-tres-mundial-de-filmes-mais-assistidos-da-netflix\/"},"modified":"2025-10-15T13:28:13","modified_gmt":"2025-10-15T16:28:13","slug":"caramelo-entra-para-o-top-tres-mundial-de-filmes-mais-assistidos-da-netflix","status":"publish","type":"post","link":"https:\/\/mussicom.com\/noticias\/caramelo-entra-para-o-top-tres-mundial-de-filmes-mais-assistidos-da-netflix\/","title":{"rendered":"&#8216;Caramelo&#8217; entra para o top tr\u00eas mundial de filmes mais assistidos da Netflix"},"content":{"rendered":"<p> <br \/>\n<\/p>\n<div>\n<p>Em menos de uma semana, <em><strong>Caramelo<\/strong><\/em>, drama estrelado por <strong>Rafael Vitti<\/strong> (<em>Al\u00e9m da Ilus\u00e3o<\/em>) e o astro de quatro patas <strong>Amendoim<\/strong>, entrou para <span data-olk-copy-source=\"MessageBody\">Top 3 Global de filmes mais assistidos da Netflix. <\/span>Al\u00e9m disso, a novidade, que traz o animal que virou s\u00edmbolo do Brasil em diversos memes, \u00e9 a n\u00famero um em filmes de l\u00edngua n\u00e3o-inglesa e <span data-olk-copy-source=\"MessageBody\">figurou entre os preferidos da semana em 81 pa\u00edses.<\/span><\/p>\n<p><em>\u201c<\/em><strong><span class=\"markggvkc8gxt\" data-markjs=\"true\" data-ogac=\"\" data-ogab=\"\" data-ogsc=\"\" data-ogsb=\"\">Caramelo<\/span><\/strong> <em>\u00e9 uma hist\u00f3ria 100% criada no Brasil \u2013 um \u00edcone cultural daqui, um jeito de expressar as emo\u00e7\u00f5es muito pr\u00f3prio do brasileiro \u2013 que virou um dos filmes mais vistos no mundo em sua semana de estreia. Do Canad\u00e1 \u00e0 Austr\u00e1lia, da Fran\u00e7a \u00e0 Guatemala, do Egito a Hong Kong, pessoas de toda parte est\u00e3o assistindo a uma hist\u00f3ria de um vira-lata\u00a0<span class=\"markggvkc8gxt\" data-markjs=\"true\" data-ogac=\"\" data-ogab=\"\" data-ogsc=\"\" data-ogsb=\"\">caramelo<\/span>. \u00c9 uma prova de que quando contamos hist\u00f3rias de forma aut\u00eantica, elas podem ganhar o mundo e gerar conex\u00e3o com audi\u00eancias globais\u201d<\/em>, celebrou <strong>Elisabetta Zenatti<\/strong>, vice-presidente de Conte\u00fado da Netflix no Brasil, em comunicado \u00e0 imprensa.<\/p>\n<blockquote class=\"instagram-media\" style=\"background: #FFF; border: 0; border-radius: 3px; box-shadow: 0 0 1px 0 rgba(0,0,0,0.5),0 1px 10px 0 rgba(0,0,0,0.15); margin: 1px; max-width: 540px; min-width: 326px; padding: 0; width: calc(100% - 2px);\" data-instgrm-captioned=\"\" data-instgrm-permalink=\"https:\/\/www.instagram.com\/p\/DPzQk1ljbA8\/?utm_source=ig_embed&amp;utm_campaign=loading\" data-instgrm-version=\"14\"><\/blockquote>\n<h2><strong>Qual \u00e9 a hist\u00f3ria de<\/strong><strong>\u00a0<em>Caramelo<\/em>?<\/strong><\/h2>\n<p>Na hist\u00f3ria, <strong>Pedro<\/strong> (<strong>Rafael Vitti<\/strong>) \u00e9 um obstinado chef de cozinha que est\u00e1 prestes a realizar seu sonho de liderar um restaurante, quando um diagn\u00f3stico inesperado vira tudo de cabe\u00e7a para baixo. Com a ajuda de um simp\u00e1tico vira-lata caramelo (<strong>Amendoim<\/strong>), ele embarca em uma emocionante jornada de redescoberta, encontrando significado e inspira\u00e7\u00e3o no agora. \u00c9 para se emocionar \u2014 e se apaixonar.<\/p>\n<p>Com dire\u00e7\u00e3o de <strong>Diego Freitas<\/strong> (Depois do Universo), <em><strong>Caramelo<\/strong><\/em> ainda traz no elenco <strong data-start=\"120\" data-end=\"139\">Arianne Botelho<\/strong> (<em data-start=\"141\" data-end=\"156\" data-is-only-node=\"\">A Lei do Amor<\/em>), <strong data-start=\"159\" data-end=\"178\">Noemia Oliveira<\/strong> (<em data-start=\"180\" data-end=\"187\">Porta dos Fundos<\/em>), <strong data-start=\"190\" data-end=\"201\">Ademara<\/strong> (<em data-start=\"203\" data-end=\"215\">Sem Filtro<\/em>), <strong data-start=\"218\" data-end=\"233\">Kelzy Ecard<\/strong> (<em data-start=\"235\" data-end=\"248\">Segundo Sol<\/em>), <strong data-start=\"251\" data-end=\"269\">Bruno Vinicius<\/strong>, <strong data-start=\"284\" data-end=\"300\">Roger Gobeth<\/strong> (<em data-start=\"302\" data-end=\"314\">Floribella<\/em>), <strong data-start=\"317\" data-end=\"334\">Ol\u00edvia Ara\u00fajo<\/strong> (<em data-start=\"336\" data-end=\"343\">Fuzu\u00ea<\/em>), al\u00e9m de <strong data-start=\"354\" data-end=\"374\">Cristina Pereira<\/strong>\u00a0e <strong data-start=\"390\" data-end=\"409\">Carolina Ferraz<\/strong> (<em data-start=\"411\" data-end=\"431\">O Astro<\/em>), e uma participa\u00e7\u00e3o especial da chef <strong>Paola Carosella<\/strong>. Assista ao trailer:<\/p>\n<p><iframe title=\"Caramelo | Trailer oficial | Netflix Brasil\" width=\"800\" height=\"450\" src=\"https:\/\/www.youtube.com\/embed\/wVqwoGwmR_I?feature=oembed\" frameborder=\"0\" allow=\"accelerometer; autoplay; clipboard-write; encrypted-media; gyroscope; picture-in-picture; web-share\" referrerpolicy=\"strict-origin-when-cross-origin\" allowfullscreen><\/iframe><\/p>\n<p><strong>LEIA TAMB\u00c9M:<\/strong> O c\u00e3ozinho de <em>Caramelo<\/em>, novidade da Netflix, morre no final?<\/p>\n<div class=\"author-box clearfix mb-4\">\n<div class=\"d-flex align-items-center\">\n<div class=\"author-avatar\">\n        &#13;<br \/>\n          \n      <\/div>\n<div class=\"author-info ms-3\">\n<p>Formado em Jornalismo pela Universidade S\u00e3o Judas, em S\u00e3o Paulo, <strong>Henrique Nascimento<\/strong> come\u00e7ou como estagi\u00e1rio na Veja S\u00e3o Paulo e passou por ve\u00edculos como SBT, Exito\u00edna, Yahoo! Brasil e UOL antes de se tornar coordenador do n\u00facleo de cinema da Editora Perfil, que inclui CineBuzz, Rolling Stone Brasil e Contigo.<\/p>\n<\/p><\/div>\n<\/p><\/div>\n<\/p><\/div>\n<\/p><\/div>\n<p><script async src=\"\/\/www.instagram.com\/embed.js\"><\/script><br \/>\n<br \/><br \/>\n<br \/>Fonte: <a href=\"https:\/\/rollingstone.com.br\/noticia\/caramelo-entra-para-o-top-tres-mundial-de-filmes-mais-assistidos-da-netflix\/\">rollingstone.com.br<\/a><\/p>\n","protected":false},"excerpt":{"rendered":"<p>Em menos de uma semana, Caramelo, drama estrelado por Rafael Vitti (Al\u00e9m da Ilus\u00e3o) e o astro de quatro patas Amendoim, entrou para Top 3 Global de filmes mais assistidos da Netflix. Al\u00e9m disso, a novidade, que traz o animal que virou s\u00edmbolo do Brasil em diversos memes, \u00e9 a n\u00famero um em filmes de [&hellip;]<\/p>\n","protected":false},"author":5,"featured_media":49471,"comment_status":"open","ping_status":"open","sticky":false,"template":"","format":"standard","meta":{"_seopress_robots_primary_cat":"","_seopress_titles_title":"","_seopress_titles_desc":"","_seopress_robots_index":"","footnotes":""},"categories":[51],"tags":[],"class_list":["post-49470","post","type-post","status-publish","format-standard","has-post-thumbnail","hentry","category-musica"],"_links":{"self":[{"href":"https:\/\/mussicom.com\/noticias\/wp-json\/wp\/v2\/posts\/49470","targetHints":{"allow":["GET"]}}],"collection":[{"href":"https:\/\/mussicom.com\/noticias\/wp-json\/wp\/v2\/posts"}],"about":[{"href":"https:\/\/mussicom.com\/noticias\/wp-json\/wp\/v2\/types\/post"}],"author":[{"embeddable":true,"href":"https:\/\/mussicom.com\/noticias\/wp-json\/wp\/v2\/users\/5"}],"replies":[{"embeddable":true,"href":"https:\/\/mussicom.com\/noticias\/wp-json\/wp\/v2\/comments?post=49470"}],"version-history":[{"count":0,"href":"https:\/\/mussicom.com\/noticias\/wp-json\/wp\/v2\/posts\/49470\/revisions"}],"wp:featuredmedia":[{"embeddable":true,"href":"https:\/\/mussicom.com\/noticias\/wp-json\/wp\/v2\/media\/49471"}],"wp:attachment":[{"href":"https:\/\/mussicom.com\/noticias\/wp-json\/wp\/v2\/media?parent=49470"}],"wp:term":[{"taxonomy":"category","embeddable":true,"href":"https:\/\/mussicom.com\/noticias\/wp-json\/wp\/v2\/categories?post=49470"},{"taxonomy":"post_tag","embeddable":true,"href":"https:\/\/mussicom.com\/noticias\/wp-json\/wp\/v2\/tags?post=49470"}],"curies":[{"name":"wp","href":"https:\/\/api.w.org\/{rel}","templated":true}]}}