{"id":49429,"date":"2025-10-15T10:05:15","date_gmt":"2025-10-15T13:05:15","guid":{"rendered":"https:\/\/mussicom.com\/pt-processa-senadores-e-deputados-por-insultos-a-lula-e-ao-partido\/"},"modified":"2025-10-15T10:05:15","modified_gmt":"2025-10-15T13:05:15","slug":"pt-processa-senadores-e-deputados-por-insultos-a-lula-e-ao-partido","status":"publish","type":"post","link":"https:\/\/mussicom.com\/noticias\/pt-processa-senadores-e-deputados-por-insultos-a-lula-e-ao-partido\/","title":{"rendered":"PT processa senadores e deputados por insultos a Lula e ao partido"},"content":{"rendered":"<p> <br \/>\n<\/p>\n<div>\n<p class=\"postParagraph_post-paragraph-innerHtml__Q5vwc\">O presidente nacional do PT, Edinho Silva, decidiu processar senadores e deputados da oposi\u00e7\u00e3o que integram a CPMI do INSS por insultos ao presidente Luiz In\u00e1cio Lula da Silva (PT) e ao partido. As cr\u00edticas teriam ocorrido em v\u00e1rias sess\u00f5es da comiss\u00e3o que investiga a cobran\u00e7a irregular de aposentados e pensionistas por entidades associativas num montante estimado em R$ 6,3 bilh\u00f5es entre os anos de 2019 e 2024.<\/p>\n<p class=\"postParagraph_post-paragraph__juWZN\">As a\u00e7\u00f5es do PT foram propostas na Justi\u00e7a contra os deputados Luciano Zucco (PL-RS), Marcel Van Hattem (Novo-RS) e Cabo Gilberto Silva (PL-PB) e os senadores Izalci Lucas (PL-DF) e Jorge Seif (PL-SC). O partido cobra de cada um indeniza\u00e7\u00e3o de R$ 30 mil.<\/p>\n<p class=\"postParagraph_post-paragraph-innerHtml__Q5vwc\">\u201cAs falas destoadas da atua\u00e7\u00e3o parlamentar, cujo \u00fanico objetivo \u00e9 macular a imagem e a honra dos requeridos, d\u00e3o azo \u00e0 repara\u00e7\u00e3o indenizat\u00f3ria pleiteada neste feito\u201d, afirma o partido nas a\u00e7\u00f5es a que a <em>Folha de S. Paulo<\/em> teve acesso.<\/p>\n<div class=\"postViewMore_post-view-more-container___5wai\" data-mrf-recirculation=\"Post - Veja tamb\u00e9m\">\n<p class=\"gp-styles-module-size-small-afeYRa gp-styles-module-font-family2-afeYRa gp-styles-module-color-secondary-afeYRa gp-styles-module-weight-bold-afeYRa\">VEJA TAMB\u00c9M:<\/p>\n<ul class=\"postViewMore_post-view-more-list__CU_CE\">\n<li class=\"postViewMore_post-view-more-item__2MzRb\">\n<div class=\"postViewMore_post-view-more-image__5gUSe\"><picture class=\"imageDefault_image-container__XGd8_\"><\/picture><\/div>\n<p>Mendon\u00e7a manda bloquear R$ 390 milh\u00f5es de sindicato de irm\u00e3o de Lula<\/li>\n<\/ul>\n<\/div>\n<p class=\"postParagraph_post-paragraph__juWZN\">Edinho Silva vai al\u00e9m na justificativa e rebate o argumento de que deputados e senadores t\u00eam direito \u00e0 imunidade parlamentar.<\/p>\n<p class=\"postParagraph_post-paragraph__juWZN\">\u201cAo propagar fato sabidamente inver\u00eddico perante a Comiss\u00e3o Parlamentar Mista de Inqu\u00e9rito, com ampla capacidade de divulga\u00e7\u00e3o, ainda que o requerido se valha da sua condi\u00e7\u00e3o de parlamentar, resta configurado o claro ato il\u00edcito e, consequentemente, o dano moral indeniz\u00e1vel\u201d, seguiu o presidente do PT.<\/p>\n<p class=\"postParagraph_post-paragraph-innerHtml__Q5vwc\">As sess\u00f5es da CPMI do INSS v\u00eam sendo marcadas por tumultos e discuss\u00f5es acaloradas, sendo a mais recente a da \u00faltima segunda (13) em que o ex-presidente do INSS, Alessandro Stefanutto, foi ouvido pelos parlamentares. Ele, no entanto, foi beneficiado por um habeas corpus e deixou de responder a diversas perguntas.<\/p>\n<p class=\"postParagraph_post-paragraph__juWZN\">J\u00e1 entre os supostos insultos que teriam sido feitos por deputados e senadores participantes, o PT cita na a\u00e7\u00e3o falas que associam o partido e o presidente Lula aos descontos previdenci\u00e1rios e tentativa de barrar a investiga\u00e7\u00e3o.<\/p>\n<p class=\"postParagraph_post-paragraph__juWZN\">\u201cVossas Excel\u00eancias est\u00e3o preocupados com a puni\u00e7\u00e3o a esses ladr\u00f5es, que, ali\u00e1s, s\u00e3o liderados pelo governo Lula. Aquele que foi condenado por corrup\u00e7\u00e3o e lavagem de dinheiro e descondensado por quem, agora, arrogou-se o direito de fazer a investiga\u00e7\u00e3o do INSS, que \u00e9 o Supremo Tribunal Federal\u201d, disse Van Hattem em uma sess\u00e3o.<\/p>\n<p class=\"postParagraph_post-paragraph__juWZN\">Em outra, Izalci Lucas afirmou que nunca viu \u201ctanta roubalheira como aconteceu\u201d com o PT. J\u00e1 Zucco disse que \u201ceste governo, de um ex-presidi\u00e1rio, tentou de tudo para que n\u00e3o acontecesse a CPI\u201d.<\/p>\n<\/div>\n<p><br \/>\n<br \/>Fonte: <a href=\"https:\/\/www.gazetadopovo.com.br\/republica\/pt-processa-senadores-deputados-insultos-lula-partido\/\">Revista Oeste<\/a><\/p>\n","protected":false},"excerpt":{"rendered":"<p>O presidente nacional do PT, Edinho Silva, decidiu processar senadores e deputados da oposi\u00e7\u00e3o que integram a CPMI do INSS por insultos ao presidente Luiz In\u00e1cio Lula da Silva (PT) e ao partido. As cr\u00edticas teriam ocorrido em v\u00e1rias sess\u00f5es da comiss\u00e3o que investiga a cobran\u00e7a irregular de aposentados e pensionistas por entidades associativas num [&hellip;]<\/p>\n","protected":false},"author":5,"featured_media":49430,"comment_status":"open","ping_status":"open","sticky":false,"template":"","format":"standard","meta":{"_seopress_robots_primary_cat":"","_seopress_titles_title":"","_seopress_titles_desc":"","_seopress_robots_index":"","footnotes":""},"categories":[1],"tags":[],"class_list":["post-49429","post","type-post","status-publish","format-standard","has-post-thumbnail","hentry","category-ultimas-noticias"],"_links":{"self":[{"href":"https:\/\/mussicom.com\/noticias\/wp-json\/wp\/v2\/posts\/49429","targetHints":{"allow":["GET"]}}],"collection":[{"href":"https:\/\/mussicom.com\/noticias\/wp-json\/wp\/v2\/posts"}],"about":[{"href":"https:\/\/mussicom.com\/noticias\/wp-json\/wp\/v2\/types\/post"}],"author":[{"embeddable":true,"href":"https:\/\/mussicom.com\/noticias\/wp-json\/wp\/v2\/users\/5"}],"replies":[{"embeddable":true,"href":"https:\/\/mussicom.com\/noticias\/wp-json\/wp\/v2\/comments?post=49429"}],"version-history":[{"count":0,"href":"https:\/\/mussicom.com\/noticias\/wp-json\/wp\/v2\/posts\/49429\/revisions"}],"wp:featuredmedia":[{"embeddable":true,"href":"https:\/\/mussicom.com\/noticias\/wp-json\/wp\/v2\/media\/49430"}],"wp:attachment":[{"href":"https:\/\/mussicom.com\/noticias\/wp-json\/wp\/v2\/media?parent=49429"}],"wp:term":[{"taxonomy":"category","embeddable":true,"href":"https:\/\/mussicom.com\/noticias\/wp-json\/wp\/v2\/categories?post=49429"},{"taxonomy":"post_tag","embeddable":true,"href":"https:\/\/mussicom.com\/noticias\/wp-json\/wp\/v2\/tags?post=49429"}],"curies":[{"name":"wp","href":"https:\/\/api.w.org\/{rel}","templated":true}]}}