{"id":49419,"date":"2025-10-15T09:04:22","date_gmt":"2025-10-15T12:04:22","guid":{"rendered":"https:\/\/mussicom.com\/zambelli-agradece-a-deputados-apoiadores-e-advogados-em-carta\/"},"modified":"2025-10-15T09:04:22","modified_gmt":"2025-10-15T12:04:22","slug":"zambelli-agradece-a-deputados-apoiadores-e-advogados-em-carta","status":"publish","type":"post","link":"https:\/\/mussicom.com\/noticias\/zambelli-agradece-a-deputados-apoiadores-e-advogados-em-carta\/","title":{"rendered":"Zambelli agradece a deputados, apoiadores e advogados em carta"},"content":{"rendered":"<p> <br \/>\n<\/p>\n<div>\n<p class=\"postParagraph_post-paragraph-innerHtml__Q5vwc\">Por meio de carta divulgada em seu Instagram nessa ter\u00e7a-feira (15), a deputada federal Carla Zambelli (PL-SP) agradeceu aos deputados e senadores que a visitaram na It\u00e1lia. Al\u00e9m disso, agradeceu a seus apoiadores pela ajuda financeira, bem como a seus advogados.<\/p>\n<p class=\"postParagraph_post-paragraph__juWZN\">&#8220;Obrigada a todos os deputados e senadores que est\u00e3o me ajudando, principalmente os que vieram aqui. Obrigada aos que ajudaram financeiramente, mais em ora\u00e7\u00e3o com abra\u00e7o forte (sic.). Obrigada aos meus advogados&#8221;, escreveu Carla.<\/p>\n<p class=\"postParagraph_post-paragraph__juWZN\">Zambelli est\u00e1 presa na It\u00e1lia desde julho de 2025. Ela aguarda at\u00e9 que a justi\u00e7a do pa\u00eds europeu decida sobre a validade ou n\u00e3o de seu pedido de extradi\u00e7\u00e3o, enviado pelo governo brasileiro. Atualmente, quem cuida de sua conta no Instagram \u00e9 sua m\u00e3e, Rita Zambelli. Ao publicar a carta, Rita marcou parlamentares de direita, como o deputado federal licenciado Eduardo Bolsonaro (PL-SP) e o senador Eduardo Gir\u00e3o (Novo-CE). Na mesma publica\u00e7\u00e3o, F\u00e1bio Pagnozzi, que \u00e9 um de seus advogados, respondeu: &#8220;Eu que agrade\u00e7o pela honra de ser o seu advogado, minha amiga deputada federal Carla Zambelli.&#8221;<\/p>\n<div class=\"postViewMore_post-view-more-container___5wai\" data-mrf-recirculation=\"Post - Veja tamb\u00e9m\">\n<p class=\"gp-styles-module-size-small-afeYRa gp-styles-module-font-family2-afeYRa gp-styles-module-color-secondary-afeYRa gp-styles-module-weight-bold-afeYRa\">VEJA TAMB\u00c9M:<\/p>\n<ul class=\"postViewMore_post-view-more-list__CU_CE\">\n<li class=\"postViewMore_post-view-more-item__2MzRb\"><span class=\"postViewMore_post-view-more-link-icon___stPC\"><svg xmlns=\"http:\/\/www.w3.org\/2000\/svg\" width=\"16\" height=\"16\" viewbox=\"0 0 16 16\"><rect width=\"16\" height=\"16\" fill=\"none\"\/><g transform=\"translate(3 3)\"><path d=\"M22.5,15l3.4,3.4-3.4,3.4\" transform=\"translate(-15.896 -11.793)\" fill=\"none\" stroke=\"#717171\" stroke-linecap=\"round\" stroke-width=\"1.4\"\/><path d=\"M6,6v4.2a2.452,2.452,0,0,0,2.5,2.4H16\" transform=\"translate(-6 -6)\" fill=\"none\" stroke=\"#717171\" stroke-linecap=\"round\" stroke-width=\"1.4\"\/><\/g><\/svg><\/span><span class=\"postViewMore_post-view-more-link-text__hO_kM\">Na It\u00e1lia, Lula diz que Carla Zambelli \u201cn\u00e3o merece respeito\u201d de quem ama a democracia<\/span><\/li>\n<li class=\"postViewMore_post-view-more-item__2MzRb\"><span class=\"postViewMore_post-view-more-link-icon___stPC\"><svg xmlns=\"http:\/\/www.w3.org\/2000\/svg\" width=\"16\" height=\"16\" viewbox=\"0 0 16 16\"><rect width=\"16\" height=\"16\" fill=\"none\"\/><g transform=\"translate(3 3)\"><path d=\"M22.5,15l3.4,3.4-3.4,3.4\" transform=\"translate(-15.896 -11.793)\" fill=\"none\" stroke=\"#717171\" stroke-linecap=\"round\" stroke-width=\"1.4\"\/><path d=\"M6,6v4.2a2.452,2.452,0,0,0,2.5,2.4H16\" transform=\"translate(-6 -6)\" fill=\"none\" stroke=\"#717171\" stroke-linecap=\"round\" stroke-width=\"1.4\"\/><\/g><\/svg><\/span><span class=\"postViewMore_post-view-more-link-text__hO_kM\">Zambelli anuncia greve de fome em carta a ministro italiano ap\u00f3s ter recurso negado<\/span><\/li>\n<\/ul>\n<\/div>\n<h2 class=\"postParagraph_post-paragraph__juWZN postParagraph_type-tag-h2__TtFkT\">Carta anterior falava em greve de fome<\/h2>\n<p class=\"postParagraph_post-paragraph-innerHtml__Q5vwc\">Em carta anterior, divulgada nos mesmos moldes, Zambelli anunciou greve de fome. A carta em quest\u00e3o teve como destinat\u00e1rio o ministro da Justi\u00e7a da It\u00e1lia, Carlo Nordio. N\u00e3o foi a primeira greve de fome da deputada em sua pris\u00e3o no pa\u00eds europeu.<\/p>\n<p class=\"postParagraph_post-paragraph__juWZN\">O an\u00fancio da greve ocorreu ap\u00f3s decis\u00e3o judicial que manteve a pris\u00e3o da deputada brasileira. Em recurso, a defesa alegava dist\u00farbios neurol\u00f3gicos e psiqui\u00e1tricos graves. A per\u00edcia do tribunal, no entanto, entendeu que tais dist\u00farbios n\u00e3o eram incompat\u00edveis com a pris\u00e3o em regime fechado.<\/p>\n<div class=\"postViewMore_post-view-more-container___5wai\" data-mrf-recirculation=\"Post - Veja tamb\u00e9m\">\n<p class=\"gp-styles-module-size-small-afeYRa gp-styles-module-font-family2-afeYRa gp-styles-module-color-secondary-afeYRa gp-styles-module-weight-bold-afeYRa\">VEJA TAMB\u00c9M:<\/p>\n<ul class=\"postViewMore_post-view-more-list__CU_CE\">\n<li class=\"postViewMore_post-view-more-item__2MzRb\"><span class=\"postViewMore_post-view-more-link-icon___stPC\"><svg xmlns=\"http:\/\/www.w3.org\/2000\/svg\" width=\"16\" height=\"16\" viewbox=\"0 0 16 16\"><rect width=\"16\" height=\"16\" fill=\"none\"\/><g transform=\"translate(3 3)\"><path d=\"M22.5,15l3.4,3.4-3.4,3.4\" transform=\"translate(-15.896 -11.793)\" fill=\"none\" stroke=\"#717171\" stroke-linecap=\"round\" stroke-width=\"1.4\"\/><path d=\"M6,6v4.2a2.452,2.452,0,0,0,2.5,2.4H16\" transform=\"translate(-6 -6)\" fill=\"none\" stroke=\"#717171\" stroke-linecap=\"round\" stroke-width=\"1.4\"\/><\/g><\/svg><\/span><span class=\"postViewMore_post-view-more-link-text__hO_kM\">Cassa\u00e7\u00e3o de Eduardo e Carla Zambelli ser\u00e1 baseada no regimento da C\u00e2mara, diz Motta<\/span><\/li>\n<li class=\"postViewMore_post-view-more-item__2MzRb\"><span class=\"postViewMore_post-view-more-link-icon___stPC\"><svg xmlns=\"http:\/\/www.w3.org\/2000\/svg\" width=\"16\" height=\"16\" viewbox=\"0 0 16 16\"><rect width=\"16\" height=\"16\" fill=\"none\"\/><g transform=\"translate(3 3)\"><path d=\"M22.5,15l3.4,3.4-3.4,3.4\" transform=\"translate(-15.896 -11.793)\" fill=\"none\" stroke=\"#717171\" stroke-linecap=\"round\" stroke-width=\"1.4\"\/><path d=\"M6,6v4.2a2.452,2.452,0,0,0,2.5,2.4H16\" transform=\"translate(-6 -6)\" fill=\"none\" stroke=\"#717171\" stroke-linecap=\"round\" stroke-width=\"1.4\"\/><\/g><\/svg><\/span><span class=\"postViewMore_post-view-more-link-text__hO_kM\">Alexandre de Moraes revoga bloqueios de perfis de Carla Zambelli<\/span><\/li>\n<\/ul>\n<\/div>\n<h2 class=\"postParagraph_post-paragraph__juWZN postParagraph_type-tag-h2__TtFkT\">Relembre o caso Zambelli<\/h2>\n<p class=\"postParagraph_post-paragraph-innerHtml__Q5vwc\">O ministro do Supremo Tribunal Federal Alexandre de Moraes condenou Carla Zambelli por supostamente financiar uma invas\u00e3o aos sistemas do Conselho Nacional de Justi\u00e7a. Ela teria pago ao hacker <strong>Walter Delgatti Neto<\/strong> (popularmente conhecido como &#8220;hacker de Araraquara&#8221;) para realizar a invas\u00e3o e inserir um mandado de pris\u00e3o contra Moraes no Banco Nacional de Mandados de Pris\u00e3o (BNMP). A senten\u00e7a final foi de 10 anos de pris\u00e3o.<\/p>\n<p class=\"postParagraph_post-paragraph__juWZN\">20 dias ap\u00f3s a condena\u00e7\u00e3o, a deputada deixou o pa\u00eds pela fronteira com a Argentina, passou pelos Estados Unidos e, por fim, chegou \u00e0 It\u00e1lia. Ela possui cidadania italiana, o que pode dificultar a extradi\u00e7\u00e3o solicitada pelo Minist\u00e9rio da Justi\u00e7a e Seguran\u00e7a P\u00fablica do Brasil a pedido de Moraes.<\/p>\n<p class=\"postParagraph_post-paragraph__juWZN\">O Brasil incluiu o nome de Carla na lista da Interpol. Por isso, a pol\u00edcia italiana executou uma verifica\u00e7\u00e3o que terminou por encontr\u00e1-la e prend\u00ea-la.<\/p>\n<\/div>\n<p><script async src=\"\/\/www.instagram.com\/embed.js\"><\/script><br \/>\n<br \/><br \/>\n<br \/>Fonte: <a href=\"https:\/\/www.gazetadopovo.com.br\/republica\/zambelli-agradece-a-deputados-apoiadores-e-advogados-em-carta\/\">Revista Oeste<\/a><\/p>\n","protected":false},"excerpt":{"rendered":"<p>Por meio de carta divulgada em seu Instagram nessa ter\u00e7a-feira (15), a deputada federal Carla Zambelli (PL-SP) agradeceu aos deputados e senadores que a visitaram na It\u00e1lia. Al\u00e9m disso, agradeceu a seus apoiadores pela ajuda financeira, bem como a seus advogados. &#8220;Obrigada a todos os deputados e senadores que est\u00e3o me ajudando, principalmente os que [&hellip;]<\/p>\n","protected":false},"author":5,"featured_media":49420,"comment_status":"open","ping_status":"open","sticky":false,"template":"","format":"standard","meta":{"_seopress_robots_primary_cat":"","_seopress_titles_title":"","_seopress_titles_desc":"","_seopress_robots_index":"","footnotes":""},"categories":[1],"tags":[],"class_list":["post-49419","post","type-post","status-publish","format-standard","has-post-thumbnail","hentry","category-ultimas-noticias"],"_links":{"self":[{"href":"https:\/\/mussicom.com\/noticias\/wp-json\/wp\/v2\/posts\/49419","targetHints":{"allow":["GET"]}}],"collection":[{"href":"https:\/\/mussicom.com\/noticias\/wp-json\/wp\/v2\/posts"}],"about":[{"href":"https:\/\/mussicom.com\/noticias\/wp-json\/wp\/v2\/types\/post"}],"author":[{"embeddable":true,"href":"https:\/\/mussicom.com\/noticias\/wp-json\/wp\/v2\/users\/5"}],"replies":[{"embeddable":true,"href":"https:\/\/mussicom.com\/noticias\/wp-json\/wp\/v2\/comments?post=49419"}],"version-history":[{"count":0,"href":"https:\/\/mussicom.com\/noticias\/wp-json\/wp\/v2\/posts\/49419\/revisions"}],"wp:featuredmedia":[{"embeddable":true,"href":"https:\/\/mussicom.com\/noticias\/wp-json\/wp\/v2\/media\/49420"}],"wp:attachment":[{"href":"https:\/\/mussicom.com\/noticias\/wp-json\/wp\/v2\/media?parent=49419"}],"wp:term":[{"taxonomy":"category","embeddable":true,"href":"https:\/\/mussicom.com\/noticias\/wp-json\/wp\/v2\/categories?post=49419"},{"taxonomy":"post_tag","embeddable":true,"href":"https:\/\/mussicom.com\/noticias\/wp-json\/wp\/v2\/tags?post=49419"}],"curies":[{"name":"wp","href":"https:\/\/api.w.org\/{rel}","templated":true}]}}