{"id":49358,"date":"2025-10-14T23:58:15","date_gmt":"2025-10-15T02:58:15","guid":{"rendered":"https:\/\/mussicom.com\/mato-grosso-registra-forte-alta-no-preco-da-arroba-em-setembro\/"},"modified":"2025-10-14T23:58:15","modified_gmt":"2025-10-15T02:58:15","slug":"mato-grosso-registra-forte-alta-no-preco-da-arroba-em-setembro","status":"publish","type":"post","link":"https:\/\/mussicom.com\/noticias\/mato-grosso-registra-forte-alta-no-preco-da-arroba-em-setembro\/","title":{"rendered":"Mato Grosso registra forte alta no pre\u00e7o da arroba em setembro"},"content":{"rendered":"<p> <br \/>\n<\/p>\n<div>\n<div class=\"row\">\n<div class=\"col-lg col-infos mt-0 mt-lg-0\">\n<div class=\"section-sub-title\">\n<p itemprop=\"description\">&#13;<br \/>\n                                Exporta\u00e7\u00f5es sustentam alta da arroba em setembro&#13;\n                            <\/p>\n<\/p><\/div>\n<div class=\"container\">\n<div class=\"row\">\n<div class=\"col-lg p-0\">\n<div>\n<div class=\"block-news-main-infos mt-3 text-start\">\n<p>                                            <strong class=\"fn\" itemprop=\"author\" style=\"color: rgb(112, 112, 112); \">&#13;<br \/>\n                                                Agrolink&#13;<br \/>\n&#13;<br \/>\n                                                    &#8211; Seane Lennon&#13;<br \/>\n&#13;<br \/>\n                                            <\/strong><br \/>\n                                        <\/p>\n<p>                                            <abbr><time datetime=\"2025 - 10 - 14T18:05\" itemprop=\"datePublished dateModified\"> Publicado em 14\/10\/2025 \u00e0s 18:05h.<\/time><\/abbr>\n                                    <\/div>\n<\/p><\/div>\n<\/p><\/div>\n<div class=\"col-lg p-0 text-lg-end\">\n<div>\n<div id=\"mdEnviarPagina\" class=\"modal fade\" role=\"dialog\">\n<div class=\"modal-dialog\">\n<div class=\"modal-content\">\n<div class=\"modal-body\">\n<p><strong>Estimado usu\u00e1rio.<\/strong><br \/>Preencha o formul\u00e1rio abaixo para remeter a p\u00e1gina.<\/p>\n<\/p><\/div>\n<\/p><\/div>\n<\/p><\/div>\n<\/div><\/div>\n<\/p><\/div>\n<\/p><\/div>\n<\/p><\/div>\n<\/p><\/div>\n<\/p><\/div>\n<div class=\"row justify-content-md-center mt-3\">\n<div class=\"col-lg-auto col-image block-news-main-image\">\n<p>                                <br \/>\n                                                <span class=\"publicity-photo d-block mt-1\">Foto: Pixabay<\/span><\/p><\/div>\n<\/p><\/div>\n<div class=\"section-description section-description-noticias mt-3\">\n<p style=\"text-align:justify\">Segundo a an\u00e1lise semanal do Instituto Mato-Grossense de Economia Agropecu\u00e1ria (Imea), divulgada nesta segunda-feira (13), em setembro de 2025 o boi gordo a prazo foi cotado a R$ 299,92 por arroba em Mato Grosso, alta de 35,66% em rela\u00e7\u00e3o ao mesmo per\u00edodo de 2024, quando a m\u00e9dia era de R$ 221,09.&#13;\n<\/p>\n<p style=\"text-align:justify\">O aumento anual, segundo o Imea, reflete o ritmo das exporta\u00e7\u00f5es brasileiras de carne diante da demanda internacional. Em setembro de 2024, a alta foi impulsionada pela menor oferta de animais prontos para abate. J\u00e1 em setembro de 2025, a estabilidade foi influenciada pela maior participa\u00e7\u00e3o de f\u00eameas nos abates, que atingiu 44,03%, 6,81 pontos percentuais acima do registrado no ano anterior, acompanhando o crescimento da demanda externa.&#13;\n<\/p>\n<p style=\"text-align:justify\">A proje\u00e7\u00e3o de longo prazo, de acordo com o instituto, \u00e9 de valoriza\u00e7\u00e3o dos pre\u00e7os da arroba, mas a intensidade da recupera\u00e7\u00e3o depender\u00e1 da oferta de f\u00eameas nos pr\u00f3ximos meses.<\/p>\n<\/p><\/div>\n<\/p><\/div>\n<p><script data-cfasync=\"false\">\n    !function (f, b, e, v, n, t, s) {\n        if (f.fbq) return; n = f.fbq = function () {\n            n.callMethod ?\n                n.callMethod.apply(n, arguments) : n.queue.push(arguments)\n        };\n        if (!f._fbq) f._fbq = n; n.push = n; n.loaded = !0; n.version = '2.0';\n        n.queue = []; t = b.createElement(e); t.async = !0;\n        t.src = v; s = b.getElementsByTagName(e)[0];\n        s.parentNode.insertBefore(t, s)\n    }(window, document, 'script',\n        'https:\/\/connect.facebook.net\/en_US\/fbevents.js');\n    fbq('init', '522546078623747');\n    fbq('track', 'PageView');\n<\/script><br \/>\n<br \/><br \/>\n<br \/>Fonte: <a href=\"https:\/\/www.agrolink.com.br\/noticias\/mato-grosso-registra-forte-alta-no-preco-da-arroba-em-setembro_506962.html\">AGROLINK<\/a><\/p>\n","protected":false},"excerpt":{"rendered":"<p>&#13; Exporta\u00e7\u00f5es sustentam alta da arroba em setembro&#13; &#13; Agrolink&#13; &#13; &#8211; Seane Lennon&#13; &#13; Publicado em 14\/10\/2025 \u00e0s 18:05h. Estimado usu\u00e1rio.Preencha o formul\u00e1rio abaixo para remeter a p\u00e1gina. Foto: Pixabay Segundo a an\u00e1lise semanal do Instituto Mato-Grossense de Economia Agropecu\u00e1ria (Imea), divulgada nesta segunda-feira (13), em setembro de 2025 o boi gordo a prazo [&hellip;]<\/p>\n","protected":false},"author":5,"featured_media":33452,"comment_status":"open","ping_status":"open","sticky":false,"template":"","format":"standard","meta":{"_seopress_robots_primary_cat":"","_seopress_titles_title":"","_seopress_titles_desc":"","_seopress_robots_index":"","footnotes":""},"categories":[53],"tags":[],"class_list":["post-49358","post","type-post","status-publish","format-standard","has-post-thumbnail","hentry","category-agronegocio"],"_links":{"self":[{"href":"https:\/\/mussicom.com\/noticias\/wp-json\/wp\/v2\/posts\/49358","targetHints":{"allow":["GET"]}}],"collection":[{"href":"https:\/\/mussicom.com\/noticias\/wp-json\/wp\/v2\/posts"}],"about":[{"href":"https:\/\/mussicom.com\/noticias\/wp-json\/wp\/v2\/types\/post"}],"author":[{"embeddable":true,"href":"https:\/\/mussicom.com\/noticias\/wp-json\/wp\/v2\/users\/5"}],"replies":[{"embeddable":true,"href":"https:\/\/mussicom.com\/noticias\/wp-json\/wp\/v2\/comments?post=49358"}],"version-history":[{"count":0,"href":"https:\/\/mussicom.com\/noticias\/wp-json\/wp\/v2\/posts\/49358\/revisions"}],"wp:featuredmedia":[{"embeddable":true,"href":"https:\/\/mussicom.com\/noticias\/wp-json\/wp\/v2\/media\/33452"}],"wp:attachment":[{"href":"https:\/\/mussicom.com\/noticias\/wp-json\/wp\/v2\/media?parent=49358"}],"wp:term":[{"taxonomy":"category","embeddable":true,"href":"https:\/\/mussicom.com\/noticias\/wp-json\/wp\/v2\/categories?post=49358"},{"taxonomy":"post_tag","embeddable":true,"href":"https:\/\/mussicom.com\/noticias\/wp-json\/wp\/v2\/tags?post=49358"}],"curies":[{"name":"wp","href":"https:\/\/api.w.org\/{rel}","templated":true}]}}