{"id":49342,"date":"2025-10-14T21:52:18","date_gmt":"2025-10-15T00:52:18","guid":{"rendered":"https:\/\/mussicom.com\/senado-aprova-criacao-de-330-cargos-comissionados-no-stj\/"},"modified":"2025-10-14T21:52:18","modified_gmt":"2025-10-15T00:52:18","slug":"senado-aprova-criacao-de-330-cargos-comissionados-no-stj","status":"publish","type":"post","link":"https:\/\/mussicom.com\/noticias\/senado-aprova-criacao-de-330-cargos-comissionados-no-stj\/","title":{"rendered":"Senado aprova cria\u00e7\u00e3o de 330 cargos comissionados no STJ"},"content":{"rendered":"<p> <br \/>\n<\/p>\n<div>\n<p class=\"postParagraph_post-paragraph__juWZN\">O Senado Federal aprovou nesta ter\u00e7a-feira (14) um projeto de lei que cria mais um n\u00edvel hier\u00e1rquico para os gabinetes dos ministros do Superior Tribunal de Justi\u00e7a. O projeto de lei, assim, cria 330 cargos comissionados. O sal\u00e1rio ser\u00e1 de R$ 3.663,71, e o custo anual aos cofres p\u00fablicos, de aproximadamente R$ 17,49 milh\u00f5es por ano. A fun\u00e7\u00e3o estar\u00e1 hierarquicamente acima dos atuais comissionados.<\/p>\n<p class=\"postParagraph_post-paragraph__juWZN\">A relatora do projeto, no entanto, diz que n\u00e3o haver\u00e1 impacto no or\u00e7amento. O relat\u00f3rio da senadora Dorinha Seabra (Uni\u00e3o-TO) diz que &#8220;os recursos j\u00e1 est\u00e3o inclu\u00eddos no teto or\u00e7ament\u00e1rio do STJ para 2025.&#8221; Ainda de acordo com o projeto,  a cria\u00e7\u00e3o dos cargos \u201catende a uma necessidade concreta da Corte, consistente com a valoriza\u00e7\u00e3o e a reten\u00e7\u00e3o de servidores qualificados para o exerc\u00edcio de atividades de alta complexidade.\u201d<\/p>\n<div class=\"postViewMore_post-view-more-container___5wai\" data-mrf-recirculation=\"Post - Veja tamb\u00e9m\">\n<p class=\"gp-styles-module-size-small-afeYRa gp-styles-module-font-family2-afeYRa gp-styles-module-color-secondary-afeYRa gp-styles-module-weight-bold-afeYRa\">VEJA TAMB\u00c9M:<\/p>\n<ul class=\"postViewMore_post-view-more-list__CU_CE\">\n<li class=\"postViewMore_post-view-more-item__2MzRb\"><span class=\"postViewMore_post-view-more-link-icon___stPC\"><svg xmlns=\"http:\/\/www.w3.org\/2000\/svg\" width=\"16\" height=\"16\" viewbox=\"0 0 16 16\"><rect width=\"16\" height=\"16\" fill=\"none\"\/><g transform=\"translate(3 3)\"><path d=\"M22.5,15l3.4,3.4-3.4,3.4\" transform=\"translate(-15.896 -11.793)\" fill=\"none\" stroke=\"#717171\" stroke-linecap=\"round\" stroke-width=\"1.4\"\/><path d=\"M6,6v4.2a2.452,2.452,0,0,0,2.5,2.4H16\" transform=\"translate(-6 -6)\" fill=\"none\" stroke=\"#717171\" stroke-linecap=\"round\" stroke-width=\"1.4\"\/><\/g><\/svg><\/span><span class=\"postViewMore_post-view-more-link-text__hO_kM\">Com atuais cotados, STF pode passar 9 anos sem aposentadorias; veja proje\u00e7\u00f5es<\/span><\/li>\n<li class=\"postViewMore_post-view-more-item__2MzRb\"><span class=\"postViewMore_post-view-more-link-icon___stPC\"><svg xmlns=\"http:\/\/www.w3.org\/2000\/svg\" width=\"16\" height=\"16\" viewbox=\"0 0 16 16\"><rect width=\"16\" height=\"16\" fill=\"none\"\/><g transform=\"translate(3 3)\"><path d=\"M22.5,15l3.4,3.4-3.4,3.4\" transform=\"translate(-15.896 -11.793)\" fill=\"none\" stroke=\"#717171\" stroke-linecap=\"round\" stroke-width=\"1.4\"\/><path d=\"M6,6v4.2a2.452,2.452,0,0,0,2.5,2.4H16\" transform=\"translate(-6 -6)\" fill=\"none\" stroke=\"#717171\" stroke-linecap=\"round\" stroke-width=\"1.4\"\/><\/g><\/svg><\/span><span class=\"postViewMore_post-view-more-link-text__hO_kM\">Fund\u00e3o eleitoral avan\u00e7a ainda mais sobre dinheiro do pagador de impostos<\/span><\/li>\n<\/ul>\n<\/div>\n<h2 class=\"postParagraph_post-paragraph__juWZN postParagraph_type-tag-h2__TtFkT\">Como \u00e9 hoje?<\/h2>\n<p class=\"postParagraph_post-paragraph__juWZN\">Atualmente, cada um dos 33 ministros possui 38 funcion\u00e1rios em seus gabinetes. Desses, 22 s\u00e3o comissionados. Em outras palavras, 1.254 servidores, sendo 726 comissionados. O custo anual aos cofres p\u00fablicos, sem contar os cargos rec\u00e9m-criados, \u00e9 de quase R$ 18 milh\u00f5es. Dois dos n\u00edveis hier\u00e1rquicos, por\u00e9m, ser\u00e3o remanejados para outras fun\u00e7\u00f5es dentro da Corte, de acordo com o relat\u00f3rio. Esses n\u00edveis respondem por 693 servidores.<\/p>\n<p class=\"postParagraph_post-paragraph__juWZN\">&#8220;Segundo a Presid\u00eancia do Tribunal, o esfor\u00e7o cont\u00ednuo para redu\u00e7\u00e3o do acervo processual exige servidores mais qualificados, capazes de lidar com causas complexas. Destaca-se que a atua\u00e7\u00e3o do Presidente do STJ, ao filtrar de imediato recursos inadmiss\u00edveis ou repetitivos, concentra nos gabinetes dos demais ministros processos de maior complexidade, exigindo suporte t\u00e9cnico mais especializado. Contudo, a manuten\u00e7\u00e3o dos atuais n\u00edveis de fun\u00e7\u00e3o gera dificuldade em reter servidores, que muitas vezes preferem lota\u00e7\u00e3o em outras unidades do Tribunal com rotinas menos intensas, ainda que sem acr\u00e9scimo remunerat\u00f3rio&#8221;, acrescenta o relat\u00f3rio.<\/p>\n<p class=\"postParagraph_post-paragraph__juWZN\">Agora, o projeto vai do Senado \u00e0 san\u00e7\u00e3o do presidente Lula (PT).<\/p>\n<\/div>\n<p><br \/>\n<br \/>Fonte: <a href=\"https:\/\/www.gazetadopovo.com.br\/republica\/senado-aprova-criacao-de-330-cargos-comissionados-no-stj\/\">Revista Oeste<\/a><\/p>\n","protected":false},"excerpt":{"rendered":"<p>O Senado Federal aprovou nesta ter\u00e7a-feira (14) um projeto de lei que cria mais um n\u00edvel hier\u00e1rquico para os gabinetes dos ministros do Superior Tribunal de Justi\u00e7a. O projeto de lei, assim, cria 330 cargos comissionados. O sal\u00e1rio ser\u00e1 de R$ 3.663,71, e o custo anual aos cofres p\u00fablicos, de aproximadamente R$ 17,49 milh\u00f5es por [&hellip;]<\/p>\n","protected":false},"author":5,"featured_media":49343,"comment_status":"open","ping_status":"open","sticky":false,"template":"","format":"standard","meta":{"_seopress_robots_primary_cat":"","_seopress_titles_title":"","_seopress_titles_desc":"","_seopress_robots_index":"","footnotes":""},"categories":[1],"tags":[],"class_list":["post-49342","post","type-post","status-publish","format-standard","has-post-thumbnail","hentry","category-ultimas-noticias"],"_links":{"self":[{"href":"https:\/\/mussicom.com\/noticias\/wp-json\/wp\/v2\/posts\/49342","targetHints":{"allow":["GET"]}}],"collection":[{"href":"https:\/\/mussicom.com\/noticias\/wp-json\/wp\/v2\/posts"}],"about":[{"href":"https:\/\/mussicom.com\/noticias\/wp-json\/wp\/v2\/types\/post"}],"author":[{"embeddable":true,"href":"https:\/\/mussicom.com\/noticias\/wp-json\/wp\/v2\/users\/5"}],"replies":[{"embeddable":true,"href":"https:\/\/mussicom.com\/noticias\/wp-json\/wp\/v2\/comments?post=49342"}],"version-history":[{"count":0,"href":"https:\/\/mussicom.com\/noticias\/wp-json\/wp\/v2\/posts\/49342\/revisions"}],"wp:featuredmedia":[{"embeddable":true,"href":"https:\/\/mussicom.com\/noticias\/wp-json\/wp\/v2\/media\/49343"}],"wp:attachment":[{"href":"https:\/\/mussicom.com\/noticias\/wp-json\/wp\/v2\/media?parent=49342"}],"wp:term":[{"taxonomy":"category","embeddable":true,"href":"https:\/\/mussicom.com\/noticias\/wp-json\/wp\/v2\/categories?post=49342"},{"taxonomy":"post_tag","embeddable":true,"href":"https:\/\/mussicom.com\/noticias\/wp-json\/wp\/v2\/tags?post=49342"}],"curies":[{"name":"wp","href":"https:\/\/api.w.org\/{rel}","templated":true}]}}