{"id":49334,"date":"2025-10-14T20:55:14","date_gmt":"2025-10-14T23:55:14","guid":{"rendered":"https:\/\/mussicom.com\/uva-apresenta-bom-desenvolvimento-nas-lavouras-do-rs\/"},"modified":"2025-10-14T20:55:14","modified_gmt":"2025-10-14T23:55:14","slug":"uva-apresenta-bom-desenvolvimento-nas-lavouras-do-rs","status":"publish","type":"post","link":"https:\/\/mussicom.com\/noticias\/uva-apresenta-bom-desenvolvimento-nas-lavouras-do-rs\/","title":{"rendered":"Uva apresenta bom desenvolvimento nas lavouras do RS"},"content":{"rendered":"<p> <br \/>\n<\/p>\n<div>\n<div class=\"row\">\n<div class=\"col-lg col-infos mt-0 mt-lg-0\">\n<div class=\"section-sub-title\">\n<p itemprop=\"description\">&#13;<br \/>\n                                Produtores mant\u00eam preven\u00e7\u00e3o contra doen\u00e7as nas videiras&#13;\n                            <\/p>\n<\/p><\/div>\n<div class=\"container\">\n<div class=\"row\">\n<div class=\"col-lg p-0\">\n<div>\n<div class=\"block-news-main-infos mt-3 text-start\">\n<p>                                            <strong class=\"fn\" itemprop=\"author\" style=\"color: rgb(112, 112, 112); \">&#13;<br \/>\n                                                Agrolink&#13;<br \/>\n&#13;<br \/>\n                                                    &#8211; Seane Lennon&#13;<br \/>\n&#13;<br \/>\n                                            <\/strong><br \/>\n                                        <\/p>\n<p>                                            <abbr><time datetime=\"2025 - 10 - 14T19:10\" itemprop=\"datePublished dateModified\"> Publicado em 14\/10\/2025 \u00e0s 19:10h.<\/time><\/abbr>\n                                    <\/div>\n<\/p><\/div>\n<\/p><\/div>\n<div class=\"col-lg p-0 text-lg-end\">\n<div>\n<div id=\"mdEnviarPagina\" class=\"modal fade\" role=\"dialog\">\n<div class=\"modal-dialog\">\n<div class=\"modal-content\">\n<div class=\"modal-body\">\n<p><strong>Estimado usu\u00e1rio.<\/strong><br \/>Preencha o formul\u00e1rio abaixo para remeter a p\u00e1gina.<\/p>\n<\/p><\/div>\n<\/p><\/div>\n<\/p><\/div>\n<\/div><\/div>\n<\/p><\/div>\n<\/p><\/div>\n<\/p><\/div>\n<\/p><\/div>\n<\/p><\/div>\n<div class=\"row justify-content-md-center mt-3\">\n<div class=\"col-lg-auto col-image block-news-main-image\">\n<p>                                <br \/>\n                                                <span class=\"publicity-photo d-block mt-1\">Foto: Divulga\u00e7\u00e3o<\/span><\/p><\/div>\n<\/p><\/div>\n<div class=\"section-description section-description-noticias mt-3\">\n<p style=\"text-align:justify\">De acordo com o Informativo Conjuntural divulgado pela Emater\/RS-Ascar nesta quinta-feira (9), as lavouras de uva na regi\u00e3o administrativa de Caxias do Sul apresentam pleno desenvolvimento vegetativo. N\u00e3o foram registrados ataques severos de doen\u00e7as f\u00fangicas ou pragas, mas os produtores seguem adotando medidas preventivas contra antracnose e escoriose. \u201cA brota\u00e7\u00e3o est\u00e1 excelente, e h\u00e1 boas perspectivas de produ\u00e7\u00e3o\u201d, informa o boletim. As variedades superprecoces, como V\u00eanus, est\u00e3o em fase de enchimento de baga, com condi\u00e7\u00f5es adequadas de sanidade e produtividade.&#13;\n<\/p>\n<p style=\"text-align:justify\">Os viticultores, no entanto, enfrentam dificuldades para adquirir mudas acompanhadas pelo Programa Uvas de Qualidade da Embrapa. A maioria tem feito encomendas para o ciclo de plantio de 2026.<\/p>\n<p style=\"text-align:justify\">Na regi\u00e3o de Bag\u00e9, em Quara\u00ed, a ocorr\u00eancia de granizo atingiu parte dos parreirais. As \u00e1reas em brota\u00e7\u00e3o recebem tratamento preventivo com fungicidas, e os produtores ampliaram os pomares, que somam 96 hectares no munic\u00edpio.<\/p>\n<p style=\"text-align:justify\">Na regi\u00e3o de Frederico Westphalen, as cultivares est\u00e3o em diferentes fases de desenvolvimento. A variedade V\u00eanus est\u00e1 entre os est\u00e1gios de gr\u00e3o chumbinho e gr\u00e3o ervilha; Bord\u00f4 entre flores separadas e 25% de flores abertas; Ni\u00e1gara Rosada e Branca est\u00e3o em pleno florescimento; e outras cultivares, como Lorena e Carmem, variam entre infloresc\u00eancia desenvolvida e in\u00edcio de florescimento. As horas de frio acumuladas no inverno superaram o necess\u00e1rio para a quebra de dorm\u00eancia, o que reduziu ou eliminou a necessidade de aplica\u00e7\u00f5es qu\u00edmicas. A brota\u00e7\u00e3o est\u00e1 uniforme e vigorosa, favorecendo o ciclo produtivo.&#13;\n<\/p>\n<p style=\"text-align:justify\">Em Alpestre, os produtores realizam pr\u00e1ticas de manejo t\u00edpicas da primavera, etapa essencial para o desenvolvimento vegetativo e reprodutivo das videiras.<\/p>\n<\/p><\/div>\n<\/p><\/div>\n<p><script data-cfasync=\"false\">\n    !function (f, b, e, v, n, t, s) {\n        if (f.fbq) return; n = f.fbq = function () {\n            n.callMethod ?\n                n.callMethod.apply(n, arguments) : n.queue.push(arguments)\n        };\n        if (!f._fbq) f._fbq = n; n.push = n; n.loaded = !0; n.version = '2.0';\n        n.queue = []; t = b.createElement(e); t.async = !0;\n        t.src = v; s = b.getElementsByTagName(e)[0];\n        s.parentNode.insertBefore(t, s)\n    }(window, document, 'script',\n        'https:\/\/connect.facebook.net\/en_US\/fbevents.js');\n    fbq('init', '522546078623747');\n    fbq('track', 'PageView');\n<\/script><br \/>\n<br \/><br \/>\n<br \/>Fonte: <a href=\"https:\/\/www.agrolink.com.br\/noticias\/uva-apresenta-bom-desenvolvimento-nas-lavouras-do-rs_506966.html\">AGROLINK<\/a><\/p>\n","protected":false},"excerpt":{"rendered":"<p>&#13; Produtores mant\u00eam preven\u00e7\u00e3o contra doen\u00e7as nas videiras&#13; &#13; Agrolink&#13; &#13; &#8211; Seane Lennon&#13; &#13; Publicado em 14\/10\/2025 \u00e0s 19:10h. Estimado usu\u00e1rio.Preencha o formul\u00e1rio abaixo para remeter a p\u00e1gina. Foto: Divulga\u00e7\u00e3o De acordo com o Informativo Conjuntural divulgado pela Emater\/RS-Ascar nesta quinta-feira (9), as lavouras de uva na regi\u00e3o administrativa de Caxias do Sul apresentam [&hellip;]<\/p>\n","protected":false},"author":5,"featured_media":34108,"comment_status":"open","ping_status":"open","sticky":false,"template":"","format":"standard","meta":{"_seopress_robots_primary_cat":"","_seopress_titles_title":"","_seopress_titles_desc":"","_seopress_robots_index":"","footnotes":""},"categories":[53],"tags":[],"class_list":["post-49334","post","type-post","status-publish","format-standard","has-post-thumbnail","hentry","category-agronegocio"],"_links":{"self":[{"href":"https:\/\/mussicom.com\/noticias\/wp-json\/wp\/v2\/posts\/49334","targetHints":{"allow":["GET"]}}],"collection":[{"href":"https:\/\/mussicom.com\/noticias\/wp-json\/wp\/v2\/posts"}],"about":[{"href":"https:\/\/mussicom.com\/noticias\/wp-json\/wp\/v2\/types\/post"}],"author":[{"embeddable":true,"href":"https:\/\/mussicom.com\/noticias\/wp-json\/wp\/v2\/users\/5"}],"replies":[{"embeddable":true,"href":"https:\/\/mussicom.com\/noticias\/wp-json\/wp\/v2\/comments?post=49334"}],"version-history":[{"count":0,"href":"https:\/\/mussicom.com\/noticias\/wp-json\/wp\/v2\/posts\/49334\/revisions"}],"wp:featuredmedia":[{"embeddable":true,"href":"https:\/\/mussicom.com\/noticias\/wp-json\/wp\/v2\/media\/34108"}],"wp:attachment":[{"href":"https:\/\/mussicom.com\/noticias\/wp-json\/wp\/v2\/media?parent=49334"}],"wp:term":[{"taxonomy":"category","embeddable":true,"href":"https:\/\/mussicom.com\/noticias\/wp-json\/wp\/v2\/categories?post=49334"},{"taxonomy":"post_tag","embeddable":true,"href":"https:\/\/mussicom.com\/noticias\/wp-json\/wp\/v2\/tags?post=49334"}],"curies":[{"name":"wp","href":"https:\/\/api.w.org\/{rel}","templated":true}]}}