{"id":49323,"date":"2025-10-14T19:54:14","date_gmt":"2025-10-14T22:54:14","guid":{"rendered":"https:\/\/mussicom.com\/canola-mantem-produtividade-dentro-da-expectativa\/"},"modified":"2025-10-14T19:54:14","modified_gmt":"2025-10-14T22:54:14","slug":"canola-mantem-produtividade-dentro-da-expectativa","status":"publish","type":"post","link":"https:\/\/mussicom.com\/noticias\/canola-mantem-produtividade-dentro-da-expectativa\/","title":{"rendered":"Canola mant\u00e9m produtividade dentro da expectativa"},"content":{"rendered":"<p> <br \/>\n<\/p>\n<div>\n<p style=\"text-align:justify\">De acordo com o Informativo Conjuntural divulgado nesta quinta-feira (9) pela Emater\/RS-Ascar, as lavouras de canola apresentam desempenho adequado nas fases de enchimento de gr\u00e3os, com 55% da \u00e1rea nessa etapa, e matura\u00e7\u00e3o fisiol\u00f3gica, com 36%. As condi\u00e7\u00f5es clim\u00e1ticas, caracterizadas por temperaturas amenas e chuvas bem distribu\u00eddas, favoreceram o desenvolvimento das plantas, a forma\u00e7\u00e3o das s\u00edliquas e o ac\u00famulo de \u00f3leo nos gr\u00e3os. A colheita atinge 6% da \u00e1rea semeada.&#13;\n<\/p>\n<p style=\"text-align:justify\">No per\u00edodo, foi realizado o manejo pr\u00e9-colheita, com aplica\u00e7\u00e3o de uniformizadores de matura\u00e7\u00e3o e controladores de deisc\u00eancia das s\u00edliquas, com o objetivo de reduzir perdas por abertura prematura e facilitar a colheita mec\u00e2nica. As lavouras que tiveram problemas de estabelecimento inicial apresentam menor potencial produtivo, mas o desempenho geral segue conforme o esperado.<\/p>\n<p style=\"text-align:justify\">O estado fitossanit\u00e1rio \u00e9 considerado adequado, com baixa incid\u00eancia de doen\u00e7as f\u00fangicas. A ocorr\u00eancia da tra\u00e7a-das-cruc\u00edferas tem sido recorrente em diversas regi\u00f5es, exigindo monitoramento constante e aplica\u00e7\u00f5es sequenciais de inseticidas seletivos para evitar perdas de produtividade. A Emater\/RS-Ascar projeta \u00e1rea de 203.206 hectares e produtividade de 1.737 kg por hectare.<\/p>\n<p style=\"text-align:justify\">Na regi\u00e3o administrativa de Frederico Westphalen, 10% das lavouras est\u00e3o em florescimento, 75% em enchimento de gr\u00e3os, 10% em matura\u00e7\u00e3o e 5% colhidas. Os cultivos apresentam bom estado sanit\u00e1rio em rela\u00e7\u00e3o a doen\u00e7as. A presen\u00e7a da tra\u00e7a-das-cruc\u00edferas exige aplica\u00e7\u00f5es sequenciais de inseticidas, com \u00eanfase em estrat\u00e9gias de manejo integrado para reduzir impactos sobre polinizadores e inimigos naturais da praga.&#13;\n<\/p>\n<p style=\"text-align:justify\">Na regi\u00e3o de Iju\u00ed, 62% das \u00e1reas est\u00e3o em enchimento de gr\u00e3os, 32% em matura\u00e7\u00e3o e 5% colhidas. O potencial produtivo est\u00e1 praticamente definido, com adequada uniformidade e enchimento de s\u00edliquas. A germina\u00e7\u00e3o e a emerg\u00eancia foram adequadas, resultando em plantas de tamanho homog\u00eaneo.<\/p>\n<p style=\"text-align:justify\">Na regi\u00e3o de Passo Fundo, predomina a matura\u00e7\u00e3o fisiol\u00f3gica, com 65% da \u00e1rea nessa etapa. As demais lavouras est\u00e3o em enchimento de gr\u00e3os (25%), maduras por colher (10%) e colhidas (10%). A produtividade m\u00e9dia alcan\u00e7a 1.800 kg por hectare, dentro da m\u00e9dia regional dos \u00faltimos anos.<\/p>\n<p style=\"text-align:justify\">Na regi\u00e3o de Santa Rosa, 47% das lavouras est\u00e3o em enchimento de gr\u00e3os, 44% em matura\u00e7\u00e3o e 9% colhidas. A uniformidade das \u00e1reas indica produtividade dentro da expectativa inicial, favorecida pelas condi\u00e7\u00f5es clim\u00e1ticas. As \u00e1reas mais tardias apresentam bom potencial produtivo, com s\u00edliquas bem formadas e adequado ac\u00famulo de \u00f3leo. O controle de pragas e doen\u00e7as \u00e9 mantido com manejo fitossanit\u00e1rio preventivo.&#13;\n<\/p>\n<p style=\"text-align:justify\">Na regi\u00e3o de Soledade, 90% das lavouras est\u00e3o em enchimento de gr\u00e3os e 10% em matura\u00e7\u00e3o. As condi\u00e7\u00f5es clim\u00e1ticas t\u00eam favorecido o desenvolvimento das plantas e o enchimento das s\u00edliquas, resultando em proje\u00e7\u00f5es de produtividade dentro da normalidade.<\/p>\n<\/p><\/div>\n<p><script data-cfasync=\"false\">\n    !function (f, b, e, v, n, t, s) {\n        if (f.fbq) return; n = f.fbq = function () {\n            n.callMethod ?\n                n.callMethod.apply(n, arguments) : n.queue.push(arguments)\n        };\n        if (!f._fbq) f._fbq = n; n.push = n; n.loaded = !0; n.version = '2.0';\n        n.queue = []; t = b.createElement(e); t.async = !0;\n        t.src = v; s = b.getElementsByTagName(e)[0];\n        s.parentNode.insertBefore(t, s)\n    }(window, document, 'script',\n        'https:\/\/connect.facebook.net\/en_US\/fbevents.js');\n    fbq('init', '522546078623747');\n    fbq('track', 'PageView');\n<\/script><br \/>\n<br \/><br \/>\n<br \/>Fonte: <a href=\"https:\/\/www.agrolink.com.br\/noticias\/canola-mantem-produtividade-dentro-da-expectativa_506963.html\">AGROLINK<\/a><\/p>\n","protected":false},"excerpt":{"rendered":"<p>De acordo com o Informativo Conjuntural divulgado nesta quinta-feira (9) pela Emater\/RS-Ascar, as lavouras de canola apresentam desempenho adequado nas fases de enchimento de gr\u00e3os, com 55% da \u00e1rea nessa etapa, e matura\u00e7\u00e3o fisiol\u00f3gica, com 36%. As condi\u00e7\u00f5es clim\u00e1ticas, caracterizadas por temperaturas amenas e chuvas bem distribu\u00eddas, favoreceram o desenvolvimento das plantas, a forma\u00e7\u00e3o das [&hellip;]<\/p>\n","protected":false},"author":5,"featured_media":30889,"comment_status":"open","ping_status":"open","sticky":false,"template":"","format":"standard","meta":{"_seopress_robots_primary_cat":"","_seopress_titles_title":"","_seopress_titles_desc":"","_seopress_robots_index":"","footnotes":""},"categories":[53],"tags":[],"class_list":["post-49323","post","type-post","status-publish","format-standard","has-post-thumbnail","hentry","category-agronegocio"],"_links":{"self":[{"href":"https:\/\/mussicom.com\/noticias\/wp-json\/wp\/v2\/posts\/49323","targetHints":{"allow":["GET"]}}],"collection":[{"href":"https:\/\/mussicom.com\/noticias\/wp-json\/wp\/v2\/posts"}],"about":[{"href":"https:\/\/mussicom.com\/noticias\/wp-json\/wp\/v2\/types\/post"}],"author":[{"embeddable":true,"href":"https:\/\/mussicom.com\/noticias\/wp-json\/wp\/v2\/users\/5"}],"replies":[{"embeddable":true,"href":"https:\/\/mussicom.com\/noticias\/wp-json\/wp\/v2\/comments?post=49323"}],"version-history":[{"count":0,"href":"https:\/\/mussicom.com\/noticias\/wp-json\/wp\/v2\/posts\/49323\/revisions"}],"wp:featuredmedia":[{"embeddable":true,"href":"https:\/\/mussicom.com\/noticias\/wp-json\/wp\/v2\/media\/30889"}],"wp:attachment":[{"href":"https:\/\/mussicom.com\/noticias\/wp-json\/wp\/v2\/media?parent=49323"}],"wp:term":[{"taxonomy":"category","embeddable":true,"href":"https:\/\/mussicom.com\/noticias\/wp-json\/wp\/v2\/categories?post=49323"},{"taxonomy":"post_tag","embeddable":true,"href":"https:\/\/mussicom.com\/noticias\/wp-json\/wp\/v2\/tags?post=49323"}],"curies":[{"name":"wp","href":"https:\/\/api.w.org\/{rel}","templated":true}]}}