{"id":49284,"date":"2025-10-14T15:56:17","date_gmt":"2025-10-14T18:56:17","guid":{"rendered":"https:\/\/mussicom.com\/carreta-tomba-e-derruba-algodao-em-cubatao\/"},"modified":"2025-10-14T15:56:17","modified_gmt":"2025-10-14T18:56:17","slug":"carreta-tomba-e-derruba-algodao-em-cubatao","status":"publish","type":"post","link":"https:\/\/mussicom.com\/noticias\/carreta-tomba-e-derruba-algodao-em-cubatao\/","title":{"rendered":"Carreta tomba e derruba algod\u00e3o em Cubat\u00e3o"},"content":{"rendered":"<p> <br \/>\n<\/p>\n<div><\/p>\n<div>Na manh\u00e3 desta ter\u00e7a-feira (14), uma carreta tombou no km 277 da Rodovia Padre Manoel da N\u00f3brega, em Cubat\u00e3o, sentido capital<\/div>\n<\/div>\n<p><br \/>\n<br \/>Fonte: <a href=\"https:\/\/jornaldaorla.com.br\/noticias\/carreta-tomba-e-derruba-algodao-em-cubatao\/\">Jornal Da Orla<\/a><\/p>\n","protected":false},"excerpt":{"rendered":"<p>Na manh\u00e3 desta ter\u00e7a-feira (14), uma carreta tombou no km 277 da Rodovia Padre Manoel da N\u00f3brega, em Cubat\u00e3o, sentido capital Fonte: Jornal Da Orla<\/p>\n","protected":false},"author":5,"featured_media":49285,"comment_status":"open","ping_status":"open","sticky":false,"template":"","format":"standard","meta":{"_seopress_robots_primary_cat":"","_seopress_titles_title":"","_seopress_titles_desc":"","_seopress_robots_index":"","footnotes":""},"categories":[52],"tags":[],"class_list":["post-49284","post","type-post","status-publish","format-standard","has-post-thumbnail","hentry","category-santoseregiao"],"_links":{"self":[{"href":"https:\/\/mussicom.com\/noticias\/wp-json\/wp\/v2\/posts\/49284","targetHints":{"allow":["GET"]}}],"collection":[{"href":"https:\/\/mussicom.com\/noticias\/wp-json\/wp\/v2\/posts"}],"about":[{"href":"https:\/\/mussicom.com\/noticias\/wp-json\/wp\/v2\/types\/post"}],"author":[{"embeddable":true,"href":"https:\/\/mussicom.com\/noticias\/wp-json\/wp\/v2\/users\/5"}],"replies":[{"embeddable":true,"href":"https:\/\/mussicom.com\/noticias\/wp-json\/wp\/v2\/comments?post=49284"}],"version-history":[{"count":0,"href":"https:\/\/mussicom.com\/noticias\/wp-json\/wp\/v2\/posts\/49284\/revisions"}],"wp:featuredmedia":[{"embeddable":true,"href":"https:\/\/mussicom.com\/noticias\/wp-json\/wp\/v2\/media\/49285"}],"wp:attachment":[{"href":"https:\/\/mussicom.com\/noticias\/wp-json\/wp\/v2\/media?parent=49284"}],"wp:term":[{"taxonomy":"category","embeddable":true,"href":"https:\/\/mussicom.com\/noticias\/wp-json\/wp\/v2\/categories?post=49284"},{"taxonomy":"post_tag","embeddable":true,"href":"https:\/\/mussicom.com\/noticias\/wp-json\/wp\/v2\/tags?post=49284"}],"curies":[{"name":"wp","href":"https:\/\/api.w.org\/{rel}","templated":true}]}}