{"id":49211,"date":"2025-10-14T08:29:15","date_gmt":"2025-10-14T11:29:15","guid":{"rendered":"https:\/\/mussicom.com\/sabado-e-dia-d-da-campanha-nacional-de-vacinacao\/"},"modified":"2025-10-14T08:29:15","modified_gmt":"2025-10-14T11:29:15","slug":"sabado-e-dia-d-da-campanha-nacional-de-vacinacao","status":"publish","type":"post","link":"https:\/\/mussicom.com\/noticias\/sabado-e-dia-d-da-campanha-nacional-de-vacinacao\/","title":{"rendered":"S\u00e1bado \u00e9 Dia D da Campanha Nacional de Vacina\u00e7\u00e3o"},"content":{"rendered":"<p> <br \/>\n<\/p>\n<div>\n<p>O Minist\u00e9rio da Sa\u00fade promove no pr\u00f3ximo s\u00e1bado (18)\u00a0o Dia D de mobiliza\u00e7\u00e3o nacional pela vacina\u00e7\u00e3o. Tradi\u00e7\u00e3o da Funda\u00e7\u00e3o Oswaldo Cruz (Fiocruz), o evento celebra a sa\u00fade e a cidadania, oferecendo gratuitamente vacinas\u00a0para crian\u00e7as e adultos, al\u00e9m de atividades culturais, a\u00e7\u00f5es de divulga\u00e7\u00e3o cient\u00edfica e iniciativas de promo\u00e7\u00e3o da sa\u00fade. O slogan\u00a0deste ano \u00e9\u00a0<em>Vacina \u00e9 vida<\/em>.<img decoding=\"async\" src=\"https:\/\/agenciabrasil.ebc.com.br\/ebc.gif?id=1662726&amp;o=node\" style=\"width:1px; height:1px; display:inline;\"\/><\/p>\n<p><strong>O evento integra as comemora\u00e7\u00f5es dos 125 anos da institui\u00e7\u00e3o, reafirmando o compromisso com a ci\u00eancia e a vida.<\/strong><\/p>\n<blockquote>\n<p>\u201cNa Fiocruz, produzimos vacina, acreditamos na vacina e celebramos a vacina. H\u00e1 125 anos trabalhamos em prol da sa\u00fade e da vida das pessoas\u201d, refor\u00e7a o presidente da Funda\u00e7\u00e3o, Mario Moreira.<\/p>\n<\/blockquote>\n<p>No Rio de Janeiro, o <em>Fiocruz pra Voc\u00ea 2025<\/em> ocorrer\u00e1 no campus de Manguinhos, das 8h \u00e0s 17h, com entrada gratuita e classifica\u00e7\u00e3o livre. Ser\u00e3o oferecidas vacinas para diferentes faixas et\u00e1rias. Os respons\u00e1veis devem levar a caderneta de vacina\u00e7\u00e3o da crian\u00e7a e do adolescente. As crian\u00e7as de 2 meses a 4 anos, 11 meses e 29 dias poder\u00e3o tomar as vacinas Inativada Poliomielite (VIP), Pentavalente e Pneumoc\u00f3cica 10. Adultos tamb\u00e9m poder\u00e3o apresentar documento oficial com foto para se imunizar contra a covid-19 e influenza.<\/p>\n<p><strong>Al\u00e9m da imuniza\u00e7\u00e3o, o p\u00fablico encontrar\u00e1 uma programa\u00e7\u00e3o repleta de atra\u00e7\u00f5es culturais, espa\u00e7os de lazer e oficinas interativas, voltadas \u00e0 divulga\u00e7\u00e3o cient\u00edfica e \u00e0 promo\u00e7\u00e3o da sa\u00fade.<\/strong><\/p>\n<blockquote>\n<p>\u201cSe voc\u00ea mora no Rio, venha celebrar com a gente. Especialmente, se voc\u00ea mora no entorno, nas proximidades, \u00e9 nosso convidado especial. \u00c9 um dia de vacina, de cultura, de brincadeiras, de divers\u00e3o, mas tamb\u00e9m de muita conscientiza\u00e7\u00e3o\u201d, convida Mario Moreira.<\/p>\n<\/blockquote>\n<p><strong>A programa\u00e7\u00e3o ser\u00e1 ampla e diversificada, com atividades para todas as idades\u00a0\u2014 crian\u00e7as, jovens, adultos e idosos. Haver\u00e1 atividades de norte a sul do pa\u00eds, nas cidades de Manaus, Porto Velho, Bras\u00edlia, Eus\u00e9bio (CE), Teresina, Salvador, Rio de Janeiro, Belo Horizonte, Ribeir\u00e3o Preto (SP) e Curitiba, que sediam unidades da Fiocruz.<\/strong><\/p>\n<p>Criado\u00a0em 1994, o Fiocruz pra Voc\u00ea nasceu como uma a\u00e7\u00e3o de promo\u00e7\u00e3o da cidadania e enfrentamento da viol\u00eancia nas comunidades pr\u00f3ximas \u00e0 funda\u00e7\u00e3o. Desde ent\u00e3o, o evento se consolidou como um marco anual de integra\u00e7\u00e3o entre a ci\u00eancia e a sociedade, reafirmando os valores da institui\u00e7\u00e3o: promover sa\u00fade, desenvolvimento social e conhecimento cient\u00edfico a servi\u00e7o da vida.<\/p>\n<p>      <!-- Relacionada --><\/p>\n<p>            <!-- Relacionada -->\n    <\/div>\n<p><br \/>\n<br \/>Fonte: <a href=\"https:\/\/agenciabrasil.ebc.com.br\/saude\/noticia\/2025-10\/sabado-e-dia-d-da-campanha-nacional-de-vacinacao\">Ag\u00eancia Brasil<\/a><\/p>\n","protected":false},"excerpt":{"rendered":"<p>O Minist\u00e9rio da Sa\u00fade promove no pr\u00f3ximo s\u00e1bado (18)\u00a0o Dia D de mobiliza\u00e7\u00e3o nacional pela vacina\u00e7\u00e3o. Tradi\u00e7\u00e3o da Funda\u00e7\u00e3o Oswaldo Cruz (Fiocruz), o evento celebra a sa\u00fade e a cidadania, oferecendo gratuitamente vacinas\u00a0para crian\u00e7as e adultos, al\u00e9m de atividades culturais, a\u00e7\u00f5es de divulga\u00e7\u00e3o cient\u00edfica e iniciativas de promo\u00e7\u00e3o da sa\u00fade. O slogan\u00a0deste ano \u00e9\u00a0Vacina \u00e9 [&hellip;]<\/p>\n","protected":false},"author":5,"featured_media":26210,"comment_status":"open","ping_status":"open","sticky":false,"template":"","format":"standard","meta":{"_seopress_robots_primary_cat":"","_seopress_titles_title":"","_seopress_titles_desc":"","_seopress_robots_index":"","footnotes":""},"categories":[46],"tags":[],"class_list":["post-49211","post","type-post","status-publish","format-standard","has-post-thumbnail","hentry","category-saude"],"_links":{"self":[{"href":"https:\/\/mussicom.com\/noticias\/wp-json\/wp\/v2\/posts\/49211","targetHints":{"allow":["GET"]}}],"collection":[{"href":"https:\/\/mussicom.com\/noticias\/wp-json\/wp\/v2\/posts"}],"about":[{"href":"https:\/\/mussicom.com\/noticias\/wp-json\/wp\/v2\/types\/post"}],"author":[{"embeddable":true,"href":"https:\/\/mussicom.com\/noticias\/wp-json\/wp\/v2\/users\/5"}],"replies":[{"embeddable":true,"href":"https:\/\/mussicom.com\/noticias\/wp-json\/wp\/v2\/comments?post=49211"}],"version-history":[{"count":0,"href":"https:\/\/mussicom.com\/noticias\/wp-json\/wp\/v2\/posts\/49211\/revisions"}],"wp:featuredmedia":[{"embeddable":true,"href":"https:\/\/mussicom.com\/noticias\/wp-json\/wp\/v2\/media\/26210"}],"wp:attachment":[{"href":"https:\/\/mussicom.com\/noticias\/wp-json\/wp\/v2\/media?parent=49211"}],"wp:term":[{"taxonomy":"category","embeddable":true,"href":"https:\/\/mussicom.com\/noticias\/wp-json\/wp\/v2\/categories?post=49211"},{"taxonomy":"post_tag","embeddable":true,"href":"https:\/\/mussicom.com\/noticias\/wp-json\/wp\/v2\/tags?post=49211"}],"curies":[{"name":"wp","href":"https:\/\/api.w.org\/{rel}","templated":true}]}}