{"id":49139,"date":"2025-10-13T22:33:14","date_gmt":"2025-10-14T01:33:14","guid":{"rendered":"https:\/\/mussicom.com\/semeadura-chega-a-73-da-area-prevista\/"},"modified":"2025-10-13T22:33:14","modified_gmt":"2025-10-14T01:33:14","slug":"semeadura-chega-a-73-da-area-prevista","status":"publish","type":"post","link":"https:\/\/mussicom.com\/noticias\/semeadura-chega-a-73-da-area-prevista\/","title":{"rendered":"semeadura chega a 73% da \u00e1rea prevista"},"content":{"rendered":"<p> <br \/>\n<\/p>\n<div>\n<p style=\"text-align:justify\">As chuvas registradas no per\u00edodo dificultaram a semeadura de milho em diversas regi\u00f5es do Rio Grande do Sul, segundo o Informativo Conjuntural divulgado nesta quinta-feira (9) pela Emater\/RS-Ascar. Na Fronteira Oeste, os acumulados passaram de 110 mil\u00edmetros e impediram o tr\u00e2nsito de m\u00e1quinas pesadas nas lavouras. Em algumas localidades, a chuva volumosa das semanas anteriores causou germina\u00e7\u00e3o irregular, resultando em falhas no estande de plantas. No Alto Uruguai, as baixas temperaturas reduziram o ritmo de crescimento das lavouras. A \u00e1rea semeada evoluiu apenas 1% e alcan\u00e7ou 73% do total projetado, com 99% dos cultivos em est\u00e1gio vegetativo e 1% em flora\u00e7\u00e3o. Os produtores realizam aduba\u00e7\u00e3o nitrogenada em cobertura nos est\u00e1dios V6 a V7.&#13;\n<\/p>\n<p style=\"text-align:justify\">Nas lavouras rec\u00e9m-semeadas, entre os est\u00e1dios V2 e V4, segue o manejo de plantas daninhas, especialmente no Noroeste, onde h\u00e1 maior dificuldade no controle do azev\u00e9m. O monitoramento da cigarrinha-do-milho mostra elevada incid\u00eancia no Alto Uruguai, mas baixa nas demais regi\u00f5es, sem preju\u00edzos significativos. \u201cA aplica\u00e7\u00e3o conjunta de inseticidas e herbicidas tem sido uma pr\u00e1tica adotada para reduzir custos de produ\u00e7\u00e3o\u201d, informou a Emater\/RS-Ascar. A \u00e1rea total de milho projetada para a safra 2025\/2026 \u00e9 de 785.030 hectares, com produtividade estimada em 7.376 kg\/ha.<\/p>\n<p style=\"text-align:justify\">Na Fronteira Oeste, em Bag\u00e9 e Itaqui, o excesso de chuvas atrasou a semeadura, e as plantas apresentam altura abaixo do ideal. Em Erechim, a semeadura atinge 95% da \u00e1rea projetada, com sanidade e crescimento vegetativo adequados. Em Frederico Westphalen, h\u00e1 incid\u00eancia de cigarrinha e percevejo, com aduba\u00e7\u00e3o nitrogenada em andamento.&#13;\n<\/p>\n<p style=\"text-align:justify\">Na regi\u00e3o de Iju\u00ed, o desenvolvimento inicial das lavouras ocorre em boas condi\u00e7\u00f5es, com umidade do solo favor\u00e1vel e baixa incid\u00eancia de pragas. Em Passo Fundo, 30% da \u00e1rea est\u00e1 em germina\u00e7\u00e3o e 70% em crescimento vegetativo, com prioridade para a aduba\u00e7\u00e3o nitrogenada de cobertura.<\/p>\n<p style=\"text-align:justify\">Na regi\u00e3o de Pelotas, a semeadura alcan\u00e7a 5%, com germina\u00e7\u00e3o e emerg\u00eancia adequadas. Em Santa Rosa, 88% da \u00e1rea foi semeada e est\u00e1 em fase de crescimento vegetativo, com porte entre 15 e 40 cm. O controle do azev\u00e9m enfrenta dificuldades em algumas localidades, e o monitoramento da cigarrinha continua. A produtividade projetada \u00e9 de 8.516 kg\/ha.&#13;\n<\/p>\n<p style=\"text-align:justify\">Na regi\u00e3o de Soledade, a germina\u00e7\u00e3o e a emerg\u00eancia das \u00e1reas semeadas no cedo s\u00e3o satisfat\u00f3rias. H\u00e1 monitoramento preventivo da cigarrinha-do-milho e baixa incid\u00eancia de grilos e percevejos. Em \u00e1reas tecnificadas, foi realizada a segunda aplica\u00e7\u00e3o de aduba\u00e7\u00e3o nitrogenada.<\/p>\n<\/p><\/div>\n<p><script data-cfasync=\"false\">\n    !function (f, b, e, v, n, t, s) {\n        if (f.fbq) return; n = f.fbq = function () {\n            n.callMethod ?\n                n.callMethod.apply(n, arguments) : n.queue.push(arguments)\n        };\n        if (!f._fbq) f._fbq = n; n.push = n; n.loaded = !0; n.version = '2.0';\n        n.queue = []; t = b.createElement(e); t.async = !0;\n        t.src = v; s = b.getElementsByTagName(e)[0];\n        s.parentNode.insertBefore(t, s)\n    }(window, document, 'script',\n        'https:\/\/connect.facebook.net\/en_US\/fbevents.js');\n    fbq('init', '522546078623747');\n    fbq('track', 'PageView');\n<\/script><br \/>\n<br \/><br \/>\n<br \/>Fonte: <a href=\"https:\/\/www.agrolink.com.br\/noticias\/milho--semeadura-chega-a-73--da-area-prevista_506908.html\">AGROLINK<\/a><\/p>\n","protected":false},"excerpt":{"rendered":"<p>As chuvas registradas no per\u00edodo dificultaram a semeadura de milho em diversas regi\u00f5es do Rio Grande do Sul, segundo o Informativo Conjuntural divulgado nesta quinta-feira (9) pela Emater\/RS-Ascar. Na Fronteira Oeste, os acumulados passaram de 110 mil\u00edmetros e impediram o tr\u00e2nsito de m\u00e1quinas pesadas nas lavouras. Em algumas localidades, a chuva volumosa das semanas anteriores [&hellip;]<\/p>\n","protected":false},"author":5,"featured_media":30872,"comment_status":"open","ping_status":"open","sticky":false,"template":"","format":"standard","meta":{"_seopress_robots_primary_cat":"","_seopress_titles_title":"","_seopress_titles_desc":"","_seopress_robots_index":"","footnotes":""},"categories":[53],"tags":[],"class_list":["post-49139","post","type-post","status-publish","format-standard","has-post-thumbnail","hentry","category-agronegocio"],"_links":{"self":[{"href":"https:\/\/mussicom.com\/noticias\/wp-json\/wp\/v2\/posts\/49139","targetHints":{"allow":["GET"]}}],"collection":[{"href":"https:\/\/mussicom.com\/noticias\/wp-json\/wp\/v2\/posts"}],"about":[{"href":"https:\/\/mussicom.com\/noticias\/wp-json\/wp\/v2\/types\/post"}],"author":[{"embeddable":true,"href":"https:\/\/mussicom.com\/noticias\/wp-json\/wp\/v2\/users\/5"}],"replies":[{"embeddable":true,"href":"https:\/\/mussicom.com\/noticias\/wp-json\/wp\/v2\/comments?post=49139"}],"version-history":[{"count":0,"href":"https:\/\/mussicom.com\/noticias\/wp-json\/wp\/v2\/posts\/49139\/revisions"}],"wp:featuredmedia":[{"embeddable":true,"href":"https:\/\/mussicom.com\/noticias\/wp-json\/wp\/v2\/media\/30872"}],"wp:attachment":[{"href":"https:\/\/mussicom.com\/noticias\/wp-json\/wp\/v2\/media?parent=49139"}],"wp:term":[{"taxonomy":"category","embeddable":true,"href":"https:\/\/mussicom.com\/noticias\/wp-json\/wp\/v2\/categories?post=49139"},{"taxonomy":"post_tag","embeddable":true,"href":"https:\/\/mussicom.com\/noticias\/wp-json\/wp\/v2\/tags?post=49139"}],"curies":[{"name":"wp","href":"https:\/\/api.w.org\/{rel}","templated":true}]}}