{"id":49106,"date":"2025-10-13T19:26:17","date_gmt":"2025-10-13T22:26:17","guid":{"rendered":"https:\/\/mussicom.com\/damares-cobra-respostas-sobre-prisao-de-martins\/"},"modified":"2025-10-13T19:26:17","modified_gmt":"2025-10-13T22:26:17","slug":"damares-cobra-respostas-sobre-prisao-de-martins","status":"publish","type":"post","link":"https:\/\/mussicom.com\/noticias\/damares-cobra-respostas-sobre-prisao-de-martins\/","title":{"rendered":"Damares cobra respostas sobre pris\u00e3o de Martins"},"content":{"rendered":"<p> <br \/>\n<\/p>\n<div>\n<p class=\"postParagraph_post-paragraph-innerHtml__Q5vwc\">A senadora Damares Alves (Republicanos-DF) cobrou nesta segunda-feira, em discurso na tribuna, respostas sobre o esc\u00e2ndalo envolvendo as informa\u00e7\u00f5es da pris\u00e3o do ex-assessor do governo Bolsonaro, Filipe Martins. Em especial, respostas sobre os novos desdobramentos do caso, que podem indicar atua\u00e7\u00e3o suspeita do ministro Alexandre de Moraes.<\/p>\n<p class=\"postParagraph_post-paragraph__juWZN\">\u201cFilipe Martins foi preso, foi torturado. Filipe Martins foi humilhado, porque um documento falso foi inserido no sistema dos Estados Unidos. E o que vai acontecer agora? Quem vai indenizar os meses que Filipe Martins ficou preso? Quem vai devolver a Filipe Martins parte de sua vida?\u201d, indagou a parlamentar. A transcri\u00e7\u00e3o do pronunciamento foi feita pela Ag\u00eancia Senado.<\/p>\n<div class=\"postViewMore_post-view-more-container___5wai\" data-mrf-recirculation=\"Post - Veja tamb\u00e9m\">\n<p class=\"gp-styles-module-size-small-afeYRa gp-styles-module-font-family2-afeYRa gp-styles-module-color-secondary-afeYRa gp-styles-module-weight-bold-afeYRa\">VEJA TAMB\u00c9M:<\/p>\n<ul class=\"postViewMore_post-view-more-list__CU_CE\">\n<li class=\"postViewMore_post-view-more-item__2MzRb\"><span class=\"postViewMore_post-view-more-link-icon___stPC\"><svg xmlns=\"http:\/\/www.w3.org\/2000\/svg\" width=\"16\" height=\"16\" viewbox=\"0 0 16 16\"><rect width=\"16\" height=\"16\" fill=\"none\"\/><g transform=\"translate(3 3)\"><path d=\"M22.5,15l3.4,3.4-3.4,3.4\" transform=\"translate(-15.896 -11.793)\" fill=\"none\" stroke=\"#717171\" stroke-linecap=\"round\" stroke-width=\"1.4\"\/><path d=\"M6,6v4.2a2.452,2.452,0,0,0,2.5,2.4H16\" transform=\"translate(-6 -6)\" fill=\"none\" stroke=\"#717171\" stroke-linecap=\"round\" stroke-width=\"1.4\"\/><\/g><\/svg><\/span><span class=\"postViewMore_post-view-more-link-text__hO_kM\">Dado falso para embasar pris\u00e3o de Filipe Martins pode comprometer Moraes<\/span><\/li>\n<li class=\"postViewMore_post-view-more-item__2MzRb\"><span class=\"postViewMore_post-view-more-link-icon___stPC\"><svg xmlns=\"http:\/\/www.w3.org\/2000\/svg\" width=\"16\" height=\"16\" viewbox=\"0 0 16 16\"><rect width=\"16\" height=\"16\" fill=\"none\"\/><g transform=\"translate(3 3)\"><path d=\"M22.5,15l3.4,3.4-3.4,3.4\" transform=\"translate(-15.896 -11.793)\" fill=\"none\" stroke=\"#717171\" stroke-linecap=\"round\" stroke-width=\"1.4\"\/><path d=\"M6,6v4.2a2.452,2.452,0,0,0,2.5,2.4H16\" transform=\"translate(-6 -6)\" fill=\"none\" stroke=\"#717171\" stroke-linecap=\"round\" stroke-width=\"1.4\"\/><\/g><\/svg><\/span><span class=\"postViewMore_post-view-more-link-text__hO_kM\">Cr\u00edticas \u00e0 atua\u00e7\u00e3o de Alexandre de Moraes contra Martins movimentam redes sociais<\/span><\/li>\n<\/ul>\n<\/div>\n<p class=\"postParagraph_post-paragraph-innerHtml__Q5vwc\">O discurso da senadora vem com as consequ\u00eancias de informa\u00e7\u00e3o do governo dos Estados Unidos de que Filipe Martins n\u00e3o entrou nos EUA em dezembro de 2022 e que o documento utilizado como justificativa para sua pris\u00e3o no Brasil seria falsificado. O assunto tem movimentado o debate pol\u00edtico do pa\u00eds desde a semana passada. At\u00e9 o momento, o ministro do Supremo Tribunal Federal (STF) Alexandre de Moraes n\u00e3o se pronunciou.<\/p>\n<p class=\"postParagraph_post-paragraph-innerHtml__Q5vwc\">De acordo com a parlamentar, o epis\u00f3dio levanta questionamentos sobre responsabilidades no Brasil e no exterior, j\u00e1 que o sistema norte-americano pode ter sido manipulado. Preso desde 2024, no \u00e2mbito das investiga\u00e7\u00f5es sobre uma suposta\u00a0tentativa de golpe de Estado, Martins teria sido motivada pela suposta viagem aos EUA, vista como tentativa premeditada de fuga.\u00a0<\/p>\n<p class=\"postParagraph_post-paragraph__juWZN\">\u201cMas a minha expectativa n\u00e3o \u00e9 s\u00f3 quanto a isso, n\u00e3o \u00e9 s\u00f3 saber o que a Suprema Corte vai fazer, \u00e9 saber o que os Estados Unidos far\u00e3o com essa informa\u00e7\u00e3o, porque algu\u00e9m manipulou o sistema americano. E n\u00e3o \u00e9 s\u00f3 um nome de uma pessoa: manipulou o sistema de seguran\u00e7a norte-americano. E os Estados Unidos n\u00e3o deixam isso quieto nunca\u201d, disse.<\/p>\n<h2 class=\"postParagraph_post-paragraph__juWZN postParagraph_type-tag-h2__TtFkT\">Martins iniciou pris\u00e3o em solit\u00e1ria<\/h2>\n<p class=\"postParagraph_post-paragraph-innerHtml__Q5vwc\">O coment\u00e1rio de Danares vem \u00e0 luz da\u00a0divulga\u00e7\u00e3o de um comunicado pelo governo dos Estados Unidos, confirmando que Martins n\u00e3o entrou no pa\u00eds no dia 30 de dezembro de 2022, como havia sido apontado em documentos usados pelo ministro Alexandre de Moraes, do STF, para justificar sua pris\u00e3o.<\/p>\n<p class=\"postParagraph_post-paragraph__juWZN\">Em um v\u00eddeo nas redes sociais, o deputado Eduardo Bolsonaro (PL-SP) se referiu ao ex-assessor de seu pai como uma das pessoas &#8220;mais perseguidas pelo ministro Alexandre de Moraes&#8221;.<\/p>\n<p class=\"postParagraph_post-paragraph__juWZN\">&#8220;Filipe Martins come\u00e7ou numa solit\u00e1ria, passou dias sem ver a luz do sol, sem ter direito a sair da cela. Ficou seis meses preso, enquanto Moraes oferecia a todo momento a possibilidade de uma dela\u00e7\u00e3o premiada, na tentativa de inventar algo para conectar Bolsonaro ao golpe da &#8216;Disney&#8217;. Filipe foi homem, segurou a onda, foi solto e hoje a verdade vem \u00e0 tona&#8221;, afirmou o deputado, acrescentando que o ex-assessor da Presid\u00eancia do Brasil \u00e9 &#8220;inocente&#8221;.<\/p>\n<p class=\"postParagraph_post-paragraph__juWZN\">Cerca de um m\u00eas atr\u00e1s, o conselheiro de Trump Jason Miller reagiu a uma declara\u00e7\u00e3o de Moraes dizendo que os Estados Unidos &#8220;n\u00e3o negociam com terroristas&#8221;. A resposta surgiu depois que o ministro afirmou que a &#8220;soberania [do Brasil] jamais ser\u00e1 negociada&#8221;.<\/p>\n<p class=\"postParagraph_post-paragraph-innerHtml__Q5vwc\">A defesa do ex-assessor de Assuntos Internacionais do governo Bolsonaro, Filipe Martins, apresentou as\u00a0alega\u00e7\u00f5es finais ao STF\u00a0no final de semana, pedindo a anula\u00e7\u00e3o do processo aberto contra ele por sua suposta participa\u00e7\u00e3o em um plano de golpe de Estado e pela alegada tentativa de fuga do Brasil ap\u00f3s as elei\u00e7\u00f5es de 2022.<\/p>\n<\/div>\n<p><br \/>\n<br \/>Fonte: <a href=\"https:\/\/www.gazetadopovo.com.br\/republica\/damares-cobra-respostas-sobre-prisao-de-filipe-martins-foi-torturado-humilhado\/\">Revista Oeste<\/a><\/p>\n","protected":false},"excerpt":{"rendered":"<p>A senadora Damares Alves (Republicanos-DF) cobrou nesta segunda-feira, em discurso na tribuna, respostas sobre o esc\u00e2ndalo envolvendo as informa\u00e7\u00f5es da pris\u00e3o do ex-assessor do governo Bolsonaro, Filipe Martins. Em especial, respostas sobre os novos desdobramentos do caso, que podem indicar atua\u00e7\u00e3o suspeita do ministro Alexandre de Moraes. \u201cFilipe Martins foi preso, foi torturado. Filipe Martins [&hellip;]<\/p>\n","protected":false},"author":5,"featured_media":49107,"comment_status":"open","ping_status":"open","sticky":false,"template":"","format":"standard","meta":{"_seopress_robots_primary_cat":"","_seopress_titles_title":"","_seopress_titles_desc":"","_seopress_robots_index":"","footnotes":""},"categories":[1],"tags":[],"class_list":["post-49106","post","type-post","status-publish","format-standard","has-post-thumbnail","hentry","category-ultimas-noticias"],"_links":{"self":[{"href":"https:\/\/mussicom.com\/noticias\/wp-json\/wp\/v2\/posts\/49106","targetHints":{"allow":["GET"]}}],"collection":[{"href":"https:\/\/mussicom.com\/noticias\/wp-json\/wp\/v2\/posts"}],"about":[{"href":"https:\/\/mussicom.com\/noticias\/wp-json\/wp\/v2\/types\/post"}],"author":[{"embeddable":true,"href":"https:\/\/mussicom.com\/noticias\/wp-json\/wp\/v2\/users\/5"}],"replies":[{"embeddable":true,"href":"https:\/\/mussicom.com\/noticias\/wp-json\/wp\/v2\/comments?post=49106"}],"version-history":[{"count":0,"href":"https:\/\/mussicom.com\/noticias\/wp-json\/wp\/v2\/posts\/49106\/revisions"}],"wp:featuredmedia":[{"embeddable":true,"href":"https:\/\/mussicom.com\/noticias\/wp-json\/wp\/v2\/media\/49107"}],"wp:attachment":[{"href":"https:\/\/mussicom.com\/noticias\/wp-json\/wp\/v2\/media?parent=49106"}],"wp:term":[{"taxonomy":"category","embeddable":true,"href":"https:\/\/mussicom.com\/noticias\/wp-json\/wp\/v2\/categories?post=49106"},{"taxonomy":"post_tag","embeddable":true,"href":"https:\/\/mussicom.com\/noticias\/wp-json\/wp\/v2\/tags?post=49106"}],"curies":[{"name":"wp","href":"https:\/\/api.w.org\/{rel}","templated":true}]}}